{"id":4395,"date":"2014-11-17T00:07:31","date_gmt":"2014-11-17T03:07:31","guid":{"rendered":"http:\/\/cronicasyversiones.com\/?p=4395"},"modified":"2014-11-16T21:10:54","modified_gmt":"2014-11-17T00:10:54","slug":"los-dioses-del-agua-de-pablo-cesar-viajan-a-la-india","status":"publish","type":"post","link":"http:\/\/cronicasyversiones.com\/?p=4395","title":{"rendered":"\u00abLos dioses del agua\u00bb, de Pablo C\u00e9sar, viajan a la India"},"content":{"rendered":"<div style=\"padding-bottom:20px; padding-top:10px;\" class=\"hupso-share-buttons\"><!-- Hupso Share Buttons - https:\/\/www.hupso.com\/share\/ --><a class=\"hupso_counters\" href=\"https:\/\/www.hupso.com\/share\/\"><img decoding=\"async\" src=\"http:\/\/static.hupso.com\/share\/buttons\/lang\/es\/share-small.png\" style=\"border:0px; padding-top:2px; float:left;\" alt=\"Share Button\"\/><\/a><script type=\"text\/javascript\">var hupso_services_c=new Array(\"twitter\",\"facebook_like\",\"google\");var hupso_counters_lang = \"es_LA\";var hupso_image_folder_url = \"\";var hupso_twitter_via=\"crsyvrs\";var hupso_url_c=\"\";<\/script><script type=\"text\/javascript\" src=\"http:\/\/static.hupso.com\/share\/js\/counters.js\"><\/script><!-- Hupso Share Buttons --><\/div><h2 style=\"text-align: justify;\">La nueva pel\u00edcula del director, que tendr\u00e1 su premiere mundial en el Festival Internacional de Cine del pa\u00eds asi\u00e1tico, fue rodada en Argentina, Angola y Etiop\u00eda.<\/h2>\n<p><a href=\"http:\/\/cronicasyversiones.com\/wp-content\/uploads\/2014\/11\/Pablo-Cesar.jpg\"><img loading=\"lazy\" decoding=\"async\" class=\" wp-image-4396 aligncenter\" src=\"http:\/\/cronicasyversiones.com\/wp-content\/uploads\/2014\/11\/Pablo-Cesar.jpg\" alt=\"Pablo Cesar\" width=\"669\" height=\"445\" srcset=\"http:\/\/cronicasyversiones.com\/wp-content\/uploads\/2014\/11\/Pablo-Cesar.jpg 510w, http:\/\/cronicasyversiones.com\/wp-content\/uploads\/2014\/11\/Pablo-Cesar-300x199.jpg 300w\" sizes=\"auto, (max-width: 669px) 100vw, 669px\" \/><\/a><\/p>\n<p><em><strong>\u00abLos dioses del agua\u00bb<\/strong><\/em>, del director <strong>Pablo C\u00e9sar<\/strong>, tendr\u00e1 su premiere mundial en el <strong>Festival Internacional de Cine de India,<\/strong> que se desarrollar\u00e1 del 20 al 30 de noviembre en la ciudad de Goa.<\/p>\n<p>Primera coproducci\u00f3n entre <strong>Argentina, Angola y Etiop\u00eda<\/strong>, el noveno largometraje de C\u00e9sar, fue rodado en diferentes locaciones de Argentina, Lunda Norte y Malanje, en Angola, especialmente en la zona de las Cataratas de Kalandula y en las Piedras Negras de Pungo Andogo, y en Addis Abeba, Axum y Lalibela, en Etiop\u00eda, en <strong>antiguos monasterios coptos<\/strong> y en una zona de obeliscos milenarios.<\/p>\n<p>La pel\u00edcula, que est\u00e1 protagonizada por <strong>Juan Palomino<\/strong> y <strong>Charo Bogar\u00edn <\/strong>(cantante del grupo Tonolec), sigue los pasos de Hermes (Palomino), quien durante 20 a\u00f1os se dedic\u00f3 a la investigaci\u00f3n de antiguas culturas y a la comparaci\u00f3n de sus respectivas cosmogon\u00edas y que luego de conocer a un joven angole\u00f1o decide trasladarse al Africa a estudiar culturas originarias, en lo que se constituye un viaje inici\u00e1tico.<\/p>\n<p>El elenco lo completan <strong>Boy Olmi,<\/strong> On\u00e9simo De Carvalho, Jovania Da Costa y Sidney Profeta, mientras que cuenta con gui\u00f3n de Pablo C\u00e9sar y Liliana Nadal, m\u00fasica de Hyperborei y direcci\u00f3n de fotograf\u00ed\u00ada de Carlos Ferro.<\/p>\n<p>El film con \u00e9l que gan\u00f3 popularidad el realizador fue<em><strong> \u201cFuego Gris\u201d<\/strong><\/em>, protagonizado por Mar\u00eda Victoria D&#8217;Antonio junto a Cristina Banegas, Arturo Bon\u00edn, Leonardo Sbaraglia, Alejo Garc\u00eda Pintos y Eleonora Wexler. Adem\u00e1s, <a href=\"http:\/\/cronicasyversiones.com\/?p=4147\" target=\"_blank\"><strong>Luis Alberto Spinetta<\/strong><\/a> tambi\u00e9n compuso la m\u00fasica incidental y la banda sonora, luego editada en un \u00e1lbum hom\u00f3nimo.<\/p>\n<p><object width=\"420\" height=\"315\"><param name=\"movie\" value=\"\/\/www.youtube.com\/v\/vrUjysu4n3U?hl=es_MX&amp;version=3\" \/><param name=\"allowFullScreen\" value=\"true\" \/><param name=\"allowscriptaccess\" value=\"always\" \/><embed src=\"\/\/www.youtube.com\/v\/vrUjysu4n3U?hl=es_MX&amp;version=3\" type=\"application\/x-shockwave-flash\" width=\"420\" height=\"315\" allowscriptaccess=\"always\" allowfullscreen=\"allowfullscreen\" \/><\/object><\/p>\n<div style=\"padding-bottom:20px; padding-top:10px;\" class=\"hupso-share-buttons\"><!-- Hupso Share Buttons - https:\/\/www.hupso.com\/share\/ --><a class=\"hupso_counters\" href=\"https:\/\/www.hupso.com\/share\/\"><img decoding=\"async\" src=\"http:\/\/static.hupso.com\/share\/buttons\/lang\/es\/share-small.png\" style=\"border:0px; padding-top:2px; float:left;\" alt=\"Share Button\"\/><\/a><script type=\"text\/javascript\">var hupso_services_c=new Array(\"twitter\",\"facebook_like\",\"google\");var hupso_counters_lang = \"es_LA\";var hupso_image_folder_url = \"\";var hupso_twitter_via=\"crsyvrs\";var hupso_url_c=\"\";<\/script><script type=\"text\/javascript\" src=\"http:\/\/static.hupso.com\/share\/js\/counters.js\"><\/script><!-- Hupso Share Buttons --><\/div> ","protected":false},"excerpt":{"rendered":"<div style=\"padding-bottom:20px; padding-top:10px;\" class=\"hupso-share-buttons\"><!-- Hupso Share Buttons - https:\/\/www.hupso.com\/share\/ --><a class=\"hupso_counters\" href=\"https:\/\/www.hupso.com\/share\/\"><img src=\"http:\/\/static.hupso.com\/share\/buttons\/lang\/es\/share-small.png\" style=\"border:0px; padding-top:2px; float:left;\" alt=\"Share Button\"\/><\/a><script type=\"text\/javascript\">var hupso_services_c=new Array(\"twitter\",\"facebook_like\",\"google\");var hupso_counters_lang = \"es_LA\";var hupso_image_folder_url = \"\";var hupso_twitter_via=\"crsyvrs\";var hupso_url_c=\"\";<\/script><script type=\"text\/javascript\" src=\"http:\/\/static.hupso.com\/share\/js\/counters.js\"><\/script><!-- Hupso Share Buttons --><\/div><p>La nueva pel\u00edcula del director, que tendr\u00e1 su premiere mundial en el Festival Internacional de Cine del pa\u00eds asi\u00e1tico, fue rodada en Argentina, Angola y Etiop\u00eda. \u00abLos dioses del agua\u00bb, del director Pablo C\u00e9sar, tendr\u00e1 su premiere mundial en&#46;&#46;&#46;<\/p>\n<div style=\"padding-bottom:20px; padding-top:10px;\" class=\"hupso-share-buttons\"><!-- Hupso Share Buttons - https:\/\/www.hupso.com\/share\/ --><a class=\"hupso_counters\" href=\"https:\/\/www.hupso.com\/share\/\"><img src=\"http:\/\/static.hupso.com\/share\/buttons\/lang\/es\/share-small.png\" style=\"border:0px; padding-top:2px; float:left;\" alt=\"Share Button\"\/><\/a><script type=\"text\/javascript\">var hupso_services_c=new Array(\"twitter\",\"facebook_like\",\"google\");var hupso_counters_lang = \"es_LA\";var hupso_image_folder_url = \"\";var hupso_twitter_via=\"crsyvrs\";var hupso_url_c=\"\";<\/script><script type=\"text\/javascript\" src=\"http:\/\/static.hupso.com\/share\/js\/counters.js\"><\/script><!-- Hupso Share Buttons --><\/div>","protected":false},"author":5,"featured_media":0,"comment_status":"open","ping_status":"open","sticky":false,"template":"","format":"standard","meta":{"footnotes":""},"categories":[4],"tags":[3338,1753,2575,2792,3337,47,1754,3339],"class_list":["post-4395","post","type-post","status-publish","format-standard","hentry","category-cine","tag-charo-bogarin","tag-fuego-gris","tag-juan-palomino","tag-leonardo-sbaraglia","tag-los-dioses-del-agua","tag-luis-alberto-spinetta","tag-pablo-cesar","tag-tonolec"],"_links":{"self":[{"href":"http:\/\/cronicasyversiones.com\/index.php?rest_route=\/wp\/v2\/posts\/4395","targetHints":{"allow":["GET"]}}],"collection":[{"href":"http:\/\/cronicasyversiones.com\/index.php?rest_route=\/wp\/v2\/posts"}],"about":[{"href":"http:\/\/cronicasyversiones.com\/index.php?rest_route=\/wp\/v2\/types\/post"}],"author":[{"embeddable":true,"href":"http:\/\/cronicasyversiones.com\/index.php?rest_route=\/wp\/v2\/users\/5"}],"replies":[{"embeddable":true,"href":"http:\/\/cronicasyversiones.com\/index.php?rest_route=%2Fwp%2Fv2%2Fcomments&post=4395"}],"version-history":[{"count":0,"href":"http:\/\/cronicasyversiones.com\/index.php?rest_route=\/wp\/v2\/posts\/4395\/revisions"}],"wp:attachment":[{"href":"http:\/\/cronicasyversiones.com\/index.php?rest_route=%2Fwp%2Fv2%2Fmedia&parent=4395"}],"wp:term":[{"taxonomy":"category","embeddable":true,"href":"http:\/\/cronicasyversiones.com\/index.php?rest_route=%2Fwp%2Fv2%2Fcategories&post=4395"},{"taxonomy":"post_tag","embeddable":true,"href":"http:\/\/cronicasyversiones.com\/index.php?rest_route=%2Fwp%2Fv2%2Ftags&post=4395"}],"curies":[{"name":"wp","href":"https:\/\/api.w.org\/{rel}","templated":true}]}}