{"id":4494,"date":"2014-11-22T17:01:41","date_gmt":"2014-11-22T20:01:41","guid":{"rendered":"http:\/\/cronicasyversiones.com\/?p=4494"},"modified":"2014-11-22T17:01:41","modified_gmt":"2014-11-22T20:01:41","slug":"instantaneas-sobre-migracion-y-genero-en-el-palais-de-glace","status":"publish","type":"post","link":"http:\/\/cronicasyversiones.com\/?p=4494","title":{"rendered":"Instant\u00e1neas sobre migraci\u00f3n y g\u00e9nero, en el Palais de Glace"},"content":{"rendered":"<div style=\"padding-bottom:20px; padding-top:10px;\" class=\"hupso-share-buttons\"><!-- Hupso Share Buttons - https:\/\/www.hupso.com\/share\/ --><a class=\"hupso_counters\" href=\"https:\/\/www.hupso.com\/share\/\"><img decoding=\"async\" src=\"http:\/\/static.hupso.com\/share\/buttons\/lang\/es\/share-small.png\" style=\"border:0px; padding-top:2px; float:left;\" alt=\"Share Button\"\/><\/a><script type=\"text\/javascript\">var hupso_services_c=new Array(\"twitter\",\"facebook_like\",\"google\");var hupso_counters_lang = \"es_LA\";var hupso_image_folder_url = \"\";var hupso_twitter_via=\"crsyvrs\";var hupso_url_c=\"\";<\/script><script type=\"text\/javascript\" src=\"http:\/\/static.hupso.com\/share\/js\/counters.js\"><\/script><!-- Hupso Share Buttons --><\/div><h2 style=\"text-align: justify;\">La muestra fotogr\u00e1fica re\u00fane ensayos fotogr\u00e1ficos que promueven los derechos culturales de los migrantes iberoamericanos y la diversidad cultural en la tem\u00e1tica de g\u00e9nero.<\/h2>\n<p><a href=\"http:\/\/cronicasyversiones.com\/wp-content\/uploads\/2014\/11\/Miradas.jpg\"><img loading=\"lazy\" decoding=\"async\" class=\"wp-image-4495 aligncenter\" src=\"http:\/\/cronicasyversiones.com\/wp-content\/uploads\/2014\/11\/Miradas.jpg\" alt=\"Calon - Bahia - Brasil. Fotografia de M\u00e1rco Lima. Foto 2\" width=\"774\" height=\"585\" srcset=\"http:\/\/cronicasyversiones.com\/wp-content\/uploads\/2014\/11\/Miradas.jpg 820w, http:\/\/cronicasyversiones.com\/wp-content\/uploads\/2014\/11\/Miradas-300x226.jpg 300w, http:\/\/cronicasyversiones.com\/wp-content\/uploads\/2014\/11\/Miradas-624x471.jpg 624w\" sizes=\"auto, (max-width: 774px) 100vw, 774px\" \/><\/a><\/p>\n<p>La muestra fotogr\u00e1fica <em><strong>\u00abMiradas de Iberoam\u00e9rica. G\u00e9nero y Migraci\u00f3n\u00bb<\/strong><\/em>, que re\u00fane ensayos fotogr\u00e1ficos que promueven los derechos culturales de los <strong>migrantes iberoamericanos<\/strong> y la diversidad cultural con un especial acento en la<strong> tem\u00e1tica de g\u00e9nero.\u00a0<\/strong><\/p>\n<p>Esta esposici\u00f3n se podr\u00e1 ver hasta el 8 de diciembre, con <strong>entrada gratuita<\/strong>, en el porte\u00f1o<strong> Palais de Glace,<\/strong> ubicado en Posadas 1725.<\/p>\n<p>Las fotograf\u00edas expuestas son las seleccionados de un concurso convocado por el programa <strong>Iber-Rutas<\/strong>, la Organizaci\u00f3n de Estados Iberoamericanos para la Educaci\u00f3n, la Ciencia y la Cultura (OEI) y la Secretar\u00eda General Iberoamericana que tiene como la intenci\u00f3n de <strong>\u00abimpulsar la fotograf\u00eda como instrumento de cambio social\u00bb.<\/strong><\/p>\n<p>El <strong>Programa Iber-Rutas,<\/strong> integrados por diez pa\u00edses iberomericanos, funciona en el Ministerio de Cultura de la Naci\u00f3n y busca contribuir a \u00abla promoci\u00f3n de la diversidad cultural en Iberoam\u00e9rica conformando un espacio com\u00fan para la protecci\u00f3n de los derechos de los migrantes desde una perspectiva intercultural\u00bb.<\/p>\n<div style=\"padding-bottom:20px; padding-top:10px;\" class=\"hupso-share-buttons\"><!-- Hupso Share Buttons - https:\/\/www.hupso.com\/share\/ --><a class=\"hupso_counters\" href=\"https:\/\/www.hupso.com\/share\/\"><img decoding=\"async\" src=\"http:\/\/static.hupso.com\/share\/buttons\/lang\/es\/share-small.png\" style=\"border:0px; padding-top:2px; float:left;\" alt=\"Share Button\"\/><\/a><script type=\"text\/javascript\">var hupso_services_c=new Array(\"twitter\",\"facebook_like\",\"google\");var hupso_counters_lang = \"es_LA\";var hupso_image_folder_url = \"\";var hupso_twitter_via=\"crsyvrs\";var hupso_url_c=\"\";<\/script><script type=\"text\/javascript\" src=\"http:\/\/static.hupso.com\/share\/js\/counters.js\"><\/script><!-- Hupso Share Buttons --><\/div> ","protected":false},"excerpt":{"rendered":"<div style=\"padding-bottom:20px; padding-top:10px;\" class=\"hupso-share-buttons\"><!-- Hupso Share Buttons - https:\/\/www.hupso.com\/share\/ --><a class=\"hupso_counters\" href=\"https:\/\/www.hupso.com\/share\/\"><img src=\"http:\/\/static.hupso.com\/share\/buttons\/lang\/es\/share-small.png\" style=\"border:0px; padding-top:2px; float:left;\" alt=\"Share Button\"\/><\/a><script type=\"text\/javascript\">var hupso_services_c=new Array(\"twitter\",\"facebook_like\",\"google\");var hupso_counters_lang = \"es_LA\";var hupso_image_folder_url = \"\";var hupso_twitter_via=\"crsyvrs\";var hupso_url_c=\"\";<\/script><script type=\"text\/javascript\" src=\"http:\/\/static.hupso.com\/share\/js\/counters.js\"><\/script><!-- Hupso Share Buttons --><\/div><p>La muestra fotogr\u00e1fica re\u00fane ensayos fotogr\u00e1ficos que promueven los derechos culturales de los migrantes iberoamericanos y la diversidad cultural en la tem\u00e1tica de g\u00e9nero. La muestra fotogr\u00e1fica \u00abMiradas de Iberoam\u00e9rica. G\u00e9nero y Migraci\u00f3n\u00bb, que re\u00fane ensayos fotogr\u00e1ficos que promueven&#46;&#46;&#46;<\/p>\n<div style=\"padding-bottom:20px; padding-top:10px;\" class=\"hupso-share-buttons\"><!-- Hupso Share Buttons - https:\/\/www.hupso.com\/share\/ --><a class=\"hupso_counters\" href=\"https:\/\/www.hupso.com\/share\/\"><img src=\"http:\/\/static.hupso.com\/share\/buttons\/lang\/es\/share-small.png\" style=\"border:0px; padding-top:2px; float:left;\" alt=\"Share Button\"\/><\/a><script type=\"text\/javascript\">var hupso_services_c=new Array(\"twitter\",\"facebook_like\",\"google\");var hupso_counters_lang = \"es_LA\";var hupso_image_folder_url = \"\";var hupso_twitter_via=\"crsyvrs\";var hupso_url_c=\"\";<\/script><script type=\"text\/javascript\" src=\"http:\/\/static.hupso.com\/share\/js\/counters.js\"><\/script><!-- Hupso Share Buttons --><\/div>","protected":false},"author":5,"featured_media":0,"comment_status":"open","ping_status":"open","sticky":false,"template":"","format":"standard","meta":{"footnotes":""},"categories":[8],"tags":[3389,2607],"class_list":["post-4494","post","type-post","status-publish","format-standard","hentry","category-artes-plasticas","tag-miradas-de-iberoamerica-genero-y-migracion","tag-palais-de-glace"],"_links":{"self":[{"href":"http:\/\/cronicasyversiones.com\/index.php?rest_route=\/wp\/v2\/posts\/4494","targetHints":{"allow":["GET"]}}],"collection":[{"href":"http:\/\/cronicasyversiones.com\/index.php?rest_route=\/wp\/v2\/posts"}],"about":[{"href":"http:\/\/cronicasyversiones.com\/index.php?rest_route=\/wp\/v2\/types\/post"}],"author":[{"embeddable":true,"href":"http:\/\/cronicasyversiones.com\/index.php?rest_route=\/wp\/v2\/users\/5"}],"replies":[{"embeddable":true,"href":"http:\/\/cronicasyversiones.com\/index.php?rest_route=%2Fwp%2Fv2%2Fcomments&post=4494"}],"version-history":[{"count":0,"href":"http:\/\/cronicasyversiones.com\/index.php?rest_route=\/wp\/v2\/posts\/4494\/revisions"}],"wp:attachment":[{"href":"http:\/\/cronicasyversiones.com\/index.php?rest_route=%2Fwp%2Fv2%2Fmedia&parent=4494"}],"wp:term":[{"taxonomy":"category","embeddable":true,"href":"http:\/\/cronicasyversiones.com\/index.php?rest_route=%2Fwp%2Fv2%2Fcategories&post=4494"},{"taxonomy":"post_tag","embeddable":true,"href":"http:\/\/cronicasyversiones.com\/index.php?rest_route=%2Fwp%2Fv2%2Ftags&post=4494"}],"curies":[{"name":"wp","href":"https:\/\/api.w.org\/{rel}","templated":true}]}}