{"id":4544,"date":"2014-11-27T09:30:54","date_gmt":"2014-11-27T12:30:54","guid":{"rendered":"http:\/\/cronicasyversiones.com\/?p=4544"},"modified":"2014-11-27T09:30:54","modified_gmt":"2014-11-27T12:30:54","slug":"la-vida-de-kurt-cobain-en-un-documental","status":"publish","type":"post","link":"http:\/\/cronicasyversiones.com\/?p=4544","title":{"rendered":"La vida de Kurt Cobain, en un documental"},"content":{"rendered":"<div style=\"padding-bottom:20px; padding-top:10px;\" class=\"hupso-share-buttons\"><!-- Hupso Share Buttons - https:\/\/www.hupso.com\/share\/ --><a class=\"hupso_counters\" href=\"https:\/\/www.hupso.com\/share\/\"><img decoding=\"async\" src=\"http:\/\/static.hupso.com\/share\/buttons\/lang\/es\/share-small.png\" style=\"border:0px; padding-top:2px; float:left;\" alt=\"Share Button\"\/><\/a><script type=\"text\/javascript\">var hupso_services_c=new Array(\"twitter\",\"facebook_like\",\"google\");var hupso_counters_lang = \"es_LA\";var hupso_image_folder_url = \"\";var hupso_twitter_via=\"crsyvrs\";var hupso_url_c=\"\";<\/script><script type=\"text\/javascript\" src=\"http:\/\/static.hupso.com\/share\/js\/counters.js\"><\/script><!-- Hupso Share Buttons --><\/div><h2 style=\"text-align: justify;\">El film fue que fue realizado con la colaboraci\u00f3n del fallecido l\u00edder de Nirvana y se centrar\u00e1 en la vida del m\u00fasico trav\u00e9s de pel\u00edculas caseras, diarios y canciones in\u00e9ditas.<\/h2>\n<p><a href=\"http:\/\/cronicasyversiones.com\/wp-content\/uploads\/2014\/11\/Kurt.jpeg\"><img loading=\"lazy\" decoding=\"async\" class=\"wp-image-4545 aligncenter\" src=\"http:\/\/cronicasyversiones.com\/wp-content\/uploads\/2014\/11\/Kurt.jpeg\" alt=\"Kurt\" width=\"763\" height=\"514\" srcset=\"http:\/\/cronicasyversiones.com\/wp-content\/uploads\/2014\/11\/Kurt.jpeg 500w, http:\/\/cronicasyversiones.com\/wp-content\/uploads\/2014\/11\/Kurt-300x202.jpeg 300w\" sizes=\"auto, (max-width: 763px) 100vw, 763px\" \/><\/a><\/p>\n<p style=\"text-align: justify;\">El primer documental sobre de <strong>Kurt Cobain<\/strong>, que fue realizado con la colaboraci\u00f3n del fallecido l\u00edder de <strong>Nirvana,<\/strong> irrumpir\u00e1 en pantalla en 2015, seg\u00fan aseguraron desde la cadena <strong>HBO<\/strong>.<\/p>\n<p style=\"text-align: justify;\">Las im\u00e1genes de <em><strong>\u201cKurt Cobain: Montage of Heck\u201d<\/strong> <\/em>estar\u00e1n bajo la lente de<strong> Brett Morgen,<\/strong> el cineasta nominado al Oscar por el documental sobre boxeo <em><strong>\u201cOn the Ropes\u201d<\/strong><\/em>, y se centrar\u00e1 en la vida del m\u00fasico trav\u00e9s de pel\u00edculas caseras, diarios y canciones in\u00e9ditas.<\/p>\n<p style=\"text-align: justify;\">El documental tambi\u00e9n contar\u00e1 con la producci\u00f3n de Universal Pictures International Entertainment Content Group y adem\u00e1s la hija del cantante, <strong>Frances Bean Cobain<\/strong>, ser\u00e1 una de las productoras ejecutivas.<\/p>\n<p style=\"text-align: justify;\">Por su parte, hace uno meses, <a href=\"http:\/\/cronicasyversiones.com\/?s=cobain\" target=\"_blank\"><strong>Courtney Love, la viuda de Kurt Cobain,<\/strong><\/a> asegur\u00f3 que est\u00e1 planenado llevar la vida del ex l\u00edder de Nirvana al cine y que cuenta con una lista de nuevos Brad Pitt, para que surja de all\u00ed el protagonista del film biogr\u00e1fico.<\/p>\n<p style=\"text-align: justify;\">Kurt Cobain, quiz\u00e1 sin pretenderlo, fue el h\u00e9roe y l\u00edder musical de los \u00b490 y de la denominada<strong> Generaci\u00f3n X<\/strong>. Con Nirvana se puso al frente del vanguardista grunge y sentaron las bases del movimiento con <em><strong>\u201cNevermind\u201d<\/strong><\/em>, la obra cumbre de la banda y con la que se pate\u00f3, una vez m\u00e1s, el tablero del rock.<\/p>\n<p style=\"text-align: justify;\">El h\u00e9roe musical de los \u201990 falleci\u00f3 el 5 de abril de 1994 con tan s\u00f3lo 27 a\u00f1os y es uno de los integrantes del<strong> \u201cClub de los 27\u201d,<\/strong> el que tambi\u00e9n integran <strong>Robert Johnson, Brian Jones, Jimi Hendrix, Jim Morrison, Janis Joplin y Amy Winehouse.<\/strong><\/p>\n<div style=\"padding-bottom:20px; padding-top:10px;\" class=\"hupso-share-buttons\"><!-- Hupso Share Buttons - https:\/\/www.hupso.com\/share\/ --><a class=\"hupso_counters\" href=\"https:\/\/www.hupso.com\/share\/\"><img decoding=\"async\" src=\"http:\/\/static.hupso.com\/share\/buttons\/lang\/es\/share-small.png\" style=\"border:0px; padding-top:2px; float:left;\" alt=\"Share Button\"\/><\/a><script type=\"text\/javascript\">var hupso_services_c=new Array(\"twitter\",\"facebook_like\",\"google\");var hupso_counters_lang = \"es_LA\";var hupso_image_folder_url = \"\";var hupso_twitter_via=\"crsyvrs\";var hupso_url_c=\"\";<\/script><script type=\"text\/javascript\" src=\"http:\/\/static.hupso.com\/share\/js\/counters.js\"><\/script><!-- Hupso Share Buttons --><\/div> ","protected":false},"excerpt":{"rendered":"<div style=\"padding-bottom:20px; padding-top:10px;\" class=\"hupso-share-buttons\"><!-- Hupso Share Buttons - https:\/\/www.hupso.com\/share\/ --><a class=\"hupso_counters\" href=\"https:\/\/www.hupso.com\/share\/\"><img src=\"http:\/\/static.hupso.com\/share\/buttons\/lang\/es\/share-small.png\" style=\"border:0px; padding-top:2px; float:left;\" alt=\"Share Button\"\/><\/a><script type=\"text\/javascript\">var hupso_services_c=new Array(\"twitter\",\"facebook_like\",\"google\");var hupso_counters_lang = \"es_LA\";var hupso_image_folder_url = \"\";var hupso_twitter_via=\"crsyvrs\";var hupso_url_c=\"\";<\/script><script type=\"text\/javascript\" src=\"http:\/\/static.hupso.com\/share\/js\/counters.js\"><\/script><!-- Hupso Share Buttons --><\/div><p>El film fue que fue realizado con la colaboraci\u00f3n del fallecido l\u00edder de Nirvana y se centrar\u00e1 en la vida del m\u00fasico trav\u00e9s de pel\u00edculas caseras, diarios y canciones in\u00e9ditas. El primer documental sobre de Kurt Cobain, que fue&#46;&#46;&#46;<\/p>\n<div style=\"padding-bottom:20px; padding-top:10px;\" class=\"hupso-share-buttons\"><!-- Hupso Share Buttons - https:\/\/www.hupso.com\/share\/ --><a class=\"hupso_counters\" href=\"https:\/\/www.hupso.com\/share\/\"><img src=\"http:\/\/static.hupso.com\/share\/buttons\/lang\/es\/share-small.png\" style=\"border:0px; padding-top:2px; float:left;\" alt=\"Share Button\"\/><\/a><script type=\"text\/javascript\">var hupso_services_c=new Array(\"twitter\",\"facebook_like\",\"google\");var hupso_counters_lang = \"es_LA\";var hupso_image_folder_url = \"\";var hupso_twitter_via=\"crsyvrs\";var hupso_url_c=\"\";<\/script><script type=\"text\/javascript\" src=\"http:\/\/static.hupso.com\/share\/js\/counters.js\"><\/script><!-- Hupso Share Buttons --><\/div>","protected":false},"author":5,"featured_media":0,"comment_status":"open","ping_status":"open","sticky":false,"template":"","format":"standard","meta":{"footnotes":""},"categories":[3],"tags":[2580,1234,2264,3424,3425,1003,2582,131,2137,1084,3423],"class_list":["post-4544","post","type-post","status-publish","format-standard","hentry","category-musica","tag-amy-winehouse","tag-club-de-los-27","tag-courtney-love","tag-frances-bean-cobain","tag-generacion-x","tag-hbo","tag-janis-joplin","tag-jim-morrison","tag-jimi-hendrix","tag-kurt-cobain","tag-kurt-cobain-montage-of-heck"],"_links":{"self":[{"href":"http:\/\/cronicasyversiones.com\/index.php?rest_route=\/wp\/v2\/posts\/4544","targetHints":{"allow":["GET"]}}],"collection":[{"href":"http:\/\/cronicasyversiones.com\/index.php?rest_route=\/wp\/v2\/posts"}],"about":[{"href":"http:\/\/cronicasyversiones.com\/index.php?rest_route=\/wp\/v2\/types\/post"}],"author":[{"embeddable":true,"href":"http:\/\/cronicasyversiones.com\/index.php?rest_route=\/wp\/v2\/users\/5"}],"replies":[{"embeddable":true,"href":"http:\/\/cronicasyversiones.com\/index.php?rest_route=%2Fwp%2Fv2%2Fcomments&post=4544"}],"version-history":[{"count":0,"href":"http:\/\/cronicasyversiones.com\/index.php?rest_route=\/wp\/v2\/posts\/4544\/revisions"}],"wp:attachment":[{"href":"http:\/\/cronicasyversiones.com\/index.php?rest_route=%2Fwp%2Fv2%2Fmedia&parent=4544"}],"wp:term":[{"taxonomy":"category","embeddable":true,"href":"http:\/\/cronicasyversiones.com\/index.php?rest_route=%2Fwp%2Fv2%2Fcategories&post=4544"},{"taxonomy":"post_tag","embeddable":true,"href":"http:\/\/cronicasyversiones.com\/index.php?rest_route=%2Fwp%2Fv2%2Ftags&post=4544"}],"curies":[{"name":"wp","href":"https:\/\/api.w.org\/{rel}","templated":true}]}}