{"id":4965,"date":"2015-01-07T08:23:21","date_gmt":"2015-01-07T11:23:21","guid":{"rendered":"http:\/\/cronicasyversiones.com\/?p=4965"},"modified":"2015-01-07T12:04:45","modified_gmt":"2015-01-07T15:04:45","slug":"relatos-salvajes-entre-los-cuatro-finalistas-al-goya","status":"publish","type":"post","link":"http:\/\/cronicasyversiones.com\/?p=4965","title":{"rendered":"\u201cRelatos salvajes\u00bb, entre los cuatro finalistas al Goya"},"content":{"rendered":"<div style=\"padding-bottom:20px; padding-top:10px;\" class=\"hupso-share-buttons\"><!-- Hupso Share Buttons - https:\/\/www.hupso.com\/share\/ --><a class=\"hupso_counters\" href=\"https:\/\/www.hupso.com\/share\/\"><img decoding=\"async\" src=\"http:\/\/static.hupso.com\/share\/buttons\/lang\/es\/share-small.png\" style=\"border:0px; padding-top:2px; float:left;\" alt=\"Share Button\"\/><\/a><script type=\"text\/javascript\">var hupso_services_c=new Array(\"twitter\",\"facebook_like\",\"google\");var hupso_counters_lang = \"es_LA\";var hupso_image_folder_url = \"\";var hupso_twitter_via=\"crsyvrs\";var hupso_url_c=\"\";<\/script><script type=\"text\/javascript\" src=\"http:\/\/static.hupso.com\/share\/js\/counters.js\"><\/script><!-- Hupso Share Buttons --><\/div><h2 style=\"text-align: justify;\">El exitoso film de Dami\u00e1n Szifr\u00f3n competir\u00e1 por el premio a la mejor pel\u00edcula iberoamericana de 2014 junto con producciones de Cuba, Venezuela y Uruguay.<\/h2>\n<p><a href=\"http:\/\/cronicasyversiones.com\/wp-content\/uploads\/2015\/01\/Relatos.jpg\"><img loading=\"lazy\" decoding=\"async\" class=\"  wp-image-4966 aligncenter\" src=\"http:\/\/cronicasyversiones.com\/wp-content\/uploads\/2015\/01\/Relatos.jpg\" alt=\"Relatos\" width=\"780\" height=\"520\" srcset=\"http:\/\/cronicasyversiones.com\/wp-content\/uploads\/2015\/01\/Relatos.jpg 812w, http:\/\/cronicasyversiones.com\/wp-content\/uploads\/2015\/01\/Relatos-300x200.jpg 300w, http:\/\/cronicasyversiones.com\/wp-content\/uploads\/2015\/01\/Relatos-624x416.jpg 624w\" sizes=\"auto, (max-width: 780px) 100vw, 780px\" \/><\/a><\/p>\n<p><em><strong>\u201cRelatos salvajes\u201d,<\/strong><\/em> la exitosa pel\u00edcula de <strong>Dami\u00e1n Szifr\u00f3n,<\/strong> qued\u00f3 confirmada como uno de los cuatro films que aspirar\u00e1n a quedarse con el <strong>Goya a la mejor pel\u00edcula iberoamericana de 2014<\/strong>.<\/p>\n<p>El film coral protagonizado por <strong>Ricardo Dar\u00edn, Erica Rivas, Leonardo Sbaraglia, Rita Cortese, Dar\u00edo Grandinetti y Oscar Mart\u00ednez,<\/strong> entre otros, intentar\u00e1 quedarse con el premio que la Academia de Cine Espa\u00f1ol otorgar\u00e1 el 7 de febrero en Madrid con pel\u00edculas de <strong>Cuba, Venezuela y Uruguay.<\/strong><\/p>\n<p>La entidad espa\u00f1ola seleccion\u00f3 a \u201cRelatos&#8230;\u201d junto a<em><strong> \u201cKaplan\u201d<\/strong><\/em>, del uruguayo Alvaro Brechner, <em><strong>\u201cConducta\u201d<\/strong><\/em>, del cubano Ernesto Daranas, y <em><strong>\u00abLa distancia m\u00e1s larga\u00bb<\/strong><\/em>, del venezolano Claudia Pinto Emperador.<\/p>\n<p>En los <strong>Goya 2015,<\/strong> la pel\u00edcula tambi\u00e9n aspira a lauros en los rubros director y gui\u00f3n (Szifr\u00f3n), actor (Ricardo Dar\u00edn), m\u00fasica (Gustavo Santaolalla), direcci\u00f3n de producci\u00f3n (Esther Garc\u00eda), montaje (Pablo Barbieri, Dami\u00e1n Szifr\u00f3n) y maquillaje y peluquer\u00eda (Marisa Amenta, N\u00e9stor Burgos).<\/p>\n<p>Por su parte, la pel\u00edcula del mentor de la serie televisiva<em><strong> \u201cLos simuladores\u201d,<\/strong><\/em> que tuvo su premiere mundial en el \u00faltimo <strong>Festival de Cannes<\/strong>, da un nuevo paso internacional ya que en diciembre pasado logr\u00f3 quedar entre las nueve obras que pugnar\u00e1n por los cinco lugares definitivos en busca del <strong>Oscar a la mejor pel\u00edcula extranjera.<\/strong><\/p>\n<p>Adem\u00e1s,<em><strong> \u201cRelatos salvajes\u201d<\/strong><\/em> se convirti\u00f3 en la pel\u00edcula m\u00e1s taquillera de la historia del cine argentino y marcha a conseguir los<strong> 3.500.000 de espectadores.<\/strong><\/p>\n<h2 style=\"text-align: justify;\"><\/h2>\n<div style=\"padding-bottom:20px; padding-top:10px;\" class=\"hupso-share-buttons\"><!-- Hupso Share Buttons - https:\/\/www.hupso.com\/share\/ --><a class=\"hupso_counters\" href=\"https:\/\/www.hupso.com\/share\/\"><img decoding=\"async\" src=\"http:\/\/static.hupso.com\/share\/buttons\/lang\/es\/share-small.png\" style=\"border:0px; padding-top:2px; float:left;\" alt=\"Share Button\"\/><\/a><script type=\"text\/javascript\">var hupso_services_c=new Array(\"twitter\",\"facebook_like\",\"google\");var hupso_counters_lang = \"es_LA\";var hupso_image_folder_url = \"\";var hupso_twitter_via=\"crsyvrs\";var hupso_url_c=\"\";<\/script><script type=\"text\/javascript\" src=\"http:\/\/static.hupso.com\/share\/js\/counters.js\"><\/script><!-- Hupso Share Buttons --><\/div> ","protected":false},"excerpt":{"rendered":"<div style=\"padding-bottom:20px; padding-top:10px;\" class=\"hupso-share-buttons\"><!-- Hupso Share Buttons - https:\/\/www.hupso.com\/share\/ --><a class=\"hupso_counters\" href=\"https:\/\/www.hupso.com\/share\/\"><img src=\"http:\/\/static.hupso.com\/share\/buttons\/lang\/es\/share-small.png\" style=\"border:0px; padding-top:2px; float:left;\" alt=\"Share Button\"\/><\/a><script type=\"text\/javascript\">var hupso_services_c=new Array(\"twitter\",\"facebook_like\",\"google\");var hupso_counters_lang = \"es_LA\";var hupso_image_folder_url = \"\";var hupso_twitter_via=\"crsyvrs\";var hupso_url_c=\"\";<\/script><script type=\"text\/javascript\" src=\"http:\/\/static.hupso.com\/share\/js\/counters.js\"><\/script><!-- Hupso Share Buttons --><\/div><p>El exitoso film de Dami\u00e1n Szifr\u00f3n competir\u00e1 por el premio a la mejor pel\u00edcula iberoamericana de 2014 junto con producciones de Cuba, Venezuela y Uruguay. \u201cRelatos salvajes\u201d, la exitosa pel\u00edcula de Dami\u00e1n Szifr\u00f3n, qued\u00f3 confirmada como uno de los&#46;&#46;&#46;<\/p>\n<div style=\"padding-bottom:20px; padding-top:10px;\" class=\"hupso-share-buttons\"><!-- Hupso Share Buttons - https:\/\/www.hupso.com\/share\/ --><a class=\"hupso_counters\" href=\"https:\/\/www.hupso.com\/share\/\"><img src=\"http:\/\/static.hupso.com\/share\/buttons\/lang\/es\/share-small.png\" style=\"border:0px; padding-top:2px; float:left;\" alt=\"Share Button\"\/><\/a><script type=\"text\/javascript\">var hupso_services_c=new Array(\"twitter\",\"facebook_like\",\"google\");var hupso_counters_lang = \"es_LA\";var hupso_image_folder_url = \"\";var hupso_twitter_via=\"crsyvrs\";var hupso_url_c=\"\";<\/script><script type=\"text\/javascript\" src=\"http:\/\/static.hupso.com\/share\/js\/counters.js\"><\/script><!-- Hupso Share Buttons --><\/div>","protected":false},"author":5,"featured_media":0,"comment_status":"closed","ping_status":"closed","sticky":false,"template":"","format":"standard","meta":{"footnotes":""},"categories":[4],"tags":[1350,371,1349],"class_list":["post-4965","post","type-post","status-publish","format-standard","hentry","category-cine","tag-damian-szifron","tag-premios-goya","tag-relatos-salvajes"],"_links":{"self":[{"href":"http:\/\/cronicasyversiones.com\/index.php?rest_route=\/wp\/v2\/posts\/4965","targetHints":{"allow":["GET"]}}],"collection":[{"href":"http:\/\/cronicasyversiones.com\/index.php?rest_route=\/wp\/v2\/posts"}],"about":[{"href":"http:\/\/cronicasyversiones.com\/index.php?rest_route=\/wp\/v2\/types\/post"}],"author":[{"embeddable":true,"href":"http:\/\/cronicasyversiones.com\/index.php?rest_route=\/wp\/v2\/users\/5"}],"replies":[{"embeddable":true,"href":"http:\/\/cronicasyversiones.com\/index.php?rest_route=%2Fwp%2Fv2%2Fcomments&post=4965"}],"version-history":[{"count":0,"href":"http:\/\/cronicasyversiones.com\/index.php?rest_route=\/wp\/v2\/posts\/4965\/revisions"}],"wp:attachment":[{"href":"http:\/\/cronicasyversiones.com\/index.php?rest_route=%2Fwp%2Fv2%2Fmedia&parent=4965"}],"wp:term":[{"taxonomy":"category","embeddable":true,"href":"http:\/\/cronicasyversiones.com\/index.php?rest_route=%2Fwp%2Fv2%2Fcategories&post=4965"},{"taxonomy":"post_tag","embeddable":true,"href":"http:\/\/cronicasyversiones.com\/index.php?rest_route=%2Fwp%2Fv2%2Ftags&post=4965"}],"curies":[{"name":"wp","href":"https:\/\/api.w.org\/{rel}","templated":true}]}}