{"id":4986,"date":"2015-01-08T10:59:07","date_gmt":"2015-01-08T13:59:07","guid":{"rendered":"http:\/\/cronicasyversiones.com\/?p=4986"},"modified":"2015-01-08T11:01:57","modified_gmt":"2015-01-08T14:01:57","slug":"charlie-hebdo-homenajeado-por-los-ilustradores-del-mundo","status":"publish","type":"post","link":"http:\/\/cronicasyversiones.com\/?p=4986","title":{"rendered":"Charlie Hebdo, homenajeado por los ilustradores del mundo"},"content":{"rendered":"<div style=\"padding-bottom:20px; padding-top:10px;\" class=\"hupso-share-buttons\"><!-- Hupso Share Buttons - https:\/\/www.hupso.com\/share\/ --><a class=\"hupso_counters\" href=\"https:\/\/www.hupso.com\/share\/\"><img decoding=\"async\" src=\"http:\/\/static.hupso.com\/share\/buttons\/lang\/es\/share-small.png\" style=\"border:0px; padding-top:2px; float:left;\" alt=\"Share Button\"\/><\/a><script type=\"text\/javascript\">var hupso_services_c=new Array(\"twitter\",\"facebook_like\",\"google\");var hupso_counters_lang = \"es_LA\";var hupso_image_folder_url = \"\";var hupso_twitter_via=\"crsyvrs\";var hupso_url_c=\"\";<\/script><script type=\"text\/javascript\" src=\"http:\/\/static.hupso.com\/share\/js\/counters.js\"><\/script><!-- Hupso Share Buttons --><\/div><h2 style=\"text-align: justify;\">Humoristas gr\u00e1ficos y caricaturistas de distintos puntos del globo recordaron a sus colegas del semanario sat\u00edrico franc\u00e9s, que fueron asesinados en un atentado terrorista.<\/h2>\n<p><a href=\"http:\/\/cronicasyversiones.com\/wp-content\/uploads\/2015\/01\/Ann-Telnaes-Charlie-Hebdo_xoptimizadax-1453x900.jpg\"><img loading=\"lazy\" decoding=\"async\" class=\"  wp-image-4987 aligncenter\" src=\"http:\/\/cronicasyversiones.com\/wp-content\/uploads\/2015\/01\/Ann-Telnaes-Charlie-Hebdo_xoptimizadax-1453x900-1024x634.jpg\" alt=\"Ann-Telnaes-Charlie-Hebdo_xoptimizadax--1453x900\" width=\"787\" height=\"487\" srcset=\"http:\/\/cronicasyversiones.com\/wp-content\/uploads\/2015\/01\/Ann-Telnaes-Charlie-Hebdo_xoptimizadax-1453x900-1024x634.jpg 1024w, http:\/\/cronicasyversiones.com\/wp-content\/uploads\/2015\/01\/Ann-Telnaes-Charlie-Hebdo_xoptimizadax-1453x900-300x186.jpg 300w, http:\/\/cronicasyversiones.com\/wp-content\/uploads\/2015\/01\/Ann-Telnaes-Charlie-Hebdo_xoptimizadax-1453x900-624x387.jpg 624w, http:\/\/cronicasyversiones.com\/wp-content\/uploads\/2015\/01\/Ann-Telnaes-Charlie-Hebdo_xoptimizadax-1453x900.jpg 1453w\" sizes=\"auto, (max-width: 787px) 100vw, 787px\" \/><\/a><\/p>\n<p style=\"text-align: justify;\">Caricaturistas de distintos puntos del globo le rindieron un emotivo homenaje a sus colegas de <strong>Charlie Hebdo<\/strong>, leugo el atentado en la sede de la publicaci\u00f3n en <strong>Par\u00eds<\/strong> que se sald\u00f3 con doce muertos y que fue considerado uno de los mayores <strong>ataques de la historia a la libertad de expresi\u00f3n.<\/strong><\/p>\n<p style=\"text-align: justify;\">Las distintas creaciones muestran la tristeza y el repudio por el ataque perpetrado por varios individuos que mataron, entre otros, al director del semanario sat\u00edrico, <strong>St\u00e9phane Charbonnier<\/strong>, alias \u00abCharb\u00bb, y a tres destacados dibujantes, <strong>Cabu, Tignous y Wolinski.<\/strong><\/p>\n<p style=\"text-align: justify;\"><em><strong>\u00abEl 7 de enero deber\u00eda instaurarse como el d\u00eda mundial del dibujante\u00bb<\/strong><\/em>, asegura en twitter el ilustrador chileno <strong>Francisco J. Olea,<\/strong> cuyo homenaje gr\u00e1fico a Charlie Hebdo.<\/p>\n<p style=\"text-align: justify;\">La imagen de Olea ha sido una de las m\u00e1s difundidas en las redes sociales, con el lema <em><strong>\u00abJe suis Charlie Hebdo\u00bb<\/strong><\/em> (Yo soy Charlie Hebdo), al igual que la del australiano <strong>David Pope,<\/strong> que en The Canberra Times dibuj\u00f3 a un terrorista vestido de negro con un arma y un muerto a su lado mientras afirma:<em><strong> \u00ab\u00e9l dibuj\u00f3 primero\u00bb.<\/strong><\/em><\/p>\n<p style=\"text-align: justify;\">Por su parte, el dibujante argentino<strong> Bernardo Erlich<\/strong> ilustra, sobre un fondo negro, la frase \u00abse ha puesto tan serio el mundo que el humor es una profesi\u00f3n de riesgo\u00bb junto a un ejemplar de Charlie Hebdo ensangrentado.<\/p>\n<p style=\"text-align: justify;\">Mientras que el el holand\u00e9s <strong>Ruben L. Oppenheimer<\/strong> quiso destacar el paralelismo del atentado con los ataques del 11-S en Nueva York, con una vi\u00f1eta en la que un avi\u00f3n se acerca a dos grandes l\u00e1pices, que parecen las Torres Gemelas.<\/p>\n<p style=\"text-align: justify;\">El caricaturista brasile\u00f1o <strong>Carlos Latuff<\/strong> dibuj\u00f3 a dos terroristas disparando a la sede de Charlie Hebdo, que es atravesada por las balas que acaban por estallar en una mezquita situada detr\u00e1s, la \u00abotra v\u00edctima\u00bb del ataque, seg\u00fan sus palabras.<\/p>\n<p style=\"text-align: justify;\">Mientras que la humorista gr\u00e1fica del <strong>The Washington Post<\/strong> <strong>Ann Telnaes,<\/strong> ganadora del Pulitzer, dibujo a una mujer que lleva en una mano alzada un l\u00e1piz, en una imagen que recuerda ligeramente a la estatua de la libertad, mientras en la otra tiene un ejemplar de Charlie Hebdo en el que se besan un musulm\u00e1n y un dibujante del diario bajo el lema:<em><strong> \u00abel amor es m\u00e1s fuerte que el odio\u00bb.<\/strong><\/em><\/p>\n<p style=\"text-align: justify;\">El franc\u00e9s<strong> Patrick Chappatte<\/strong> publica en <strong>The International New York Times<\/strong> el dibujo de un hombre con una rosa en la mano junto a fotos y flores para los fallecidos junto a la frase: \u00absin humor todos estamos muertos\u00bb, mientras el caricaturista escribe: en memoria de mis colegas y amigos de Charlie Hebdo\u00bb.<\/p>\n<div style=\"padding-bottom:20px; padding-top:10px;\" class=\"hupso-share-buttons\"><!-- Hupso Share Buttons - https:\/\/www.hupso.com\/share\/ --><a class=\"hupso_counters\" href=\"https:\/\/www.hupso.com\/share\/\"><img decoding=\"async\" src=\"http:\/\/static.hupso.com\/share\/buttons\/lang\/es\/share-small.png\" style=\"border:0px; padding-top:2px; float:left;\" alt=\"Share Button\"\/><\/a><script type=\"text\/javascript\">var hupso_services_c=new Array(\"twitter\",\"facebook_like\",\"google\");var hupso_counters_lang = \"es_LA\";var hupso_image_folder_url = \"\";var hupso_twitter_via=\"crsyvrs\";var hupso_url_c=\"\";<\/script><script type=\"text\/javascript\" src=\"http:\/\/static.hupso.com\/share\/js\/counters.js\"><\/script><!-- Hupso Share Buttons --><\/div> ","protected":false},"excerpt":{"rendered":"<div style=\"padding-bottom:20px; padding-top:10px;\" class=\"hupso-share-buttons\"><!-- Hupso Share Buttons - https:\/\/www.hupso.com\/share\/ --><a class=\"hupso_counters\" href=\"https:\/\/www.hupso.com\/share\/\"><img src=\"http:\/\/static.hupso.com\/share\/buttons\/lang\/es\/share-small.png\" style=\"border:0px; padding-top:2px; float:left;\" alt=\"Share Button\"\/><\/a><script type=\"text\/javascript\">var hupso_services_c=new Array(\"twitter\",\"facebook_like\",\"google\");var hupso_counters_lang = \"es_LA\";var hupso_image_folder_url = \"\";var hupso_twitter_via=\"crsyvrs\";var hupso_url_c=\"\";<\/script><script type=\"text\/javascript\" src=\"http:\/\/static.hupso.com\/share\/js\/counters.js\"><\/script><!-- Hupso Share Buttons --><\/div><p>Humoristas gr\u00e1ficos y caricaturistas de distintos puntos del globo recordaron a sus colegas del semanario sat\u00edrico franc\u00e9s, que fueron asesinados en un atentado terrorista. Caricaturistas de distintos puntos del globo le rindieron un emotivo homenaje a sus colegas de&#46;&#46;&#46;<\/p>\n<div style=\"padding-bottom:20px; padding-top:10px;\" class=\"hupso-share-buttons\"><!-- Hupso Share Buttons - https:\/\/www.hupso.com\/share\/ --><a class=\"hupso_counters\" href=\"https:\/\/www.hupso.com\/share\/\"><img src=\"http:\/\/static.hupso.com\/share\/buttons\/lang\/es\/share-small.png\" style=\"border:0px; padding-top:2px; float:left;\" alt=\"Share Button\"\/><\/a><script type=\"text\/javascript\">var hupso_services_c=new Array(\"twitter\",\"facebook_like\",\"google\");var hupso_counters_lang = \"es_LA\";var hupso_image_folder_url = \"\";var hupso_twitter_via=\"crsyvrs\";var hupso_url_c=\"\";<\/script><script type=\"text\/javascript\" src=\"http:\/\/static.hupso.com\/share\/js\/counters.js\"><\/script><!-- Hupso Share Buttons --><\/div>","protected":false},"author":5,"featured_media":0,"comment_status":"closed","ping_status":"closed","sticky":false,"template":"","format":"standard","meta":{"footnotes":""},"categories":[8],"tags":[3634,105,55],"class_list":["post-4986","post","type-post","status-publish","format-standard","hentry","category-artes-plasticas","tag-charlie-hebdo","tag-francia","tag-paris"],"_links":{"self":[{"href":"http:\/\/cronicasyversiones.com\/index.php?rest_route=\/wp\/v2\/posts\/4986","targetHints":{"allow":["GET"]}}],"collection":[{"href":"http:\/\/cronicasyversiones.com\/index.php?rest_route=\/wp\/v2\/posts"}],"about":[{"href":"http:\/\/cronicasyversiones.com\/index.php?rest_route=\/wp\/v2\/types\/post"}],"author":[{"embeddable":true,"href":"http:\/\/cronicasyversiones.com\/index.php?rest_route=\/wp\/v2\/users\/5"}],"replies":[{"embeddable":true,"href":"http:\/\/cronicasyversiones.com\/index.php?rest_route=%2Fwp%2Fv2%2Fcomments&post=4986"}],"version-history":[{"count":0,"href":"http:\/\/cronicasyversiones.com\/index.php?rest_route=\/wp\/v2\/posts\/4986\/revisions"}],"wp:attachment":[{"href":"http:\/\/cronicasyversiones.com\/index.php?rest_route=%2Fwp%2Fv2%2Fmedia&parent=4986"}],"wp:term":[{"taxonomy":"category","embeddable":true,"href":"http:\/\/cronicasyversiones.com\/index.php?rest_route=%2Fwp%2Fv2%2Fcategories&post=4986"},{"taxonomy":"post_tag","embeddable":true,"href":"http:\/\/cronicasyversiones.com\/index.php?rest_route=%2Fwp%2Fv2%2Ftags&post=4986"}],"curies":[{"name":"wp","href":"https:\/\/api.w.org\/{rel}","templated":true}]}}