{"id":5034,"date":"2015-01-12T16:09:14","date_gmt":"2015-01-12T19:09:14","guid":{"rendered":"http:\/\/cronicasyversiones.com\/?p=5034"},"modified":"2015-01-12T16:09:14","modified_gmt":"2015-01-12T19:09:14","slug":"michel-houellebecq-el-autor-de-sumision-reaparecera-en-alemania","status":"publish","type":"post","link":"http:\/\/cronicasyversiones.com\/?p=5034","title":{"rendered":"Michel Houellebecq, el autor de \u201cSumisi\u00f3n\u201d, reaparecer\u00e1 en Alemania"},"content":{"rendered":"<div style=\"padding-bottom:20px; padding-top:10px;\" class=\"hupso-share-buttons\"><!-- Hupso Share Buttons - https:\/\/www.hupso.com\/share\/ --><a class=\"hupso_counters\" href=\"https:\/\/www.hupso.com\/share\/\"><img decoding=\"async\" src=\"http:\/\/static.hupso.com\/share\/buttons\/lang\/es\/share-small.png\" style=\"border:0px; padding-top:2px; float:left;\" alt=\"Share Button\"\/><\/a><script type=\"text\/javascript\">var hupso_services_c=new Array(\"twitter\",\"facebook_like\",\"google\");var hupso_counters_lang = \"es_LA\";var hupso_image_folder_url = \"\";var hupso_twitter_via=\"crsyvrs\";var hupso_url_c=\"\";<\/script><script type=\"text\/javascript\" src=\"http:\/\/static.hupso.com\/share\/js\/counters.js\"><\/script><!-- Hupso Share Buttons --><\/div><h2 style=\"text-align: justify;\">El autor franc\u00e9s har\u00e1 una lectura p\u00fablica de su novela en Colonia. El escritor apareci\u00f3 en la portada del \u00faltimo n\u00famero de \u201cCharlie Hebdo\u201d y era amigo del director del semanario.<\/h2>\n<p><a href=\"http:\/\/cronicasyversiones.com\/wp-content\/uploads\/2015\/01\/sumi.jpeg\"><img loading=\"lazy\" decoding=\"async\" class=\"  wp-image-5035 aligncenter\" src=\"http:\/\/cronicasyversiones.com\/wp-content\/uploads\/2015\/01\/sumi.jpeg\" alt=\"sumi\" width=\"779\" height=\"506\" srcset=\"http:\/\/cronicasyversiones.com\/wp-content\/uploads\/2015\/01\/sumi.jpeg 620w, http:\/\/cronicasyversiones.com\/wp-content\/uploads\/2015\/01\/sumi-300x195.jpeg 300w\" sizes=\"auto, (max-width: 779px) 100vw, 779px\" \/><\/a><\/p>\n<p style=\"text-align: justify;\"><strong>Michel Houellebecq<\/strong> reaparecer\u00e1 en p\u00fablico el lunes 19 de enero en la <strong>ciudad alemana de Colonia<\/strong>, para continuar la promoci\u00f3n de <em><strong>\u201cSumisi\u00f3n\u201d,<\/strong><\/em> su \u00faltima novela, luego de que la semana anterior interrumpiera este periplo y abandonara Par\u00eds luego del atentado contra la revista <strong>Charlie Hebdo.<\/strong><\/p>\n<p style=\"text-align: justify;\">Seg\u00fan adelanta la editorial alemana del autor franc\u00e9s, la seguridad se reforzar\u00e1 en el <strong>teatro Depot 1 de Colonia,<\/strong> donde el escritor protagonizar\u00e1 una lectura p\u00fablica de la novela, que imagina un presidente musulm\u00e1n en su pa\u00eds en el a\u00f1o 2022.<\/p>\n<p style=\"text-align: justify;\">Houellebecq, que apareci\u00f3 en la portada y en un varias de vi\u00f1etas del \u00faltimo n\u00famero de <strong>Charlie Hebdo<\/strong>, era amigo personal del fundador de la publicaci\u00f3n, <strong>Bernard Maris<\/strong>, que fue asesinado junto a otras once personas en Par\u00eds por dos terroristas yihadistas.<\/p>\n<p style=\"text-align: justify;\">Precisamente, el d\u00eda del atentado, era la jornada previsto para el lanzamiento de <em><strong>\u201cSumisi\u00f3n\u201d<\/strong><\/em>, donde la reflexi\u00f3n espiritual y pol\u00edtica sobre el isl\u00e1m es la protagonista central de la publicaci\u00f3n, y el escritor sali\u00f3 secretamente de Par\u00eds luego de atentado y no volvi\u00f3 a mostrarse en p\u00fablico.<\/p>\n<p style=\"text-align: justify;\">\n<div style=\"padding-bottom:20px; padding-top:10px;\" class=\"hupso-share-buttons\"><!-- Hupso Share Buttons - https:\/\/www.hupso.com\/share\/ --><a class=\"hupso_counters\" href=\"https:\/\/www.hupso.com\/share\/\"><img decoding=\"async\" src=\"http:\/\/static.hupso.com\/share\/buttons\/lang\/es\/share-small.png\" style=\"border:0px; padding-top:2px; float:left;\" alt=\"Share Button\"\/><\/a><script type=\"text\/javascript\">var hupso_services_c=new Array(\"twitter\",\"facebook_like\",\"google\");var hupso_counters_lang = \"es_LA\";var hupso_image_folder_url = \"\";var hupso_twitter_via=\"crsyvrs\";var hupso_url_c=\"\";<\/script><script type=\"text\/javascript\" src=\"http:\/\/static.hupso.com\/share\/js\/counters.js\"><\/script><!-- Hupso Share Buttons --><\/div> ","protected":false},"excerpt":{"rendered":"<div style=\"padding-bottom:20px; padding-top:10px;\" class=\"hupso-share-buttons\"><!-- Hupso Share Buttons - https:\/\/www.hupso.com\/share\/ --><a class=\"hupso_counters\" href=\"https:\/\/www.hupso.com\/share\/\"><img src=\"http:\/\/static.hupso.com\/share\/buttons\/lang\/es\/share-small.png\" style=\"border:0px; padding-top:2px; float:left;\" alt=\"Share Button\"\/><\/a><script type=\"text\/javascript\">var hupso_services_c=new Array(\"twitter\",\"facebook_like\",\"google\");var hupso_counters_lang = \"es_LA\";var hupso_image_folder_url = \"\";var hupso_twitter_via=\"crsyvrs\";var hupso_url_c=\"\";<\/script><script type=\"text\/javascript\" src=\"http:\/\/static.hupso.com\/share\/js\/counters.js\"><\/script><!-- Hupso Share Buttons --><\/div><p>El autor franc\u00e9s har\u00e1 una lectura p\u00fablica de su novela en Colonia. El escritor apareci\u00f3 en la portada del \u00faltimo n\u00famero de \u201cCharlie Hebdo\u201d y era amigo del director del semanario. Michel Houellebecq reaparecer\u00e1 en p\u00fablico el lunes 19&#46;&#46;&#46;<\/p>\n<div style=\"padding-bottom:20px; padding-top:10px;\" class=\"hupso-share-buttons\"><!-- Hupso Share Buttons - https:\/\/www.hupso.com\/share\/ --><a class=\"hupso_counters\" href=\"https:\/\/www.hupso.com\/share\/\"><img src=\"http:\/\/static.hupso.com\/share\/buttons\/lang\/es\/share-small.png\" style=\"border:0px; padding-top:2px; float:left;\" alt=\"Share Button\"\/><\/a><script type=\"text\/javascript\">var hupso_services_c=new Array(\"twitter\",\"facebook_like\",\"google\");var hupso_counters_lang = \"es_LA\";var hupso_image_folder_url = \"\";var hupso_twitter_via=\"crsyvrs\";var hupso_url_c=\"\";<\/script><script type=\"text\/javascript\" src=\"http:\/\/static.hupso.com\/share\/js\/counters.js\"><\/script><!-- Hupso Share Buttons --><\/div>","protected":false},"author":5,"featured_media":0,"comment_status":"closed","ping_status":"closed","sticky":false,"template":"","format":"standard","meta":{"footnotes":""},"categories":[7],"tags":[3660,3634,3658,3659],"class_list":["post-5034","post","type-post","status-publish","format-standard","hentry","category-literatura","tag-bernard-maris","tag-charlie-hebdo","tag-michel-houellebecq","tag-sumision"],"_links":{"self":[{"href":"http:\/\/cronicasyversiones.com\/index.php?rest_route=\/wp\/v2\/posts\/5034","targetHints":{"allow":["GET"]}}],"collection":[{"href":"http:\/\/cronicasyversiones.com\/index.php?rest_route=\/wp\/v2\/posts"}],"about":[{"href":"http:\/\/cronicasyversiones.com\/index.php?rest_route=\/wp\/v2\/types\/post"}],"author":[{"embeddable":true,"href":"http:\/\/cronicasyversiones.com\/index.php?rest_route=\/wp\/v2\/users\/5"}],"replies":[{"embeddable":true,"href":"http:\/\/cronicasyversiones.com\/index.php?rest_route=%2Fwp%2Fv2%2Fcomments&post=5034"}],"version-history":[{"count":0,"href":"http:\/\/cronicasyversiones.com\/index.php?rest_route=\/wp\/v2\/posts\/5034\/revisions"}],"wp:attachment":[{"href":"http:\/\/cronicasyversiones.com\/index.php?rest_route=%2Fwp%2Fv2%2Fmedia&parent=5034"}],"wp:term":[{"taxonomy":"category","embeddable":true,"href":"http:\/\/cronicasyversiones.com\/index.php?rest_route=%2Fwp%2Fv2%2Fcategories&post=5034"},{"taxonomy":"post_tag","embeddable":true,"href":"http:\/\/cronicasyversiones.com\/index.php?rest_route=%2Fwp%2Fv2%2Ftags&post=5034"}],"curies":[{"name":"wp","href":"https:\/\/api.w.org\/{rel}","templated":true}]}}