{"id":5037,"date":"2015-01-13T00:09:57","date_gmt":"2015-01-13T03:09:57","guid":{"rendered":"http:\/\/cronicasyversiones.com\/?p=5037"},"modified":"2015-01-13T08:05:49","modified_gmt":"2015-01-13T11:05:49","slug":"con-los-veraneantes-se-reabre-el-teatro-caminito","status":"publish","type":"post","link":"http:\/\/cronicasyversiones.com\/?p=5037","title":{"rendered":"Con \u00abLos veraneantes\u00bb se reabre el Teatro Caminito"},"content":{"rendered":"<div style=\"padding-bottom:20px; padding-top:10px;\" class=\"hupso-share-buttons\"><!-- Hupso Share Buttons - https:\/\/www.hupso.com\/share\/ --><a class=\"hupso_counters\" href=\"https:\/\/www.hupso.com\/share\/\"><img decoding=\"async\" src=\"http:\/\/static.hupso.com\/share\/buttons\/lang\/es\/share-small.png\" style=\"border:0px; padding-top:2px; float:left;\" alt=\"Share Button\"\/><\/a><script type=\"text\/javascript\">var hupso_services_c=new Array(\"twitter\",\"facebook_like\",\"google\");var hupso_counters_lang = \"es_LA\";var hupso_image_folder_url = \"\";var hupso_twitter_via=\"crsyvrs\";var hupso_url_c=\"\";<\/script><script type=\"text\/javascript\" src=\"http:\/\/static.hupso.com\/share\/js\/counters.js\"><\/script><!-- Hupso Share Buttons --><\/div><h2 style=\"text-align: justify;\">Luego de varias d\u00e9cadas sin actividad, la sala fundada por Cecilio Madanes en el barrio de La Boca saca a escena a este cl\u00e1sico de M\u00e1ximo Gorki, con direcci\u00f3n y adaptaci\u00f3n de Lautaro Vilo.<\/h2>\n<p><a href=\"http:\/\/cronicasyversiones.com\/wp-content\/uploads\/2015\/01\/caminito.jpg\"><img loading=\"lazy\" decoding=\"async\" class=\"  wp-image-5038 aligncenter\" src=\"http:\/\/cronicasyversiones.com\/wp-content\/uploads\/2015\/01\/caminito-1024x768.jpg\" alt=\"caminito\" width=\"780\" height=\"585\" srcset=\"http:\/\/cronicasyversiones.com\/wp-content\/uploads\/2015\/01\/caminito.jpg 1024w, http:\/\/cronicasyversiones.com\/wp-content\/uploads\/2015\/01\/caminito-300x225.jpg 300w, http:\/\/cronicasyversiones.com\/wp-content\/uploads\/2015\/01\/caminito-640x480.jpg 640w, http:\/\/cronicasyversiones.com\/wp-content\/uploads\/2015\/01\/caminito-624x468.jpg 624w\" sizes=\"auto, (max-width: 780px) 100vw, 780px\" \/><\/a><\/p>\n<p style=\"text-align: justify;\">Con la obra<em><strong> \u00abLos veraneantes\u00bb,<\/strong><\/em> de <strong>M\u00e1ximo Gorki,<\/strong> con direcci\u00f3n y adaptaci\u00f3n de <strong>Lautaro Vilo,<\/strong> reabrir\u00e1 sus puertas el mi\u00e9rcoles 21 de enero el <strong>Teatro Caminito,<\/strong> del barrio de La Boca, fundado en 1957 por <strong>Cecilio Madanes<\/strong> y que lleva varias d\u00e9cadas de inactividad.<\/p>\n<p style=\"text-align: center;\"><em><strong>En la obra saldr\u00e1n a escena Silvina Katz, Roberto Monzo, Carlos Kaspar, Fernando Migueles, Juli\u00e1n Vilar, Francisco Civit, Mar\u00eda Zambelli, Florencia Carreras, Mariela Castro Balboa, Daniel Begino, Daniela Pantano, Juli\u00e1n Calvi\u00f1o y Alejandro Schiappacasse.<\/strong><\/em><\/p>\n<p style=\"text-align: justify;\">Mientras que la iluminaci\u00f3n ser\u00e1 de Facundo Estol, la escenograf\u00eda y el vestuario de Cecilia Zuvialde, la m\u00fasica de Adolfo Oddone y la asistencia de direcci\u00f3n de Ignacio Ansa.<\/p>\n<p style=\"text-align: justify;\">El Teatro Caminito, enclavado en la calle hom\u00f3nima, <strong>fue inaugurado por Madanes el 18 de diciembre de 1957<\/strong> con un repertorio que con los a\u00f1os incluy\u00f3<em><strong> \u00abLos chismes de las mujeres\u00bb,<\/strong><\/em> de Carlo Goldoni, <em><strong>\u00abLa zapatera prodigiosa\u00bb,<\/strong><\/em> de Federico Garc\u00eda Lorca, <em><strong>\u00abUna viuda dif\u00edcil\u00bb,<\/strong> <\/em>de Conrado Nal\u00e9 Roxlo, <em><strong>\u00abLa p\u00e9rgola de las flores\u00bb,<\/strong><\/em> de Isadora Aguirre y Francisco Flores del Campo, y <em><strong>\u00abSue\u00f1o de una noche de verano\u00bb<\/strong><\/em>, de William Shakespeare.<\/p>\n<p style=\"text-align: center;\"><em><strong>Por las tablas de esta sala pasaron, entre otros, Antonio Gasalla, Jorge y A\u00edda Luz, Juan Carlos Altavista, Oscar Ar\u00e1iz, Edda D\u00edaz y Diana Maggi.<\/strong><\/em><\/p>\n<p style=\"text-align: justify;\">En su emprendieminto, Madanes cont\u00f3 con la colaboraci\u00f3n de artistas de la talla de <strong>Manuel Mujica L\u00e1inez, Ra\u00fal Soldi, Carlos Alonso, y Benito Quinquela Mart\u00edn.<\/strong><\/p>\n<p style=\"text-align: justify;\">Cuando estren\u00f3<em><strong> \u00abLos chismes de las mujeres\u00bb<\/strong><\/em> en diciembre de 1957, Madanes supon\u00eda que la experiencia durar\u00eda poco tiempo en cartel, pero el furor de la taquilla, el reconocimiento de la prensa y el acompa\u00f1amiento de los vecinos prolongaron las temporadas durante 16 a\u00f1os.<\/p>\n<p style=\"text-align: justify;\">Autor de un sinf\u00edn de obras, Madanes, que naci\u00f3 en Ucrania en 1921, pas\u00f3 casi una d\u00e9cada en Francia y en Argentina tambi\u00e9n fue el director del<strong> Teatro Col\u00f3n,<\/strong> entre 1983 y 1986, y lleg\u00f3 a ser el responsable de la programaci\u00f3n del Canal 7. Falleci\u00f3 en Buenos Aires en el 2000.<\/p>\n<p style=\"text-align: justify;\">\n<div style=\"padding-bottom:20px; padding-top:10px;\" class=\"hupso-share-buttons\"><!-- Hupso Share Buttons - https:\/\/www.hupso.com\/share\/ --><a class=\"hupso_counters\" href=\"https:\/\/www.hupso.com\/share\/\"><img decoding=\"async\" src=\"http:\/\/static.hupso.com\/share\/buttons\/lang\/es\/share-small.png\" style=\"border:0px; padding-top:2px; float:left;\" alt=\"Share Button\"\/><\/a><script type=\"text\/javascript\">var hupso_services_c=new Array(\"twitter\",\"facebook_like\",\"google\");var hupso_counters_lang = \"es_LA\";var hupso_image_folder_url = \"\";var hupso_twitter_via=\"crsyvrs\";var hupso_url_c=\"\";<\/script><script type=\"text\/javascript\" src=\"http:\/\/static.hupso.com\/share\/js\/counters.js\"><\/script><!-- Hupso Share Buttons --><\/div> ","protected":false},"excerpt":{"rendered":"<div style=\"padding-bottom:20px; padding-top:10px;\" class=\"hupso-share-buttons\"><!-- Hupso Share Buttons - https:\/\/www.hupso.com\/share\/ --><a class=\"hupso_counters\" href=\"https:\/\/www.hupso.com\/share\/\"><img src=\"http:\/\/static.hupso.com\/share\/buttons\/lang\/es\/share-small.png\" style=\"border:0px; padding-top:2px; float:left;\" alt=\"Share Button\"\/><\/a><script type=\"text\/javascript\">var hupso_services_c=new Array(\"twitter\",\"facebook_like\",\"google\");var hupso_counters_lang = \"es_LA\";var hupso_image_folder_url = \"\";var hupso_twitter_via=\"crsyvrs\";var hupso_url_c=\"\";<\/script><script type=\"text\/javascript\" src=\"http:\/\/static.hupso.com\/share\/js\/counters.js\"><\/script><!-- Hupso Share Buttons --><\/div><p>Luego de varias d\u00e9cadas sin actividad, la sala fundada por Cecilio Madanes en el barrio de La Boca saca a escena a este cl\u00e1sico de M\u00e1ximo Gorki, con direcci\u00f3n y adaptaci\u00f3n de Lautaro Vilo. Con la obra \u00abLos veraneantes\u00bb,&#46;&#46;&#46;<\/p>\n<div style=\"padding-bottom:20px; padding-top:10px;\" class=\"hupso-share-buttons\"><!-- Hupso Share Buttons - https:\/\/www.hupso.com\/share\/ --><a class=\"hupso_counters\" href=\"https:\/\/www.hupso.com\/share\/\"><img src=\"http:\/\/static.hupso.com\/share\/buttons\/lang\/es\/share-small.png\" style=\"border:0px; padding-top:2px; float:left;\" alt=\"Share Button\"\/><\/a><script type=\"text\/javascript\">var hupso_services_c=new Array(\"twitter\",\"facebook_like\",\"google\");var hupso_counters_lang = \"es_LA\";var hupso_image_folder_url = \"\";var hupso_twitter_via=\"crsyvrs\";var hupso_url_c=\"\";<\/script><script type=\"text\/javascript\" src=\"http:\/\/static.hupso.com\/share\/js\/counters.js\"><\/script><!-- Hupso Share Buttons --><\/div>","protected":false},"author":5,"featured_media":0,"comment_status":"closed","ping_status":"closed","sticky":false,"template":"","format":"standard","meta":{"footnotes":""},"categories":[5],"tags":[3661,3664,3663,3662],"class_list":["post-5037","post","type-post","status-publish","format-standard","hentry","category-teatro","tag-cecilio-madanes","tag-lautaro-vilo","tag-los-veraneantes","tag-teatro-caminito"],"_links":{"self":[{"href":"http:\/\/cronicasyversiones.com\/index.php?rest_route=\/wp\/v2\/posts\/5037","targetHints":{"allow":["GET"]}}],"collection":[{"href":"http:\/\/cronicasyversiones.com\/index.php?rest_route=\/wp\/v2\/posts"}],"about":[{"href":"http:\/\/cronicasyversiones.com\/index.php?rest_route=\/wp\/v2\/types\/post"}],"author":[{"embeddable":true,"href":"http:\/\/cronicasyversiones.com\/index.php?rest_route=\/wp\/v2\/users\/5"}],"replies":[{"embeddable":true,"href":"http:\/\/cronicasyversiones.com\/index.php?rest_route=%2Fwp%2Fv2%2Fcomments&post=5037"}],"version-history":[{"count":0,"href":"http:\/\/cronicasyversiones.com\/index.php?rest_route=\/wp\/v2\/posts\/5037\/revisions"}],"wp:attachment":[{"href":"http:\/\/cronicasyversiones.com\/index.php?rest_route=%2Fwp%2Fv2%2Fmedia&parent=5037"}],"wp:term":[{"taxonomy":"category","embeddable":true,"href":"http:\/\/cronicasyversiones.com\/index.php?rest_route=%2Fwp%2Fv2%2Fcategories&post=5037"},{"taxonomy":"post_tag","embeddable":true,"href":"http:\/\/cronicasyversiones.com\/index.php?rest_route=%2Fwp%2Fv2%2Ftags&post=5037"}],"curies":[{"name":"wp","href":"https:\/\/api.w.org\/{rel}","templated":true}]}}