{"id":5045,"date":"2015-01-13T14:53:52","date_gmt":"2015-01-13T17:53:52","guid":{"rendered":"http:\/\/cronicasyversiones.com\/?p=5045"},"modified":"2015-04-01T09:42:51","modified_gmt":"2015-04-01T12:42:51","slug":"woody-allen-rodara-su-primera-serie-para-amazon","status":"publish","type":"post","link":"http:\/\/cronicasyversiones.com\/?p=5045","title":{"rendered":"Woody Allen rodar\u00e1 su primera serie para Amazon"},"content":{"rendered":"<div style=\"padding-bottom:20px; padding-top:10px;\" class=\"hupso-share-buttons\"><!-- Hupso Share Buttons - https:\/\/www.hupso.com\/share\/ --><a class=\"hupso_counters\" href=\"https:\/\/www.hupso.com\/share\/\"><img decoding=\"async\" src=\"http:\/\/static.hupso.com\/share\/buttons\/lang\/es\/share-small.png\" style=\"border:0px; padding-top:2px; float:left;\" alt=\"Share Button\"\/><\/a><script type=\"text\/javascript\">var hupso_services_c=new Array(\"twitter\",\"facebook_like\",\"google\");var hupso_counters_lang = \"es_LA\";var hupso_image_folder_url = \"\";var hupso_twitter_via=\"crsyvrs\";var hupso_url_c=\"\";<\/script><script type=\"text\/javascript\" src=\"http:\/\/static.hupso.com\/share\/js\/counters.js\"><\/script><!-- Hupso Share Buttons --><\/div><h2 style=\"text-align: justify;\">La plataforma de contenidos en la Web le encarg\u00f3 al director de \u201cMedianoche en Par\u00eds\u201d una temporada completa, en la que el veterano realizador tambi\u00e9n ser\u00e1 el guionista.<\/h2>\n<p><a href=\"http:\/\/cronicasyversiones.com\/wp-content\/uploads\/2015\/01\/Woody-Allen-e1372794531658.jpg\"><img loading=\"lazy\" decoding=\"async\" class=\"  wp-image-5046 aligncenter\" src=\"http:\/\/cronicasyversiones.com\/wp-content\/uploads\/2015\/01\/Woody-Allen-e1372794531658.jpg\" alt=\"Woody-Allen-e1372794531658\" width=\"785\" height=\"432\" srcset=\"http:\/\/cronicasyversiones.com\/wp-content\/uploads\/2015\/01\/Woody-Allen-e1372794531658.jpg 574w, http:\/\/cronicasyversiones.com\/wp-content\/uploads\/2015\/01\/Woody-Allen-e1372794531658-300x165.jpg 300w\" sizes=\"auto, (max-width: 785px) 100vw, 785px\" \/><\/a><\/p>\n<p style=\"text-align: justify;\"><strong>Woody Allen<\/strong> rodar\u00e1 su primera serie de televisi\u00f3n y realizar\u00e1 esta producci\u00f3n en forma exclusiva para los estudios <strong>Amazon<\/strong>, seg\u00fan adelant\u00f3 el gigante del comercio online.<\/p>\n<p style=\"text-align: justify;\">Estos estudios le encarg\u00f3 al director de<em><strong> \u00abMedianoche en Par\u00eds\u201d,<\/strong><\/em> una temporada completa, en la que el veterano realizador ser\u00e1 tanto el autor del gui\u00f3n como el director.<\/p>\n<p style=\"text-align: center;\"><em><strong>Los clientes preferenciales del servicio Prime en Estados Unidos, Alemania, Austria y Reino Unido ser\u00e1n los primeros en poder ver los episodios de media hora en exclusiva.<\/strong><\/em><\/p>\n<p style=\"text-align: justify;\">A\u00fan se desconoce de qu\u00e9 tratar\u00e1 en env\u00edo, al extremo que el propio cineasta no parece estar al tanto de los detalles del proyecto. \u00abNo s\u00e9, me han metido en esto. No tengo ideas y <strong>no estoy muy seguro de por d\u00f3nde empezar\u00bb<\/strong>, dispar\u00f3 con su habitual iron\u00eda.<\/p>\n<p style=\"text-align: justify;\">Allen, fial a su estilo, brome\u00f3 y a\u00f1adi\u00f3: \u00ab<strong>Apuesto a que Roy Price<\/strong> [vicepresidente de Amazon Studios] <strong>se arrepentir\u00e1 de esto\u00bb.<\/strong><\/p>\n<p style=\"text-align: justify;\"><strong>\u201cWoody Allen es un creador visionario<\/strong> que ha hecho algunas de las m\u00e1s grandes pel\u00edculas de todos los tiempos y es un honor trabajar con \u00e9l en su primera serie\u00bb, se\u00f1al\u00f3, m\u00e1s serio, Roy Price.<\/p>\n<p style=\"text-align: justify;\"><strong>Amazon<\/strong> consigui\u00f3, en los \u00faltimos <strong>Globos de Oro<\/strong>, sus dos primeros premios por la tragicomedia <em><strong>\u201cTransparent\u201d,<\/strong> <\/em>protagonizada por <strong>Jeffrey Tambor.<\/strong> Adem\u00e1s, estren\u00f3 recientemente <em><strong>\u201cMozart in the Jungle\u201d<\/strong><\/em>, protagonizada por <strong>Gael Garc\u00eda Bernal<\/strong> y tiene pendiente de estreno de<em><strong> \u201cBosch\u201d,<\/strong><\/em> un policial dram\u00e1tico.<\/p>\n<div style=\"padding-bottom:20px; padding-top:10px;\" class=\"hupso-share-buttons\"><!-- Hupso Share Buttons - https:\/\/www.hupso.com\/share\/ --><a class=\"hupso_counters\" href=\"https:\/\/www.hupso.com\/share\/\"><img decoding=\"async\" src=\"http:\/\/static.hupso.com\/share\/buttons\/lang\/es\/share-small.png\" style=\"border:0px; padding-top:2px; float:left;\" alt=\"Share Button\"\/><\/a><script type=\"text\/javascript\">var hupso_services_c=new Array(\"twitter\",\"facebook_like\",\"google\");var hupso_counters_lang = \"es_LA\";var hupso_image_folder_url = \"\";var hupso_twitter_via=\"crsyvrs\";var hupso_url_c=\"\";<\/script><script type=\"text\/javascript\" src=\"http:\/\/static.hupso.com\/share\/js\/counters.js\"><\/script><!-- Hupso Share Buttons --><\/div> ","protected":false},"excerpt":{"rendered":"<div style=\"padding-bottom:20px; padding-top:10px;\" class=\"hupso-share-buttons\"><!-- Hupso Share Buttons - https:\/\/www.hupso.com\/share\/ --><a class=\"hupso_counters\" href=\"https:\/\/www.hupso.com\/share\/\"><img src=\"http:\/\/static.hupso.com\/share\/buttons\/lang\/es\/share-small.png\" style=\"border:0px; padding-top:2px; float:left;\" alt=\"Share Button\"\/><\/a><script type=\"text\/javascript\">var hupso_services_c=new Array(\"twitter\",\"facebook_like\",\"google\");var hupso_counters_lang = \"es_LA\";var hupso_image_folder_url = \"\";var hupso_twitter_via=\"crsyvrs\";var hupso_url_c=\"\";<\/script><script type=\"text\/javascript\" src=\"http:\/\/static.hupso.com\/share\/js\/counters.js\"><\/script><!-- Hupso Share Buttons --><\/div><p>La plataforma de contenidos en la Web le encarg\u00f3 al director de \u201cMedianoche en Par\u00eds\u201d una temporada completa, en la que el veterano realizador tambi\u00e9n ser\u00e1 el guionista. Woody Allen rodar\u00e1 su primera serie de televisi\u00f3n y realizar\u00e1 esta&#46;&#46;&#46;<\/p>\n<div style=\"padding-bottom:20px; padding-top:10px;\" class=\"hupso-share-buttons\"><!-- Hupso Share Buttons - https:\/\/www.hupso.com\/share\/ --><a class=\"hupso_counters\" href=\"https:\/\/www.hupso.com\/share\/\"><img src=\"http:\/\/static.hupso.com\/share\/buttons\/lang\/es\/share-small.png\" style=\"border:0px; padding-top:2px; float:left;\" alt=\"Share Button\"\/><\/a><script type=\"text\/javascript\">var hupso_services_c=new Array(\"twitter\",\"facebook_like\",\"google\");var hupso_counters_lang = \"es_LA\";var hupso_image_folder_url = \"\";var hupso_twitter_via=\"crsyvrs\";var hupso_url_c=\"\";<\/script><script type=\"text\/javascript\" src=\"http:\/\/static.hupso.com\/share\/js\/counters.js\"><\/script><!-- Hupso Share Buttons --><\/div>","protected":false},"author":5,"featured_media":0,"comment_status":"closed","ping_status":"closed","sticky":false,"template":"","format":"standard","meta":{"footnotes":""},"categories":[4110,6],"tags":[2465,57],"class_list":["post-5045","post","type-post","status-publish","format-standard","hentry","category-bajo-la-lente-de-woody-allen","category-radio-y-tv","tag-amazon","tag-woody-allen"],"_links":{"self":[{"href":"http:\/\/cronicasyversiones.com\/index.php?rest_route=\/wp\/v2\/posts\/5045","targetHints":{"allow":["GET"]}}],"collection":[{"href":"http:\/\/cronicasyversiones.com\/index.php?rest_route=\/wp\/v2\/posts"}],"about":[{"href":"http:\/\/cronicasyversiones.com\/index.php?rest_route=\/wp\/v2\/types\/post"}],"author":[{"embeddable":true,"href":"http:\/\/cronicasyversiones.com\/index.php?rest_route=\/wp\/v2\/users\/5"}],"replies":[{"embeddable":true,"href":"http:\/\/cronicasyversiones.com\/index.php?rest_route=%2Fwp%2Fv2%2Fcomments&post=5045"}],"version-history":[{"count":0,"href":"http:\/\/cronicasyversiones.com\/index.php?rest_route=\/wp\/v2\/posts\/5045\/revisions"}],"wp:attachment":[{"href":"http:\/\/cronicasyversiones.com\/index.php?rest_route=%2Fwp%2Fv2%2Fmedia&parent=5045"}],"wp:term":[{"taxonomy":"category","embeddable":true,"href":"http:\/\/cronicasyversiones.com\/index.php?rest_route=%2Fwp%2Fv2%2Fcategories&post=5045"},{"taxonomy":"post_tag","embeddable":true,"href":"http:\/\/cronicasyversiones.com\/index.php?rest_route=%2Fwp%2Fv2%2Ftags&post=5045"}],"curies":[{"name":"wp","href":"https:\/\/api.w.org\/{rel}","templated":true}]}}