{"id":5086,"date":"2015-01-15T15:38:30","date_gmt":"2015-01-15T18:38:30","guid":{"rendered":"http:\/\/cronicasyversiones.com\/?p=5086"},"modified":"2015-01-15T15:38:30","modified_gmt":"2015-01-15T18:38:30","slug":"el-viento-en-un-violin-de-claudio-tolcachir-en-el-paseo-la-plaza","status":"publish","type":"post","link":"http:\/\/cronicasyversiones.com\/?p=5086","title":{"rendered":"\u201cEl viento en un viol\u00edn\u201d, de Claudio Tolcachir, en el Paseo La Plaza"},"content":{"rendered":"<div style=\"padding-bottom:20px; padding-top:10px;\" class=\"hupso-share-buttons\"><!-- Hupso Share Buttons - https:\/\/www.hupso.com\/share\/ --><a class=\"hupso_counters\" href=\"https:\/\/www.hupso.com\/share\/\"><img decoding=\"async\" src=\"http:\/\/static.hupso.com\/share\/buttons\/lang\/es\/share-small.png\" style=\"border:0px; padding-top:2px; float:left;\" alt=\"Share Button\"\/><\/a><script type=\"text\/javascript\">var hupso_services_c=new Array(\"twitter\",\"facebook_like\",\"google\");var hupso_counters_lang = \"es_LA\";var hupso_image_folder_url = \"\";var hupso_twitter_via=\"crsyvrs\";var hupso_url_c=\"\";<\/script><script type=\"text\/javascript\" src=\"http:\/\/static.hupso.com\/share\/js\/counters.js\"><\/script><!-- Hupso Share Buttons --><\/div><h2 style=\"text-align: justify;\">La obra, que tiene el mismo elenco que \u201cLa omisi\u00f3n de la familia Coleman\u201d, narra la historia de dos mujeres dispuestas a todo por ser madres juntas.<\/h2>\n<p><a href=\"http:\/\/cronicasyversiones.com\/wp-content\/uploads\/2015\/01\/000060635.jpg\"><img loading=\"lazy\" decoding=\"async\" class=\"  wp-image-5087 aligncenter\" src=\"http:\/\/cronicasyversiones.com\/wp-content\/uploads\/2015\/01\/000060635.jpg\" alt=\"000060635\" width=\"766\" height=\"431\" srcset=\"http:\/\/cronicasyversiones.com\/wp-content\/uploads\/2015\/01\/000060635.jpg 640w, http:\/\/cronicasyversiones.com\/wp-content\/uploads\/2015\/01\/000060635-300x169.jpg 300w, http:\/\/cronicasyversiones.com\/wp-content\/uploads\/2015\/01\/000060635-624x351.jpg 624w\" sizes=\"auto, (max-width: 766px) 100vw, 766px\" \/><\/a><\/p>\n<p style=\"text-align: justify;\">Luego de haberse presentado en <strong>Timbre 4,<\/strong> sube a las tablas <em><strong>\u201cEl viento en un viol\u00edn\u201d<\/strong><\/em>, escrita y dirigida por <strong>Claudio Tolcachir<\/strong>, los viernes, s\u00e1bados y domingos en la<strong> sala Pablo Neruda del Paseo la Plaza.<\/strong><\/p>\n<p style=\"text-align: justify;\">En la obra, <strong>el dramaturgo despliega un muestrario, entre ret\u00f3rico y provocativo,<\/strong> de algunas estructuras familiares posibles: \u00bfExiste, en verdad, m\u00e1s de una? \u00bfCu\u00e1les? \u00bfSon m\u00e1s saludables? \u00bfHay garant\u00edas para una familia feliz? Sean, tal vez, preguntas que pone la obra sobre el tapete.<\/p>\n<p style=\"text-align: justify;\">El elenco, conformado por los mismos actores que <em><strong>\u201cLa omisi\u00f3n de la familia Coleman\u201d<\/strong><\/em>, tambi\u00e9n en cartel desde el 16 de enero en el Paseo la Plaza, narra <strong>la historia de dos mujeres dispuestas a todo por ser madres juntas<\/strong>. Una historia sobre la lucha entre el amor y el derecho, sobre la desesperaci\u00f3n y la soledad. O, quiz\u00e1s, sobre el surgimiento de una nueva forma de familia, nacida del error y de lo imprevisto.<\/p>\n<p style=\"text-align: justify;\"><strong>Mujeres que se aman, buscando desesperadamente un hijo.<\/strong> Madres con hijos, desesperadas por asegurarles la felicidad. Hijos desorientados, desesperados por encontrar su lugar. Historias de seres busc\u00e1ndose la vida. Y el amor que lo atraviesa todo, que todo lo permite, lo bueno y lo malo. El amor de pensar la vida de otra forma y aceptarla tal vez, en nombre del amor.<\/p>\n<p style=\"text-align: center;\"><strong>El elenco lo completan Mimi Rodr\u00edguez (Dora), Tamara Kiper (Celeste), Inda Lavalle (Lena), Miriam Odorico (Mercedes), Lautaro Perotti (Dar\u00edo), Gonzalo Ru\u00edz (Santiago)<\/strong><\/p>\n<p style=\"text-align: justify;\"><em><strong>\u201cEl viento en un viol\u00edn\u201d<\/strong><\/em> se presenta los viernes a las 20, los s\u00e1bados a las 22.30 y los domingos a las 21.30 en la sala Pablo Neruda del Paseo La Plaza, ubicado en Corrientes 1660.<\/p>\n<h2 style=\"text-align: justify;\"><\/h2>\n<p>&nbsp;<\/p>\n<p>&nbsp;<\/p>\n<div style=\"padding-bottom:20px; padding-top:10px;\" class=\"hupso-share-buttons\"><!-- Hupso Share Buttons - https:\/\/www.hupso.com\/share\/ --><a class=\"hupso_counters\" href=\"https:\/\/www.hupso.com\/share\/\"><img decoding=\"async\" src=\"http:\/\/static.hupso.com\/share\/buttons\/lang\/es\/share-small.png\" style=\"border:0px; padding-top:2px; float:left;\" alt=\"Share Button\"\/><\/a><script type=\"text\/javascript\">var hupso_services_c=new Array(\"twitter\",\"facebook_like\",\"google\");var hupso_counters_lang = \"es_LA\";var hupso_image_folder_url = \"\";var hupso_twitter_via=\"crsyvrs\";var hupso_url_c=\"\";<\/script><script type=\"text\/javascript\" src=\"http:\/\/static.hupso.com\/share\/js\/counters.js\"><\/script><!-- Hupso Share Buttons --><\/div> ","protected":false},"excerpt":{"rendered":"<div style=\"padding-bottom:20px; padding-top:10px;\" class=\"hupso-share-buttons\"><!-- Hupso Share Buttons - https:\/\/www.hupso.com\/share\/ --><a class=\"hupso_counters\" href=\"https:\/\/www.hupso.com\/share\/\"><img src=\"http:\/\/static.hupso.com\/share\/buttons\/lang\/es\/share-small.png\" style=\"border:0px; padding-top:2px; float:left;\" alt=\"Share Button\"\/><\/a><script type=\"text\/javascript\">var hupso_services_c=new Array(\"twitter\",\"facebook_like\",\"google\");var hupso_counters_lang = \"es_LA\";var hupso_image_folder_url = \"\";var hupso_twitter_via=\"crsyvrs\";var hupso_url_c=\"\";<\/script><script type=\"text\/javascript\" src=\"http:\/\/static.hupso.com\/share\/js\/counters.js\"><\/script><!-- Hupso Share Buttons --><\/div><p>La obra, que tiene el mismo elenco que \u201cLa omisi\u00f3n de la familia Coleman\u201d, narra la historia de dos mujeres dispuestas a todo por ser madres juntas. Luego de haberse presentado en Timbre 4, sube a las tablas \u201cEl&#46;&#46;&#46;<\/p>\n<div style=\"padding-bottom:20px; padding-top:10px;\" class=\"hupso-share-buttons\"><!-- Hupso Share Buttons - https:\/\/www.hupso.com\/share\/ --><a class=\"hupso_counters\" href=\"https:\/\/www.hupso.com\/share\/\"><img src=\"http:\/\/static.hupso.com\/share\/buttons\/lang\/es\/share-small.png\" style=\"border:0px; padding-top:2px; float:left;\" alt=\"Share Button\"\/><\/a><script type=\"text\/javascript\">var hupso_services_c=new Array(\"twitter\",\"facebook_like\",\"google\");var hupso_counters_lang = \"es_LA\";var hupso_image_folder_url = \"\";var hupso_twitter_via=\"crsyvrs\";var hupso_url_c=\"\";<\/script><script type=\"text\/javascript\" src=\"http:\/\/static.hupso.com\/share\/js\/counters.js\"><\/script><!-- Hupso Share Buttons --><\/div>","protected":false},"author":5,"featured_media":0,"comment_status":"closed","ping_status":"closed","sticky":false,"template":"","format":"standard","meta":{"footnotes":""},"categories":[5],"tags":[507,1447,503,505,504],"class_list":["post-5086","post","type-post","status-publish","format-standard","hentry","category-teatro","tag-claudio-tolcachir","tag-paseo-la-plaza","tag-timbre-4","tag-el-viento-en-un-violin","tag-la-omision-de-la-familia-coleman"],"_links":{"self":[{"href":"http:\/\/cronicasyversiones.com\/index.php?rest_route=\/wp\/v2\/posts\/5086","targetHints":{"allow":["GET"]}}],"collection":[{"href":"http:\/\/cronicasyversiones.com\/index.php?rest_route=\/wp\/v2\/posts"}],"about":[{"href":"http:\/\/cronicasyversiones.com\/index.php?rest_route=\/wp\/v2\/types\/post"}],"author":[{"embeddable":true,"href":"http:\/\/cronicasyversiones.com\/index.php?rest_route=\/wp\/v2\/users\/5"}],"replies":[{"embeddable":true,"href":"http:\/\/cronicasyversiones.com\/index.php?rest_route=%2Fwp%2Fv2%2Fcomments&post=5086"}],"version-history":[{"count":0,"href":"http:\/\/cronicasyversiones.com\/index.php?rest_route=\/wp\/v2\/posts\/5086\/revisions"}],"wp:attachment":[{"href":"http:\/\/cronicasyversiones.com\/index.php?rest_route=%2Fwp%2Fv2%2Fmedia&parent=5086"}],"wp:term":[{"taxonomy":"category","embeddable":true,"href":"http:\/\/cronicasyversiones.com\/index.php?rest_route=%2Fwp%2Fv2%2Fcategories&post=5086"},{"taxonomy":"post_tag","embeddable":true,"href":"http:\/\/cronicasyversiones.com\/index.php?rest_route=%2Fwp%2Fv2%2Ftags&post=5086"}],"curies":[{"name":"wp","href":"https:\/\/api.w.org\/{rel}","templated":true}]}}