{"id":5282,"date":"2015-02-06T00:03:18","date_gmt":"2015-02-06T03:03:18","guid":{"rendered":"http:\/\/cronicasyversiones.com\/?p=5282"},"modified":"2015-02-05T09:26:30","modified_gmt":"2015-02-05T12:26:30","slug":"los-creadores-de-de-la-guarda-abren-la-convocatoria-para-la-gira-de-h2ombre","status":"publish","type":"post","link":"http:\/\/cronicasyversiones.com\/?p=5282","title":{"rendered":"Los creadores de De La Guarda abren la convocatoria para la gira de \u00abH2ombre\u00bb"},"content":{"rendered":"<div style=\"padding-bottom:20px; padding-top:10px;\" class=\"hupso-share-buttons\"><!-- Hupso Share Buttons - https:\/\/www.hupso.com\/share\/ --><a class=\"hupso_counters\" href=\"https:\/\/www.hupso.com\/share\/\"><img decoding=\"async\" src=\"http:\/\/static.hupso.com\/share\/buttons\/lang\/es\/share-small.png\" style=\"border:0px; padding-top:2px; float:left;\" alt=\"Share Button\"\/><\/a><script type=\"text\/javascript\">var hupso_services_c=new Array(\"twitter\",\"facebook_like\",\"google\");var hupso_counters_lang = \"es_LA\";var hupso_image_folder_url = \"\";var hupso_twitter_via=\"crsyvrs\";var hupso_url_c=\"\";<\/script><script type=\"text\/javascript\" src=\"http:\/\/static.hupso.com\/share\/js\/counters.js\"><\/script><!-- Hupso Share Buttons --><\/div><h2>El nuevo espect\u00e1culo visual creado por Pich\u00f3n Baldinu y Gabriella Baldini, con pantallas tridimensionales de tecnolog\u00eda de punta y gigantescos inflables, busca talentos para el periplo por Asia.<\/h2>\n<p><img loading=\"lazy\" decoding=\"async\" class=\" aligncenter\" src=\"http:\/\/www.miamiherald.com\/incoming\/r4uq7\/picture1865353\/ALTERNATES\/FREE_960\/1hxwID.So.56.jpeg\" alt=\"\" width=\"783\" height=\"521\" \/><\/p>\n<p style=\"text-align: justify;\"><em><strong>\u00abH2ombre\u00bb,<\/strong><\/em> el nuevo espect\u00e1culo visual creado por <strong>Pich\u00f3n Baldinu y Gabriella Baldini,<\/strong> director y productora de<strong> De La Guarda,<\/strong> abre una convocatoria a audiciones hasta el 16 de febrero para su nueva gira internacional.<\/p>\n<p style=\"text-align: justify;\">Luego del furor de <em><strong>\u00abHombre vertiente\u00bb<\/strong><\/em>, que sali\u00f3 a escena en Argentina, M\u00e9xico e Israel, la compa\u00f1\u00eda <strong>Ojal\u00e1<\/strong> ataca con una puesta \u00abmultisensorial\u00bb con coreograf\u00edas a\u00e9reas, m\u00fasica electr\u00f3nica y efectos visuales, y convoca a ampliar su equipo para participar de una intensa gira por Asia.<\/p>\n<p style=\"text-align: justify;\">Los performers (chicas y chicos) deben tener entre 18 y 25 a\u00f1os, formaci\u00f3n actoral, dominio de arn\u00e9s y danza (excluyente) y disponibilidad para viajar. Los interesados en participar de \u00abH2hombre\u00bb pueden enviar CV con foto de rostro y de cuerpo entero a h2ombreaudicion@gmail.com.<\/p>\n<p style=\"text-align: justify;\">El espect\u00e1culo utiliza m\u00e1s de 15 mil litros de agua reciclable, pantallas tridimensionales de tecnolog\u00eda de punta y gigantescos inflables, con ritmos compuestos por Gaby Kerpel.<\/p>\n<p style=\"text-align: justify;\">Se trata de una experiencia en la que el p\u00fablico, si lo desea, puede involucrarse completamente, y que cuenta con el aporte de Sergio Trujillo, responsable de las coreograf\u00edas de \u00abJersey Boys\u00bb y \u00abLa Familia Addams\u00bb entre otras.<\/p>\n<p style=\"text-align: justify;\">Ojal\u00e1 es una productora de espect\u00e1culos art\u00edsticos de alto impacto visual y sensorial que involucren al espectador en una experiencia \u00fanica.<\/p>\n<p style=\"text-align: justify;\">Fue fundada en 2003 por Baldinu (creador de las compa\u00f1\u00edas La Organizaci\u00f3n Negra y De La Guarda) y Baldini (productora General de De La Guarda).<\/p>\n<div style=\"padding-bottom:20px; padding-top:10px;\" class=\"hupso-share-buttons\"><!-- Hupso Share Buttons - https:\/\/www.hupso.com\/share\/ --><a class=\"hupso_counters\" href=\"https:\/\/www.hupso.com\/share\/\"><img decoding=\"async\" src=\"http:\/\/static.hupso.com\/share\/buttons\/lang\/es\/share-small.png\" style=\"border:0px; padding-top:2px; float:left;\" alt=\"Share Button\"\/><\/a><script type=\"text\/javascript\">var hupso_services_c=new Array(\"twitter\",\"facebook_like\",\"google\");var hupso_counters_lang = \"es_LA\";var hupso_image_folder_url = \"\";var hupso_twitter_via=\"crsyvrs\";var hupso_url_c=\"\";<\/script><script type=\"text\/javascript\" src=\"http:\/\/static.hupso.com\/share\/js\/counters.js\"><\/script><!-- Hupso Share Buttons --><\/div> ","protected":false},"excerpt":{"rendered":"<div style=\"padding-bottom:20px; padding-top:10px;\" class=\"hupso-share-buttons\"><!-- Hupso Share Buttons - https:\/\/www.hupso.com\/share\/ --><a class=\"hupso_counters\" href=\"https:\/\/www.hupso.com\/share\/\"><img src=\"http:\/\/static.hupso.com\/share\/buttons\/lang\/es\/share-small.png\" style=\"border:0px; padding-top:2px; float:left;\" alt=\"Share Button\"\/><\/a><script type=\"text\/javascript\">var hupso_services_c=new Array(\"twitter\",\"facebook_like\",\"google\");var hupso_counters_lang = \"es_LA\";var hupso_image_folder_url = \"\";var hupso_twitter_via=\"crsyvrs\";var hupso_url_c=\"\";<\/script><script type=\"text\/javascript\" src=\"http:\/\/static.hupso.com\/share\/js\/counters.js\"><\/script><!-- Hupso Share Buttons --><\/div><p>El nuevo espect\u00e1culo visual creado por Pich\u00f3n Baldinu y Gabriella Baldini, con pantallas tridimensionales de tecnolog\u00eda de punta y gigantescos inflables, busca talentos para el periplo por Asia. \u00abH2ombre\u00bb, el nuevo espect\u00e1culo visual creado por Pich\u00f3n Baldinu y Gabriella&#46;&#46;&#46;<\/p>\n<div style=\"padding-bottom:20px; padding-top:10px;\" class=\"hupso-share-buttons\"><!-- Hupso Share Buttons - https:\/\/www.hupso.com\/share\/ --><a class=\"hupso_counters\" href=\"https:\/\/www.hupso.com\/share\/\"><img src=\"http:\/\/static.hupso.com\/share\/buttons\/lang\/es\/share-small.png\" style=\"border:0px; padding-top:2px; float:left;\" alt=\"Share Button\"\/><\/a><script type=\"text\/javascript\">var hupso_services_c=new Array(\"twitter\",\"facebook_like\",\"google\");var hupso_counters_lang = \"es_LA\";var hupso_image_folder_url = \"\";var hupso_twitter_via=\"crsyvrs\";var hupso_url_c=\"\";<\/script><script type=\"text\/javascript\" src=\"http:\/\/static.hupso.com\/share\/js\/counters.js\"><\/script><!-- Hupso Share Buttons --><\/div>","protected":false},"author":5,"featured_media":0,"comment_status":"closed","ping_status":"closed","sticky":false,"template":"","format":"standard","meta":{"footnotes":""},"categories":[5],"tags":[1582,3790,3787,3788,3789],"class_list":["post-5282","post","type-post","status-publish","format-standard","hentry","category-teatro","tag-de-la-guarda","tag-gabriella-baldini","tag-h2ombre","tag-hombre-vertiente","tag-pichon-baldinu"],"_links":{"self":[{"href":"http:\/\/cronicasyversiones.com\/index.php?rest_route=\/wp\/v2\/posts\/5282","targetHints":{"allow":["GET"]}}],"collection":[{"href":"http:\/\/cronicasyversiones.com\/index.php?rest_route=\/wp\/v2\/posts"}],"about":[{"href":"http:\/\/cronicasyversiones.com\/index.php?rest_route=\/wp\/v2\/types\/post"}],"author":[{"embeddable":true,"href":"http:\/\/cronicasyversiones.com\/index.php?rest_route=\/wp\/v2\/users\/5"}],"replies":[{"embeddable":true,"href":"http:\/\/cronicasyversiones.com\/index.php?rest_route=%2Fwp%2Fv2%2Fcomments&post=5282"}],"version-history":[{"count":0,"href":"http:\/\/cronicasyversiones.com\/index.php?rest_route=\/wp\/v2\/posts\/5282\/revisions"}],"wp:attachment":[{"href":"http:\/\/cronicasyversiones.com\/index.php?rest_route=%2Fwp%2Fv2%2Fmedia&parent=5282"}],"wp:term":[{"taxonomy":"category","embeddable":true,"href":"http:\/\/cronicasyversiones.com\/index.php?rest_route=%2Fwp%2Fv2%2Fcategories&post=5282"},{"taxonomy":"post_tag","embeddable":true,"href":"http:\/\/cronicasyversiones.com\/index.php?rest_route=%2Fwp%2Fv2%2Ftags&post=5282"}],"curies":[{"name":"wp","href":"https:\/\/api.w.org\/{rel}","templated":true}]}}