{"id":5326,"date":"2015-02-15T15:43:39","date_gmt":"2015-02-15T18:43:39","guid":{"rendered":"http:\/\/cronicasyversiones.com\/?p=5326"},"modified":"2015-02-15T15:43:39","modified_gmt":"2015-02-15T18:43:39","slug":"julieta-arroquy-y-ofelia-en-el-centro-cultural-recoleta","status":"publish","type":"post","link":"http:\/\/cronicasyversiones.com\/?p=5326","title":{"rendered":"Julieta Arroquy y Ofelia, en el Centro Cultural Recoleta"},"content":{"rendered":"<div style=\"padding-bottom:20px; padding-top:10px;\" class=\"hupso-share-buttons\"><!-- Hupso Share Buttons - https:\/\/www.hupso.com\/share\/ --><a class=\"hupso_counters\" href=\"https:\/\/www.hupso.com\/share\/\"><img decoding=\"async\" src=\"http:\/\/static.hupso.com\/share\/buttons\/lang\/es\/share-small.png\" style=\"border:0px; padding-top:2px; float:left;\" alt=\"Share Button\"\/><\/a><script type=\"text\/javascript\">var hupso_services_c=new Array(\"twitter\",\"facebook_like\",\"google\");var hupso_counters_lang = \"es_LA\";var hupso_image_folder_url = \"\";var hupso_twitter_via=\"crsyvrs\";var hupso_url_c=\"\";<\/script><script type=\"text\/javascript\" src=\"http:\/\/static.hupso.com\/share\/js\/counters.js\"><\/script><!-- Hupso Share Buttons --><\/div><h2 style=\"text-align: justify;\">La muestra individual de la dibujante recorre sus primeros trabajados de humor gr\u00e1fico hasta su reciente creaci\u00f3n, un personaje que explora el universo femenino con sus clich\u00e9s.<\/h2>\n<p><img loading=\"lazy\" decoding=\"async\" class=\" aligncenter\" src=\"http:\/\/www.telam.com.ar\/advf\/imagenes\/2012\/12\/50df3e0ca7346_510x247.jpg\" alt=\"\" width=\"786\" height=\"381\" \/><\/p>\n<p style=\"text-align: justify;\">Hasta el 22 de febrero se expone en la <strong>sala Historieta del Centro Cultural Recoleta<\/strong> la muestra individual de la dibujante<strong> Julieta Arroquy,<\/strong> que recorre sus primeros trabajados de humor gr\u00e1fico hasta su reciente creaci\u00f3n, <strong>Ofelia,<\/strong> su personaje que explora el universo femenino con sus clich\u00e9s y mandatos d\u00e1ndole con una voz fresca que analiza los desencuentros de una generaci\u00f3n.<\/p>\n<p style=\"text-align: justify;\">Con el benepl\u00e1cito de <strong>Maitena<\/strong> y la influencia de <strong>Quino, Liniers y Tute,<\/strong> Arroquy se inscribe en una corriente con una l\u00ednea sencilla y original, y con un humor piadoso pero sin autocompasi\u00f3n.<\/p>\n<p style=\"text-align: justify;\">\u00ab<strong>Sus protagonistas, en una franja de edades que va desde los 20 hasta los 40,<\/strong> se enamoran, se desenamoran, abandonan o son abandonadas pero no se sumergen en amarguras perdurables: inscriben esos acontecimientos en el devenir de sus vidas y vuelven a salir a flote para enfrentar lo que sigue\u00bb, explica su editor, Daniel Divinsky, de ediciones De la Flor.<\/p>\n<p style=\"text-align: justify;\">Desde sus dibujos sueltos de<em><strong> \u00ab\u00a1Oh, no, me enamor\u00e9!!<\/strong> <\/em>\u2013su primer libro\u2014hasta los que unifica su personaje Ofelia, que ya tiene dos libros editados, el arte de Arroquy y su voz sirve de base a reflexiones sobre la naturaleza femenina y se convierte en una voz de una generaci\u00f3n desencontrada en sus v\u00ednculos m\u00e1s \u00edntimos.<\/p>\n<p style=\"text-align: justify;\">Su exposici\u00f3n individual se podr\u00e1 ver hasta el pr\u00f3ximo domingo en Jun\u00edn 1930 de martes a viernes de 13.30 a 20.30 y s\u00e1bados, domingos y feriados de 11.30 a 20.30, gratis.<\/p>\n<div style=\"padding-bottom:20px; padding-top:10px;\" class=\"hupso-share-buttons\"><!-- Hupso Share Buttons - https:\/\/www.hupso.com\/share\/ --><a class=\"hupso_counters\" href=\"https:\/\/www.hupso.com\/share\/\"><img decoding=\"async\" src=\"http:\/\/static.hupso.com\/share\/buttons\/lang\/es\/share-small.png\" style=\"border:0px; padding-top:2px; float:left;\" alt=\"Share Button\"\/><\/a><script type=\"text\/javascript\">var hupso_services_c=new Array(\"twitter\",\"facebook_like\",\"google\");var hupso_counters_lang = \"es_LA\";var hupso_image_folder_url = \"\";var hupso_twitter_via=\"crsyvrs\";var hupso_url_c=\"\";<\/script><script type=\"text\/javascript\" src=\"http:\/\/static.hupso.com\/share\/js\/counters.js\"><\/script><!-- Hupso Share Buttons --><\/div> ","protected":false},"excerpt":{"rendered":"<div style=\"padding-bottom:20px; padding-top:10px;\" class=\"hupso-share-buttons\"><!-- Hupso Share Buttons - https:\/\/www.hupso.com\/share\/ --><a class=\"hupso_counters\" href=\"https:\/\/www.hupso.com\/share\/\"><img src=\"http:\/\/static.hupso.com\/share\/buttons\/lang\/es\/share-small.png\" style=\"border:0px; padding-top:2px; float:left;\" alt=\"Share Button\"\/><\/a><script type=\"text\/javascript\">var hupso_services_c=new Array(\"twitter\",\"facebook_like\",\"google\");var hupso_counters_lang = \"es_LA\";var hupso_image_folder_url = \"\";var hupso_twitter_via=\"crsyvrs\";var hupso_url_c=\"\";<\/script><script type=\"text\/javascript\" src=\"http:\/\/static.hupso.com\/share\/js\/counters.js\"><\/script><!-- Hupso Share Buttons --><\/div><p>La muestra individual de la dibujante recorre sus primeros trabajados de humor gr\u00e1fico hasta su reciente creaci\u00f3n, un personaje que explora el universo femenino con sus clich\u00e9s. Hasta el 22 de febrero se expone en la sala Historieta del&#46;&#46;&#46;<\/p>\n<div style=\"padding-bottom:20px; padding-top:10px;\" class=\"hupso-share-buttons\"><!-- Hupso Share Buttons - https:\/\/www.hupso.com\/share\/ --><a class=\"hupso_counters\" href=\"https:\/\/www.hupso.com\/share\/\"><img src=\"http:\/\/static.hupso.com\/share\/buttons\/lang\/es\/share-small.png\" style=\"border:0px; padding-top:2px; float:left;\" alt=\"Share Button\"\/><\/a><script type=\"text\/javascript\">var hupso_services_c=new Array(\"twitter\",\"facebook_like\",\"google\");var hupso_counters_lang = \"es_LA\";var hupso_image_folder_url = \"\";var hupso_twitter_via=\"crsyvrs\";var hupso_url_c=\"\";<\/script><script type=\"text\/javascript\" src=\"http:\/\/static.hupso.com\/share\/js\/counters.js\"><\/script><!-- Hupso Share Buttons --><\/div>","protected":false},"author":5,"featured_media":0,"comment_status":"closed","ping_status":"closed","sticky":false,"template":"","format":"standard","meta":{"footnotes":""},"categories":[8],"tags":[180,3816,2966,3817,850,3818],"class_list":["post-5326","post","type-post","status-publish","format-standard","hentry","category-artes-plasticas","tag-centro-cultural-recoleta","tag-julieta-arroquy","tag-liniers","tag-ofelia","tag-quino","tag-tute"],"_links":{"self":[{"href":"http:\/\/cronicasyversiones.com\/index.php?rest_route=\/wp\/v2\/posts\/5326","targetHints":{"allow":["GET"]}}],"collection":[{"href":"http:\/\/cronicasyversiones.com\/index.php?rest_route=\/wp\/v2\/posts"}],"about":[{"href":"http:\/\/cronicasyversiones.com\/index.php?rest_route=\/wp\/v2\/types\/post"}],"author":[{"embeddable":true,"href":"http:\/\/cronicasyversiones.com\/index.php?rest_route=\/wp\/v2\/users\/5"}],"replies":[{"embeddable":true,"href":"http:\/\/cronicasyversiones.com\/index.php?rest_route=%2Fwp%2Fv2%2Fcomments&post=5326"}],"version-history":[{"count":0,"href":"http:\/\/cronicasyversiones.com\/index.php?rest_route=\/wp\/v2\/posts\/5326\/revisions"}],"wp:attachment":[{"href":"http:\/\/cronicasyversiones.com\/index.php?rest_route=%2Fwp%2Fv2%2Fmedia&parent=5326"}],"wp:term":[{"taxonomy":"category","embeddable":true,"href":"http:\/\/cronicasyversiones.com\/index.php?rest_route=%2Fwp%2Fv2%2Fcategories&post=5326"},{"taxonomy":"post_tag","embeddable":true,"href":"http:\/\/cronicasyversiones.com\/index.php?rest_route=%2Fwp%2Fv2%2Ftags&post=5326"}],"curies":[{"name":"wp","href":"https:\/\/api.w.org\/{rel}","templated":true}]}}