{"id":5440,"date":"2015-02-27T00:01:09","date_gmt":"2015-02-27T03:01:09","guid":{"rendered":"http:\/\/cronicasyversiones.com\/?p=5440"},"modified":"2015-03-02T09:38:20","modified_gmt":"2015-03-02T12:38:20","slug":"una-nueva-entrega-de-alien-sera-protagonizada-por-sigourney-weaver","status":"publish","type":"post","link":"http:\/\/cronicasyversiones.com\/?p=5440","title":{"rendered":"Una nueva entrega de \u201cAlien\u201d ser\u00e1 protagonizada por Sigourney Weaver"},"content":{"rendered":"<div style=\"padding-bottom:20px; padding-top:10px;\" class=\"hupso-share-buttons\"><!-- Hupso Share Buttons - https:\/\/www.hupso.com\/share\/ --><a class=\"hupso_counters\" href=\"https:\/\/www.hupso.com\/share\/\"><img decoding=\"async\" src=\"http:\/\/static.hupso.com\/share\/buttons\/lang\/es\/share-small.png\" style=\"border:0px; padding-top:2px; float:left;\" alt=\"Share Button\"\/><\/a><script type=\"text\/javascript\">var hupso_services_c=new Array(\"twitter\",\"facebook_like\",\"google\");var hupso_counters_lang = \"es_LA\";var hupso_image_folder_url = \"\";var hupso_twitter_via=\"crsyvrs\";var hupso_url_c=\"\";<\/script><script type=\"text\/javascript\" src=\"http:\/\/static.hupso.com\/share\/js\/counters.js\"><\/script><!-- Hupso Share Buttons --><\/div><h2 style=\"text-align: justify;\">El film, dirigido por Neill Blomkamp, ser\u00e1 la continuaci\u00f3n de los dos primeros films, por lo que se descartar\u00e1 la continuidad de la tercera y cuarta pel\u00edcula de la saga.<\/h2>\n<p><img loading=\"lazy\" decoding=\"async\" class=\"aligncenter\" src=\"http:\/\/voiretmanger.fr\/wp-content\/2013\/05\/alien-3-sigourney-weaver-david-fincher.jpg\" alt=\"\" width=\"791\" height=\"534\" \/><\/p>\n<p style=\"text-align: justify;\">El sudafricano <strong>Neill Blomkamp<\/strong> ser\u00e1 el encargado de dirigir la quinta entrega de <em><strong>\u201cAlien\u201d,<\/strong> <\/em>que contar\u00e1 con la actuaci\u00f3n de <strong>Sigourney Weaver<\/strong> y con la que pretende cerrar la saga que comenz\u00f3 con <em><strong>\u201cAlien, el octavo pasajero\u201d<\/strong><\/em>, de <strong>Ridley Scott.<\/strong><\/p>\n<p style=\"text-align: justify;\">El realizador afirm\u00f3 que quiere que esta pel\u00edcula sea la continuaci\u00f3n de las primeras dos entregas y por esto descartar\u00e1 <em><strong>\u201cAlien: Resurrecci\u00f3n\u201d,<\/strong><\/em> dirigida por Jean-Pierre Jeunet y \u201c<em><strong>Alien 3\u201d,<\/strong><\/em> de David Fincher.<\/p>\n<p style=\"text-align: justify;\"><strong>\u00abHabl\u00e9 con Sigourney de su experiencia en las pel\u00edculas de la saga,<\/strong> de lo que pensaba sobre Ripley y dem\u00e1s. Eso cambi\u00f3 la pel\u00edcula que quer\u00eda hacer y se convirti\u00f3 en algo distinto. Se me qued\u00f3 grabado. Un a\u00f1o despu\u00e9s, durante la postproducci\u00f3n de Chappie, empec\u00e9 a darle forma a una pel\u00edcula con Sigourney\u00bb, declar\u00f3.<\/p>\n<p style=\"text-align: justify;\">Adem\u00e1s, Weaver, quien volver\u00e1 a encarnar a la teniente Ripley, declar\u00f3 que esta es una gran oportunidad para \u00ab<strong>darle un final apropiado a lo que fue una excelente historia\u00bb.<\/strong><\/p>\n<p style=\"text-align: justify;\">Por su parte, el creador de la saga, <strong>Ridley Scott<\/strong> prometio para el 2016 el estreno de <em><strong>\u00abPrometeo 2\u00bb,<\/strong> <\/em>una notable precuela de la saga de los monstruos dibujados por el talentoso artista plastico suizo <strong>H.R. Giger.<\/strong><\/p>\n<div style=\"padding-bottom:20px; padding-top:10px;\" class=\"hupso-share-buttons\"><!-- Hupso Share Buttons - https:\/\/www.hupso.com\/share\/ --><a class=\"hupso_counters\" href=\"https:\/\/www.hupso.com\/share\/\"><img decoding=\"async\" src=\"http:\/\/static.hupso.com\/share\/buttons\/lang\/es\/share-small.png\" style=\"border:0px; padding-top:2px; float:left;\" alt=\"Share Button\"\/><\/a><script type=\"text\/javascript\">var hupso_services_c=new Array(\"twitter\",\"facebook_like\",\"google\");var hupso_counters_lang = \"es_LA\";var hupso_image_folder_url = \"\";var hupso_twitter_via=\"crsyvrs\";var hupso_url_c=\"\";<\/script><script type=\"text\/javascript\" src=\"http:\/\/static.hupso.com\/share\/js\/counters.js\"><\/script><!-- Hupso Share Buttons --><\/div> ","protected":false},"excerpt":{"rendered":"<div style=\"padding-bottom:20px; padding-top:10px;\" class=\"hupso-share-buttons\"><!-- Hupso Share Buttons - https:\/\/www.hupso.com\/share\/ --><a class=\"hupso_counters\" href=\"https:\/\/www.hupso.com\/share\/\"><img src=\"http:\/\/static.hupso.com\/share\/buttons\/lang\/es\/share-small.png\" style=\"border:0px; padding-top:2px; float:left;\" alt=\"Share Button\"\/><\/a><script type=\"text\/javascript\">var hupso_services_c=new Array(\"twitter\",\"facebook_like\",\"google\");var hupso_counters_lang = \"es_LA\";var hupso_image_folder_url = \"\";var hupso_twitter_via=\"crsyvrs\";var hupso_url_c=\"\";<\/script><script type=\"text\/javascript\" src=\"http:\/\/static.hupso.com\/share\/js\/counters.js\"><\/script><!-- Hupso Share Buttons --><\/div><p>El film, dirigido por Neill Blomkamp, ser\u00e1 la continuaci\u00f3n de los dos primeros films, por lo que se descartar\u00e1 la continuidad de la tercera y cuarta pel\u00edcula de la saga. El sudafricano Neill Blomkamp ser\u00e1 el encargado de dirigir&#46;&#46;&#46;<\/p>\n<div style=\"padding-bottom:20px; padding-top:10px;\" class=\"hupso-share-buttons\"><!-- Hupso Share Buttons - https:\/\/www.hupso.com\/share\/ --><a class=\"hupso_counters\" href=\"https:\/\/www.hupso.com\/share\/\"><img src=\"http:\/\/static.hupso.com\/share\/buttons\/lang\/es\/share-small.png\" style=\"border:0px; padding-top:2px; float:left;\" alt=\"Share Button\"\/><\/a><script type=\"text\/javascript\">var hupso_services_c=new Array(\"twitter\",\"facebook_like\",\"google\");var hupso_counters_lang = \"es_LA\";var hupso_image_folder_url = \"\";var hupso_twitter_via=\"crsyvrs\";var hupso_url_c=\"\";<\/script><script type=\"text\/javascript\" src=\"http:\/\/static.hupso.com\/share\/js\/counters.js\"><\/script><!-- Hupso Share Buttons --><\/div>","protected":false},"author":5,"featured_media":0,"comment_status":"closed","ping_status":"closed","sticky":false,"template":"","format":"standard","meta":{"footnotes":""},"categories":[4],"tags":[1603,1602,3890,547,1868],"class_list":["post-5440","post","type-post","status-publish","format-standard","hentry","category-cine","tag-alien","tag-hans-ruedi-giger","tag-neill-blomkamp","tag-ridley-scott","tag-sigourney-weaver"],"_links":{"self":[{"href":"http:\/\/cronicasyversiones.com\/index.php?rest_route=\/wp\/v2\/posts\/5440","targetHints":{"allow":["GET"]}}],"collection":[{"href":"http:\/\/cronicasyversiones.com\/index.php?rest_route=\/wp\/v2\/posts"}],"about":[{"href":"http:\/\/cronicasyversiones.com\/index.php?rest_route=\/wp\/v2\/types\/post"}],"author":[{"embeddable":true,"href":"http:\/\/cronicasyversiones.com\/index.php?rest_route=\/wp\/v2\/users\/5"}],"replies":[{"embeddable":true,"href":"http:\/\/cronicasyversiones.com\/index.php?rest_route=%2Fwp%2Fv2%2Fcomments&post=5440"}],"version-history":[{"count":0,"href":"http:\/\/cronicasyversiones.com\/index.php?rest_route=\/wp\/v2\/posts\/5440\/revisions"}],"wp:attachment":[{"href":"http:\/\/cronicasyversiones.com\/index.php?rest_route=%2Fwp%2Fv2%2Fmedia&parent=5440"}],"wp:term":[{"taxonomy":"category","embeddable":true,"href":"http:\/\/cronicasyversiones.com\/index.php?rest_route=%2Fwp%2Fv2%2Fcategories&post=5440"},{"taxonomy":"post_tag","embeddable":true,"href":"http:\/\/cronicasyversiones.com\/index.php?rest_route=%2Fwp%2Fv2%2Ftags&post=5440"}],"curies":[{"name":"wp","href":"https:\/\/api.w.org\/{rel}","templated":true}]}}