{"id":5695,"date":"2015-03-26T00:01:16","date_gmt":"2015-03-26T03:01:16","guid":{"rendered":"http:\/\/cronicasyversiones.com\/?p=5695"},"modified":"2015-03-25T23:41:42","modified_gmt":"2015-03-26T02:41:42","slug":"charlie-hebdo-recibira-el-premio-pen","status":"publish","type":"post","link":"http:\/\/cronicasyversiones.com\/?p=5695","title":{"rendered":"Charlie Hebdo recibir\u00e1 el premio PEN"},"content":{"rendered":"<div style=\"padding-bottom:20px; padding-top:10px;\" class=\"hupso-share-buttons\"><!-- Hupso Share Buttons - https:\/\/www.hupso.com\/share\/ --><a class=\"hupso_counters\" href=\"https:\/\/www.hupso.com\/share\/\"><img decoding=\"async\" src=\"http:\/\/static.hupso.com\/share\/buttons\/lang\/es\/share-small.png\" style=\"border:0px; padding-top:2px; float:left;\" alt=\"Share Button\"\/><\/a><script type=\"text\/javascript\">var hupso_services_c=new Array(\"twitter\",\"facebook_like\",\"google\");var hupso_counters_lang = \"es_LA\";var hupso_image_folder_url = \"\";var hupso_twitter_via=\"crsyvrs\";var hupso_url_c=\"\";<\/script><script type=\"text\/javascript\" src=\"http:\/\/static.hupso.com\/share\/js\/counters.js\"><\/script><!-- Hupso Share Buttons --><\/div><h2 style=\"text-align: justify;\">El semanario franc\u00e9s sat\u00edrico, que sufir\u00f3 un grave atentado,\u00a0 ser\u00e1 homenajeado por esta organizaci\u00f3n literaria y de Derechos Humanos.<\/h2>\n<p><img loading=\"lazy\" decoding=\"async\" class=\" aligncenter\" src=\"http:\/\/www.lavozdigital.es\/abc-nacional\/multimedia\/201501\/07\/media\/charlie-hebdo-vineta_xoptimizadax--1352x900.jpg\" alt=\"\" width=\"790\" height=\"526\" \/><\/p>\n<p style=\"text-align: justify;\">\nLa revista sat\u00edrica parisina <strong>Charlie Hebdo,<\/strong> que fue v\u00edctima de un tiroteo mortal en enero por parte de militantes islamistas, ser\u00e1 homenajeada en la pr\u00f3xima gala del <strong>Centro Americano PEN.<\/strong><\/p>\n<p style=\"text-align: justify;\">La organizaci\u00f3n literaria y de Derechos Humanos anunci\u00f3 Charlie Hebdo recibir\u00e1 el<strong> premio PEN<\/strong>\/Toni y James C. Goodale <strong>al Valor por la Libertad de Expresi\u00f3n.<\/strong><\/p>\n<p style=\"text-align: justify;\"><strong>Jean-Baptiste Thoret,<\/strong> un cr\u00edtico de cine que lleg\u00f3 a las oficinas de Hebdo despu\u00e9s que ocho de sus colegas fueran asesinados, aceptar\u00e1 el premio en nombre de la revista.<\/p>\n<p style=\"text-align: justify;\">Adem\u00e1s, en la gala del 5 de mayo en Manhattan se entregar\u00e1 el premio PEN de la Fundaci\u00f3n Allen al Servicio Literario al dramaturgo Tom Stoppard, y el director ejecutivo de <strong>Penguin Random House<\/strong>, Markus Dohle, ser\u00e1 homenajeado por su \u00abpapel de liderazgo en la comunidad literaria global\u00bb.<\/p>\n<p style=\"text-align: justify;\">Los premios PEN han galardonado en el pasado a autores como Toni Morrison, Philip Roth y Salman Rushdie.<\/p>\n<div style=\"padding-bottom:20px; padding-top:10px;\" class=\"hupso-share-buttons\"><!-- Hupso Share Buttons - https:\/\/www.hupso.com\/share\/ --><a class=\"hupso_counters\" href=\"https:\/\/www.hupso.com\/share\/\"><img decoding=\"async\" src=\"http:\/\/static.hupso.com\/share\/buttons\/lang\/es\/share-small.png\" style=\"border:0px; padding-top:2px; float:left;\" alt=\"Share Button\"\/><\/a><script type=\"text\/javascript\">var hupso_services_c=new Array(\"twitter\",\"facebook_like\",\"google\");var hupso_counters_lang = \"es_LA\";var hupso_image_folder_url = \"\";var hupso_twitter_via=\"crsyvrs\";var hupso_url_c=\"\";<\/script><script type=\"text\/javascript\" src=\"http:\/\/static.hupso.com\/share\/js\/counters.js\"><\/script><!-- Hupso Share Buttons --><\/div> ","protected":false},"excerpt":{"rendered":"<div style=\"padding-bottom:20px; padding-top:10px;\" class=\"hupso-share-buttons\"><!-- Hupso Share Buttons - https:\/\/www.hupso.com\/share\/ --><a class=\"hupso_counters\" href=\"https:\/\/www.hupso.com\/share\/\"><img src=\"http:\/\/static.hupso.com\/share\/buttons\/lang\/es\/share-small.png\" style=\"border:0px; padding-top:2px; float:left;\" alt=\"Share Button\"\/><\/a><script type=\"text\/javascript\">var hupso_services_c=new Array(\"twitter\",\"facebook_like\",\"google\");var hupso_counters_lang = \"es_LA\";var hupso_image_folder_url = \"\";var hupso_twitter_via=\"crsyvrs\";var hupso_url_c=\"\";<\/script><script type=\"text\/javascript\" src=\"http:\/\/static.hupso.com\/share\/js\/counters.js\"><\/script><!-- Hupso Share Buttons --><\/div><p>El semanario franc\u00e9s sat\u00edrico, que sufir\u00f3 un grave atentado,\u00a0 ser\u00e1 homenajeado por esta organizaci\u00f3n literaria y de Derechos Humanos. La revista sat\u00edrica parisina Charlie Hebdo, que fue v\u00edctima de un tiroteo mortal en enero por parte de militantes islamistas,&#46;&#46;&#46;<\/p>\n<div style=\"padding-bottom:20px; padding-top:10px;\" class=\"hupso-share-buttons\"><!-- Hupso Share Buttons - https:\/\/www.hupso.com\/share\/ --><a class=\"hupso_counters\" href=\"https:\/\/www.hupso.com\/share\/\"><img src=\"http:\/\/static.hupso.com\/share\/buttons\/lang\/es\/share-small.png\" style=\"border:0px; padding-top:2px; float:left;\" alt=\"Share Button\"\/><\/a><script type=\"text\/javascript\">var hupso_services_c=new Array(\"twitter\",\"facebook_like\",\"google\");var hupso_counters_lang = \"es_LA\";var hupso_image_folder_url = \"\";var hupso_twitter_via=\"crsyvrs\";var hupso_url_c=\"\";<\/script><script type=\"text\/javascript\" src=\"http:\/\/static.hupso.com\/share\/js\/counters.js\"><\/script><!-- Hupso Share Buttons --><\/div>","protected":false},"author":5,"featured_media":0,"comment_status":"closed","ping_status":"closed","sticky":false,"template":"","format":"standard","meta":{"footnotes":""},"categories":[8],"tags":[4062,3634,4061],"class_list":["post-5695","post","type-post","status-publish","format-standard","hentry","category-artes-plasticas","tag-centro-americano-pen","tag-charlie-hebdo","tag-premios-pen"],"_links":{"self":[{"href":"http:\/\/cronicasyversiones.com\/index.php?rest_route=\/wp\/v2\/posts\/5695","targetHints":{"allow":["GET"]}}],"collection":[{"href":"http:\/\/cronicasyversiones.com\/index.php?rest_route=\/wp\/v2\/posts"}],"about":[{"href":"http:\/\/cronicasyversiones.com\/index.php?rest_route=\/wp\/v2\/types\/post"}],"author":[{"embeddable":true,"href":"http:\/\/cronicasyversiones.com\/index.php?rest_route=\/wp\/v2\/users\/5"}],"replies":[{"embeddable":true,"href":"http:\/\/cronicasyversiones.com\/index.php?rest_route=%2Fwp%2Fv2%2Fcomments&post=5695"}],"version-history":[{"count":0,"href":"http:\/\/cronicasyversiones.com\/index.php?rest_route=\/wp\/v2\/posts\/5695\/revisions"}],"wp:attachment":[{"href":"http:\/\/cronicasyversiones.com\/index.php?rest_route=%2Fwp%2Fv2%2Fmedia&parent=5695"}],"wp:term":[{"taxonomy":"category","embeddable":true,"href":"http:\/\/cronicasyversiones.com\/index.php?rest_route=%2Fwp%2Fv2%2Fcategories&post=5695"},{"taxonomy":"post_tag","embeddable":true,"href":"http:\/\/cronicasyversiones.com\/index.php?rest_route=%2Fwp%2Fv2%2Ftags&post=5695"}],"curies":[{"name":"wp","href":"https:\/\/api.w.org\/{rel}","templated":true}]}}