{"id":5839,"date":"2015-04-11T00:00:50","date_gmt":"2015-04-11T03:00:50","guid":{"rendered":"http:\/\/cronicasyversiones.com\/?p=5839"},"modified":"2015-12-05T17:07:57","modified_gmt":"2015-12-05T20:07:57","slug":"nebbia-aloras-soule-y-del-guercio-en-argentina-canta-a-latinoamerica","status":"publish","type":"post","link":"http:\/\/cronicasyversiones.com\/?p=5839","title":{"rendered":"Nebbia, Aloras, Soul\u00e9 y Del Guercio, en Argentina Canta a Latinoam\u00e9rica"},"content":{"rendered":"<div style=\"padding-bottom:20px; padding-top:10px;\" class=\"hupso-share-buttons\"><!-- Hupso Share Buttons - https:\/\/www.hupso.com\/share\/ --><a class=\"hupso_counters\" href=\"https:\/\/www.hupso.com\/share\/\"><img decoding=\"async\" src=\"http:\/\/static.hupso.com\/share\/buttons\/lang\/es\/share-small.png\" style=\"border:0px; padding-top:2px; float:left;\" alt=\"Share Button\"\/><\/a><script type=\"text\/javascript\">var hupso_services_c=new Array(\"twitter\",\"facebook_like\",\"google\");var hupso_counters_lang = \"es_LA\";var hupso_image_folder_url = \"\";var hupso_twitter_via=\"crsyvrs\";var hupso_url_c=\"\";<\/script><script type=\"text\/javascript\" src=\"http:\/\/static.hupso.com\/share\/js\/counters.js\"><\/script><!-- Hupso Share Buttons --><\/div><h2 style=\"text-align: justify;\">El recital ser\u00e1 en la sede de la Universidad Metropolitana para la Educaci\u00f3n y el Trabajo y se ofrecer\u00e1 un repertorio que incluye canciones de m\u00fasicos del continente.<\/h2>\n<p><img loading=\"lazy\" decoding=\"async\" class=\"aligncenter\" src=\"http:\/\/www.revista-onstage.com.ar\/web\/wp-content\/uploads\/2012\/02\/littonebbia.jpg\" alt=\"\" width=\"600\" height=\"360\" \/><\/p>\n<p>&nbsp;<\/p>\n<p>&nbsp;<\/p>\n<p style=\"text-align: justify;\"><strong>Lito Nebbia, Nito Mestre, Ricardo Soul\u00e9, Silvina Garr\u00e9, Emilio del Guercio, Gonzalo Aloras, Leo Garc\u00eda y Daniel Homer,<\/strong> entre otros m\u00fasicos, saldr\u00e1n a escena en el concierto <strong>Argentina Canta a Latinoam\u00e9rica por la Paz,<\/strong> que se desarrollar\u00e1 el pr\u00f3ximo martes 14 a las 18.30 en la sede de la <strong>Universidad Metropolitana para la Educaci\u00f3n y el Trabajo<\/strong>, en Sarmiento 2037 del barrio porte\u00f1o de Congreso.<\/p>\n<p style=\"text-align: justify;\">El evento, creado por la <strong>Universidad Nacional de Rosario<\/strong> y organizado en conjunto con Aeropuertos Argentina 2000, busca promover acciones que tiendan a fortalecer la cooperaci\u00f3n latinoamericana.<\/p>\n<p style=\"text-align: justify;\">En el recital se ofrecer\u00e1 un repertorio que incluye canciones de m\u00fasicos del continente como <strong>V\u00edctor Jara, Alfredo Zitarrosa, Vinicius de Moraes, An\u00edbal Troilo, Violeta Parra, Litto Nebbia y Jaime D\u00e1valos<\/strong>, entre otros.<\/p>\n<p style=\"text-align: justify;\">La presentaci\u00f3n en la universidad del Suteryh estar\u00e1 dedicada a los 36.000 estudiantes latinoamericanos que eligen estudiar en nuestro pa\u00ed\u00ads y pretende unir m\u00e1s los lazos de la diversidad latinoamericana a trav\u00e9s de la m\u00fasica de cada uno de los pa\u00edses.<\/p>\n<div style=\"padding-bottom:20px; padding-top:10px;\" class=\"hupso-share-buttons\"><!-- Hupso Share Buttons - https:\/\/www.hupso.com\/share\/ --><a class=\"hupso_counters\" href=\"https:\/\/www.hupso.com\/share\/\"><img decoding=\"async\" src=\"http:\/\/static.hupso.com\/share\/buttons\/lang\/es\/share-small.png\" style=\"border:0px; padding-top:2px; float:left;\" alt=\"Share Button\"\/><\/a><script type=\"text\/javascript\">var hupso_services_c=new Array(\"twitter\",\"facebook_like\",\"google\");var hupso_counters_lang = \"es_LA\";var hupso_image_folder_url = \"\";var hupso_twitter_via=\"crsyvrs\";var hupso_url_c=\"\";<\/script><script type=\"text\/javascript\" src=\"http:\/\/static.hupso.com\/share\/js\/counters.js\"><\/script><!-- Hupso Share Buttons --><\/div> ","protected":false},"excerpt":{"rendered":"<div style=\"padding-bottom:20px; padding-top:10px;\" class=\"hupso-share-buttons\"><!-- Hupso Share Buttons - https:\/\/www.hupso.com\/share\/ --><a class=\"hupso_counters\" href=\"https:\/\/www.hupso.com\/share\/\"><img src=\"http:\/\/static.hupso.com\/share\/buttons\/lang\/es\/share-small.png\" style=\"border:0px; padding-top:2px; float:left;\" alt=\"Share Button\"\/><\/a><script type=\"text\/javascript\">var hupso_services_c=new Array(\"twitter\",\"facebook_like\",\"google\");var hupso_counters_lang = \"es_LA\";var hupso_image_folder_url = \"\";var hupso_twitter_via=\"crsyvrs\";var hupso_url_c=\"\";<\/script><script type=\"text\/javascript\" src=\"http:\/\/static.hupso.com\/share\/js\/counters.js\"><\/script><!-- Hupso Share Buttons --><\/div><p>El recital ser\u00e1 en la sede de la Universidad Metropolitana para la Educaci\u00f3n y el Trabajo y se ofrecer\u00e1 un repertorio que incluye canciones de m\u00fasicos del continente. &nbsp; &nbsp; Lito Nebbia, Nito Mestre, Ricardo Soul\u00e9, Silvina Garr\u00e9, Emilio&#46;&#46;&#46;<\/p>\n<div style=\"padding-bottom:20px; padding-top:10px;\" class=\"hupso-share-buttons\"><!-- Hupso Share Buttons - https:\/\/www.hupso.com\/share\/ --><a class=\"hupso_counters\" href=\"https:\/\/www.hupso.com\/share\/\"><img src=\"http:\/\/static.hupso.com\/share\/buttons\/lang\/es\/share-small.png\" style=\"border:0px; padding-top:2px; float:left;\" alt=\"Share Button\"\/><\/a><script type=\"text\/javascript\">var hupso_services_c=new Array(\"twitter\",\"facebook_like\",\"google\");var hupso_counters_lang = \"es_LA\";var hupso_image_folder_url = \"\";var hupso_twitter_via=\"crsyvrs\";var hupso_url_c=\"\";<\/script><script type=\"text\/javascript\" src=\"http:\/\/static.hupso.com\/share\/js\/counters.js\"><\/script><!-- Hupso Share Buttons --><\/div>","protected":false},"author":5,"featured_media":0,"comment_status":"closed","ping_status":"closed","sticky":false,"template":"","format":"standard","meta":{"footnotes":""},"categories":[3],"tags":[4197,2641,4195,3945,4193,4194,1266,4190,4191,4192,4196,3163,4108],"class_list":["post-5839","post","type-post","status-publish","format-standard","hentry","category-musica","tag-alfredo-zitarrosa","tag-anibal-troilo","tag-argentina-canta-a-latinoamerica-por-la-paz","tag-emilio-del-guercio","tag-gonzalo-aloras","tag-leo-garcia","tag-litto-nebbia","tag-nito-mestre","tag-ricardo-soule","tag-silvina-garre","tag-victor-jara","tag-vinicius-de-moraes","tag-violeta-parra"],"_links":{"self":[{"href":"http:\/\/cronicasyversiones.com\/index.php?rest_route=\/wp\/v2\/posts\/5839","targetHints":{"allow":["GET"]}}],"collection":[{"href":"http:\/\/cronicasyversiones.com\/index.php?rest_route=\/wp\/v2\/posts"}],"about":[{"href":"http:\/\/cronicasyversiones.com\/index.php?rest_route=\/wp\/v2\/types\/post"}],"author":[{"embeddable":true,"href":"http:\/\/cronicasyversiones.com\/index.php?rest_route=\/wp\/v2\/users\/5"}],"replies":[{"embeddable":true,"href":"http:\/\/cronicasyversiones.com\/index.php?rest_route=%2Fwp%2Fv2%2Fcomments&post=5839"}],"version-history":[{"count":0,"href":"http:\/\/cronicasyversiones.com\/index.php?rest_route=\/wp\/v2\/posts\/5839\/revisions"}],"wp:attachment":[{"href":"http:\/\/cronicasyversiones.com\/index.php?rest_route=%2Fwp%2Fv2%2Fmedia&parent=5839"}],"wp:term":[{"taxonomy":"category","embeddable":true,"href":"http:\/\/cronicasyversiones.com\/index.php?rest_route=%2Fwp%2Fv2%2Fcategories&post=5839"},{"taxonomy":"post_tag","embeddable":true,"href":"http:\/\/cronicasyversiones.com\/index.php?rest_route=%2Fwp%2Fv2%2Ftags&post=5839"}],"curies":[{"name":"wp","href":"https:\/\/api.w.org\/{rel}","templated":true}]}}