{"id":5863,"date":"2015-04-14T00:01:16","date_gmt":"2015-04-14T03:01:16","guid":{"rendered":"http:\/\/cronicasyversiones.com\/?p=5863"},"modified":"2015-04-13T22:26:34","modified_gmt":"2015-04-14T01:26:34","slug":"la-tete-haute-de-emmanuelle-bercot-abrira-el-festival-de-cannes","status":"publish","type":"post","link":"http:\/\/cronicasyversiones.com\/?p=5863","title":{"rendered":"\u201cLa T\u00eate haute\u201d, de Emmanuelle Bercot, abrir\u00e1 el Festival de Cannes"},"content":{"rendered":"<div style=\"padding-bottom:20px; padding-top:10px;\" class=\"hupso-share-buttons\"><!-- Hupso Share Buttons - https:\/\/www.hupso.com\/share\/ --><a class=\"hupso_counters\" href=\"https:\/\/www.hupso.com\/share\/\"><img decoding=\"async\" src=\"http:\/\/static.hupso.com\/share\/buttons\/lang\/es\/share-small.png\" style=\"border:0px; padding-top:2px; float:left;\" alt=\"Share Button\"\/><\/a><script type=\"text\/javascript\">var hupso_services_c=new Array(\"twitter\",\"facebook_like\",\"google\");var hupso_counters_lang = \"es_LA\";var hupso_image_folder_url = \"\";var hupso_twitter_via=\"crsyvrs\";var hupso_url_c=\"\";<\/script><script type=\"text\/javascript\" src=\"http:\/\/static.hupso.com\/share\/js\/counters.js\"><\/script><!-- Hupso Share Buttons --><\/div><h2 style=\"text-align: justify;\">La pel\u00edcula de Emmanuelle Bercot narra la historia de un joven delincuente al que una juez y un educador intentan salvar de la marginalidad.<\/h2>\n<p><img loading=\"lazy\" decoding=\"async\" class=\" aligncenter\" src=\"http:\/\/static1.lavoixdunord.net\/sites\/default\/files\/imagecache\/vdn_photo_principale_article\/articles\/ophotos\/20140616\/660249771_B972941823Z.1_20140616190048_000_GJD2LFN1R.1-0.jpg\" alt=\"\" width=\"589\" height=\"335\" \/><\/p>\n<p style=\"text-align: justify;\">\n<em><strong>\u201cLa T\u00eate haute\u201d,<\/strong><\/em> de <strong>Emmanuelle Bercot<\/strong> y que narra la historia de un joven delincuente al que una juez y un educador intentan salvar de la marginalidad, es la escogida para la apertura de la 68 edici\u00f3n del <strong>Festival de Cannes,<\/strong> el pr\u00f3ximo 13 de mayo.<\/p>\n<p style=\"text-align: justify;\">La cita cinematogr\u00e1fica francesa, que se extender\u00e1 hasta el 24 de mayo, anunci\u00f3 en un comunicado que <em><strong>\u201cLa T\u00eate haute\u201d,<\/strong> <\/em>protagonizada por <strong>Rod Paradot, Catherine Deneuve, Beno\u00eet Magimel y Sara Forestier.<\/strong><\/p>\n<p style=\"text-align: justify;\">\u201cLa elecci\u00f3n de esta pel\u00edcula puede parecer sorprendente teniendo en cuenta los c\u00f3digos que generalmente se aplican en la apertura del Festival de Cannes\u201d, se\u00f1al\u00f3 su delegado general, Thierry Fr\u00e9maux, que a\u00f1adi\u00f3 que lo que se quiere es \u201ccomenzar con<strong> una obra diferente, fuerte y conmovedora\u201d.<\/strong><\/p>\n<p style=\"text-align: justify;\">La directora francesa, que es tambi\u00e9n<strong> guionista y actriz<\/strong>, tuvo una formaci\u00f3n como bailarina y de interpretaci\u00f3n antes de ponerse detr\u00e1s de la c\u00e1mara.<\/p>\n<p style=\"text-align: justify;\">El gui\u00f3n de \u201cLa T\u00eate haute\u201d, -que ya se ha vendido para su exhibici\u00f3n en varios pa\u00edses,\u00a0 lo escribieron Bercot con Marcia Romano. El director de fotograf\u00eda es Guillaume Schiffman.<\/p>\n<div style=\"padding-bottom:20px; padding-top:10px;\" class=\"hupso-share-buttons\"><!-- Hupso Share Buttons - https:\/\/www.hupso.com\/share\/ --><a class=\"hupso_counters\" href=\"https:\/\/www.hupso.com\/share\/\"><img decoding=\"async\" src=\"http:\/\/static.hupso.com\/share\/buttons\/lang\/es\/share-small.png\" style=\"border:0px; padding-top:2px; float:left;\" alt=\"Share Button\"\/><\/a><script type=\"text\/javascript\">var hupso_services_c=new Array(\"twitter\",\"facebook_like\",\"google\");var hupso_counters_lang = \"es_LA\";var hupso_image_folder_url = \"\";var hupso_twitter_via=\"crsyvrs\";var hupso_url_c=\"\";<\/script><script type=\"text\/javascript\" src=\"http:\/\/static.hupso.com\/share\/js\/counters.js\"><\/script><!-- Hupso Share Buttons --><\/div> ","protected":false},"excerpt":{"rendered":"<div style=\"padding-bottom:20px; padding-top:10px;\" class=\"hupso-share-buttons\"><!-- Hupso Share Buttons - https:\/\/www.hupso.com\/share\/ --><a class=\"hupso_counters\" href=\"https:\/\/www.hupso.com\/share\/\"><img src=\"http:\/\/static.hupso.com\/share\/buttons\/lang\/es\/share-small.png\" style=\"border:0px; padding-top:2px; float:left;\" alt=\"Share Button\"\/><\/a><script type=\"text\/javascript\">var hupso_services_c=new Array(\"twitter\",\"facebook_like\",\"google\");var hupso_counters_lang = \"es_LA\";var hupso_image_folder_url = \"\";var hupso_twitter_via=\"crsyvrs\";var hupso_url_c=\"\";<\/script><script type=\"text\/javascript\" src=\"http:\/\/static.hupso.com\/share\/js\/counters.js\"><\/script><!-- Hupso Share Buttons --><\/div><p>La pel\u00edcula de Emmanuelle Bercot narra la historia de un joven delincuente al que una juez y un educador intentan salvar de la marginalidad. \u201cLa T\u00eate haute\u201d, de Emmanuelle Bercot y que narra la historia de un joven delincuente&#46;&#46;&#46;<\/p>\n<div style=\"padding-bottom:20px; padding-top:10px;\" class=\"hupso-share-buttons\"><!-- Hupso Share Buttons - https:\/\/www.hupso.com\/share\/ --><a class=\"hupso_counters\" href=\"https:\/\/www.hupso.com\/share\/\"><img src=\"http:\/\/static.hupso.com\/share\/buttons\/lang\/es\/share-small.png\" style=\"border:0px; padding-top:2px; float:left;\" alt=\"Share Button\"\/><\/a><script type=\"text\/javascript\">var hupso_services_c=new Array(\"twitter\",\"facebook_like\",\"google\");var hupso_counters_lang = \"es_LA\";var hupso_image_folder_url = \"\";var hupso_twitter_via=\"crsyvrs\";var hupso_url_c=\"\";<\/script><script type=\"text\/javascript\" src=\"http:\/\/static.hupso.com\/share\/js\/counters.js\"><\/script><!-- Hupso Share Buttons --><\/div>","protected":false},"author":5,"featured_media":0,"comment_status":"closed","ping_status":"closed","sticky":false,"template":"","format":"standard","meta":{"footnotes":""},"categories":[4],"tags":[4212,4211,4209,971,4208,4210],"class_list":["post-5863","post","type-post","status-publish","format-standard","hentry","category-cine","tag-benoit-magimel","tag-catherine-deneuve","tag-emmanuelle-bercot","tag-festival-de-cannes","tag-la-tete-haute","tag-rod-paradot"],"_links":{"self":[{"href":"http:\/\/cronicasyversiones.com\/index.php?rest_route=\/wp\/v2\/posts\/5863","targetHints":{"allow":["GET"]}}],"collection":[{"href":"http:\/\/cronicasyversiones.com\/index.php?rest_route=\/wp\/v2\/posts"}],"about":[{"href":"http:\/\/cronicasyversiones.com\/index.php?rest_route=\/wp\/v2\/types\/post"}],"author":[{"embeddable":true,"href":"http:\/\/cronicasyversiones.com\/index.php?rest_route=\/wp\/v2\/users\/5"}],"replies":[{"embeddable":true,"href":"http:\/\/cronicasyversiones.com\/index.php?rest_route=%2Fwp%2Fv2%2Fcomments&post=5863"}],"version-history":[{"count":0,"href":"http:\/\/cronicasyversiones.com\/index.php?rest_route=\/wp\/v2\/posts\/5863\/revisions"}],"wp:attachment":[{"href":"http:\/\/cronicasyversiones.com\/index.php?rest_route=%2Fwp%2Fv2%2Fmedia&parent=5863"}],"wp:term":[{"taxonomy":"category","embeddable":true,"href":"http:\/\/cronicasyversiones.com\/index.php?rest_route=%2Fwp%2Fv2%2Fcategories&post=5863"},{"taxonomy":"post_tag","embeddable":true,"href":"http:\/\/cronicasyversiones.com\/index.php?rest_route=%2Fwp%2Fv2%2Ftags&post=5863"}],"curies":[{"name":"wp","href":"https:\/\/api.w.org\/{rel}","templated":true}]}}