{"id":6060,"date":"2015-05-01T00:00:22","date_gmt":"2015-05-01T03:00:22","guid":{"rendered":"http:\/\/cronicasyversiones.com\/?p=6060"},"modified":"2015-04-30T21:41:10","modified_gmt":"2015-05-01T00:41:10","slug":"a-34-anos-de-su-historica-visita-queen-regresa-a-la-argentina","status":"publish","type":"post","link":"http:\/\/cronicasyversiones.com\/?p=6060","title":{"rendered":"A 34 a\u00f1os de su hist\u00f3rica visita, Queen regresa a la Argentina"},"content":{"rendered":"<div style=\"padding-bottom:20px; padding-top:10px;\" class=\"hupso-share-buttons\"><!-- Hupso Share Buttons - https:\/\/www.hupso.com\/share\/ --><a class=\"hupso_counters\" href=\"https:\/\/www.hupso.com\/share\/\"><img decoding=\"async\" src=\"http:\/\/static.hupso.com\/share\/buttons\/lang\/es\/share-small.png\" style=\"border:0px; padding-top:2px; float:left;\" alt=\"Share Button\"\/><\/a><script type=\"text\/javascript\">var hupso_services_c=new Array(\"twitter\",\"facebook_like\",\"google\");var hupso_counters_lang = \"es_LA\";var hupso_image_folder_url = \"\";var hupso_twitter_via=\"crsyvrs\";var hupso_url_c=\"\";<\/script><script type=\"text\/javascript\" src=\"http:\/\/static.hupso.com\/share\/js\/counters.js\"><\/script><!-- Hupso Share Buttons --><\/div><h2 style=\"text-align: justify;\">La banda, con Adam Lambert como cantante y con los hist\u00f3ricos Brian May y Roger Taylor, repasar\u00e1 sus cl\u00e1sicos en una escala de su gira \u201cDon\u2019t Stop Them Now\u00bb.<\/h2>\n<p><img loading=\"lazy\" decoding=\"async\" class=\" aligncenter\" src=\"http:\/\/s2.glbimg.com\/Rx4Tsl09pwEVXsLdRBUWZVY-xcw=\/s.glbimg.com\/jo\/g1\/f\/original\/2015\/02\/26\/adamlambertqueen.jpg\" alt=\"\" width=\"769\" height=\"484\" \/><\/p>\n<p>A 34 a\u00f1os de la hist\u00f3rica visita de<strong> Queen<\/strong> a la Argentina, con <strong>Freddie Mercury<\/strong> como l\u00edder de la banda, y a siete de su \u00faltima actuaci\u00f3n, con <strong>Paul Rodger<\/strong> como cantante, la banda brit\u00e1nica regresar\u00e1 para brindar el 25 de septiembre un nuevo show en Buenos Aires.<br \/>\nEn esta oportunidad ser\u00e1<strong> Adam Lambert<\/strong> el que encabezar\u00e1 la formaci\u00f3n que integran los legendarios <strong>Brian May y Roger Taylor<\/strong>, los cuales se presentar\u00e1n en el estadio Gimnasia y Esgrima de Buenos Aires (GEBA), donde har\u00e1n un recorrido de sus cl\u00e1sicos en una escala de su gira<em><strong> \u201cDon\u2019t Stop Them Now\u00bb.<\/strong><\/em><\/p>\n<p>Lambert ser\u00e1 el encargado de ponerle la voz a una de las bandas m\u00e1s importantes de la historia del rock. El vocalista se uni\u00f3 a May y a Taylor despu\u00e9s del lanzamiento de su carrera art\u00edstica a trav\u00e9s de <strong>American Idol.<\/strong>En mayo de 2009, los miembros de Queen, Brian May y Roger Taylor compartieron escenario por primera vez con Lambert para una presentaci\u00f3n del cl\u00e1sico <em><strong>\u201cWe Are The Champions\u201d<\/strong><\/em> en el\u00a0 programa de talentos.<\/p>\n<p>Tres a\u00f1os m\u00e1s tarde, volvieron a reunirse para los <strong>MTV European Music Awards Belfast<\/strong>, en Irlanda, con ocho minutos electrizantes de \u201cThe Show Must Go On\u201d, \u201cWe Will Rock You\u201d and \u201cWe Are The Champions\u201d. Despu\u00e9sm Lambert acompa\u00f1\u00f3 a Queen en una serie de conciertos en Europa en pa\u00edses como Rusia, Ucrania y Polonia. Tambi\u00e9n se presentaron agotando entradas en Londres en el<strong> Hammersmith Apollo<\/strong><\/p>\n<p>Antes de su llegada a Argentina, Queen y Lambert, abrir\u00e1n el 18 de septiembre la primera noche del m\u00edtico<strong> Rock &amp; R\u00edo<\/strong>, con lo que se celebrar\u00e1 el regreso (30 a\u00f1os despu\u00e9s) de la banda a ese escenario, el cual pisaron por primera vez el 11 de enero de 1985.<\/p>\n<p>De este modo Queen volver\u00e1 a Argentina, donde se presentar\u00e1 por tercera vez, tras los hist\u00f3ricos shows de 1981, antes de la muerte de Mercury, y el regreso en 2008 con Paul Rodgers, cuando tocaron en V\u00e9lez.<\/p>\n<p><iframe loading=\"lazy\" src=\"https:\/\/www.youtube.com\/embed\/AzG0HBFRJnk\" width=\"784\" height=\"441\" frameborder=\"0\" allowfullscreen=\"allowfullscreen\"><\/iframe><\/p>\n<div style=\"padding-bottom:20px; padding-top:10px;\" class=\"hupso-share-buttons\"><!-- Hupso Share Buttons - https:\/\/www.hupso.com\/share\/ --><a class=\"hupso_counters\" href=\"https:\/\/www.hupso.com\/share\/\"><img decoding=\"async\" src=\"http:\/\/static.hupso.com\/share\/buttons\/lang\/es\/share-small.png\" style=\"border:0px; padding-top:2px; float:left;\" alt=\"Share Button\"\/><\/a><script type=\"text\/javascript\">var hupso_services_c=new Array(\"twitter\",\"facebook_like\",\"google\");var hupso_counters_lang = \"es_LA\";var hupso_image_folder_url = \"\";var hupso_twitter_via=\"crsyvrs\";var hupso_url_c=\"\";<\/script><script type=\"text\/javascript\" src=\"http:\/\/static.hupso.com\/share\/js\/counters.js\"><\/script><!-- Hupso Share Buttons --><\/div> ","protected":false},"excerpt":{"rendered":"<div style=\"padding-bottom:20px; padding-top:10px;\" class=\"hupso-share-buttons\"><!-- Hupso Share Buttons - https:\/\/www.hupso.com\/share\/ --><a class=\"hupso_counters\" href=\"https:\/\/www.hupso.com\/share\/\"><img src=\"http:\/\/static.hupso.com\/share\/buttons\/lang\/es\/share-small.png\" style=\"border:0px; padding-top:2px; float:left;\" alt=\"Share Button\"\/><\/a><script type=\"text\/javascript\">var hupso_services_c=new Array(\"twitter\",\"facebook_like\",\"google\");var hupso_counters_lang = \"es_LA\";var hupso_image_folder_url = \"\";var hupso_twitter_via=\"crsyvrs\";var hupso_url_c=\"\";<\/script><script type=\"text\/javascript\" src=\"http:\/\/static.hupso.com\/share\/js\/counters.js\"><\/script><!-- Hupso Share Buttons --><\/div><p>La banda, con Adam Lambert como cantante y con los hist\u00f3ricos Brian May y Roger Taylor, repasar\u00e1 sus cl\u00e1sicos en una escala de su gira \u201cDon\u2019t Stop Them Now\u00bb. A 34 a\u00f1os de la hist\u00f3rica visita de Queen a&#46;&#46;&#46;<\/p>\n<div style=\"padding-bottom:20px; padding-top:10px;\" class=\"hupso-share-buttons\"><!-- Hupso Share Buttons - https:\/\/www.hupso.com\/share\/ --><a class=\"hupso_counters\" href=\"https:\/\/www.hupso.com\/share\/\"><img src=\"http:\/\/static.hupso.com\/share\/buttons\/lang\/es\/share-small.png\" style=\"border:0px; padding-top:2px; float:left;\" alt=\"Share Button\"\/><\/a><script type=\"text\/javascript\">var hupso_services_c=new Array(\"twitter\",\"facebook_like\",\"google\");var hupso_counters_lang = \"es_LA\";var hupso_image_folder_url = \"\";var hupso_twitter_via=\"crsyvrs\";var hupso_url_c=\"\";<\/script><script type=\"text\/javascript\" src=\"http:\/\/static.hupso.com\/share\/js\/counters.js\"><\/script><!-- Hupso Share Buttons --><\/div>","protected":false},"author":5,"featured_media":0,"comment_status":"closed","ping_status":"closed","sticky":false,"template":"","format":"standard","meta":{"footnotes":""},"categories":[3],"tags":[935,147,144,4374,145,148],"class_list":["post-6060","post","type-post","status-publish","format-standard","hentry","category-musica","tag-adam-lambert","tag-brian-may","tag-freddie-mercury","tag-paul-rodger","tag-queen","tag-roger-taylor"],"_links":{"self":[{"href":"http:\/\/cronicasyversiones.com\/index.php?rest_route=\/wp\/v2\/posts\/6060","targetHints":{"allow":["GET"]}}],"collection":[{"href":"http:\/\/cronicasyversiones.com\/index.php?rest_route=\/wp\/v2\/posts"}],"about":[{"href":"http:\/\/cronicasyversiones.com\/index.php?rest_route=\/wp\/v2\/types\/post"}],"author":[{"embeddable":true,"href":"http:\/\/cronicasyversiones.com\/index.php?rest_route=\/wp\/v2\/users\/5"}],"replies":[{"embeddable":true,"href":"http:\/\/cronicasyversiones.com\/index.php?rest_route=%2Fwp%2Fv2%2Fcomments&post=6060"}],"version-history":[{"count":0,"href":"http:\/\/cronicasyversiones.com\/index.php?rest_route=\/wp\/v2\/posts\/6060\/revisions"}],"wp:attachment":[{"href":"http:\/\/cronicasyversiones.com\/index.php?rest_route=%2Fwp%2Fv2%2Fmedia&parent=6060"}],"wp:term":[{"taxonomy":"category","embeddable":true,"href":"http:\/\/cronicasyversiones.com\/index.php?rest_route=%2Fwp%2Fv2%2Fcategories&post=6060"},{"taxonomy":"post_tag","embeddable":true,"href":"http:\/\/cronicasyversiones.com\/index.php?rest_route=%2Fwp%2Fv2%2Ftags&post=6060"}],"curies":[{"name":"wp","href":"https:\/\/api.w.org\/{rel}","templated":true}]}}