{"id":6096,"date":"2015-05-06T00:02:00","date_gmt":"2015-05-06T03:02:00","guid":{"rendered":"http:\/\/cronicasyversiones.com\/?p=6096"},"modified":"2019-06-22T15:58:51","modified_gmt":"2019-06-22T18:58:51","slug":"orson-welles-el-director-de-citizen-kane-cumpliria-100-anos","status":"publish","type":"post","link":"http:\/\/cronicasyversiones.com\/?p=6096","title":{"rendered":"Orson Welles, el director de \u201cCitizen Kane\u201d, cumplir\u00eda 100 a\u00f1os"},"content":{"rendered":"<div style=\"padding-bottom:20px; padding-top:10px;\" class=\"hupso-share-buttons\"><!-- Hupso Share Buttons - https:\/\/www.hupso.com\/share\/ --><a class=\"hupso_counters\" href=\"https:\/\/www.hupso.com\/share\/\"><img decoding=\"async\" src=\"http:\/\/static.hupso.com\/share\/buttons\/lang\/es\/share-small.png\" style=\"border:0px; padding-top:2px; float:left;\" alt=\"Share Button\"\/><\/a><script type=\"text\/javascript\">var hupso_services_c=new Array(\"twitter\",\"facebook_like\",\"google\");var hupso_counters_lang = \"es_LA\";var hupso_image_folder_url = \"\";var hupso_twitter_via=\"crsyvrs\";var hupso_url_c=\"\";<\/script><script type=\"text\/javascript\" src=\"http:\/\/static.hupso.com\/share\/js\/counters.js\"><\/script><!-- Hupso Share Buttons --><\/div><h2 style=\"text-align: justify;\">Fue uno de los artistas m\u00e1s geniales y vers\u00e1tiles del sigo XX, desplegando su talento en cine, teatro radio y televisi\u00f3n. Adem\u00e1s, hizo cundir el p\u00e1nico con \u201cLa Guerra de los Mundos\u201d.<\/h2>\n<p><img loading=\"lazy\" decoding=\"async\" class=\"wp-image-23492 aligncenter\" src=\"http:\/\/cronicasyversiones.com\/wp-content\/uploads\/2015\/05\/orson.jpg\" alt=\"\" width=\"753\" height=\"502\" srcset=\"http:\/\/cronicasyversiones.com\/wp-content\/uploads\/2015\/05\/orson.jpg 900w, http:\/\/cronicasyversiones.com\/wp-content\/uploads\/2015\/05\/orson-300x200.jpg 300w, http:\/\/cronicasyversiones.com\/wp-content\/uploads\/2015\/05\/orson-768x512.jpg 768w, http:\/\/cronicasyversiones.com\/wp-content\/uploads\/2015\/05\/orson-480x320.jpg 480w\" sizes=\"auto, (max-width: 753px) 100vw, 753px\" \/><\/p>\n<p><img loading=\"lazy\" decoding=\"async\" class=\" aligncenter\" src=\"http:\/\/influencity.es\/blog\/wp-content\/uploads\/2014\/09\/orson-welles4.jpg\" alt=\"\" width=\"763\" height=\"429\" \/><\/p>\n<p style=\"text-align: justify;\"><strong>Orson Welles<\/strong> naci\u00f3 en Wisconsin, el 6 de mayo de 1915, hace exactamente 100 a\u00f1os, y fue uno de los <strong>artistas m\u00e1s geniales y vers\u00e1tiles del sigo XX<\/strong>, desplegando su talento en cine, teatro, radio y televisi\u00f3n.<\/p>\n<p style=\"text-align: justify;\">Su precocidad en el mundo del espect\u00e1culo comenz\u00f3 cuando <strong>ten\u00eda s\u00f3lo 16 a\u00f1os al hacerse pasar hizo pasar por una estrella de Broadway<\/strong> para conseguir trabajo en el Gate Theatre de Dubl\u00edn.<\/p>\n<p style=\"text-align: justify;\">Pronto se traslad\u00f3 a Nueva York, donde debut\u00f3 al a\u00f1o siguiente en<strong> Broadway<\/strong> con la representaci\u00f3n de <em><strong>\u00abRomeo y Julieta\u00bb<\/strong><\/em> y con 22 era el actor de teatro mejor pagado de Estados Unidos.<\/p>\n<p style=\"text-align: justify;\">Mientras que a los 23 realiz\u00f3 la famosa transmisi\u00f3n radiof\u00f3nica de<em><strong> \u201cLa Guerra de los Mundos\u201d<\/strong><\/em>. El realismo fue tal que la emisi\u00f3n caus\u00f3 que cunda el p\u00e1nico en Nueva Jersey, donde, seg\u00fan la obra, estaba teniendo lugar la invasi\u00f3n de los extraterrestres. Este episodio le dio fama mundial, lo que llev\u00f3 a la RKO Pictures a contratarlo en 1939 con plena libertad para escribir, producir y dirigir dos pel\u00edculas.<\/p>\n<p style=\"text-align: justify;\">Su derrotero creativo juvenil toc\u00f3 el punto creativo m\u00e1s alto, cuando ten\u00eda 25 a\u00f1os, cuando dirigi\u00f3<em><strong> \u201cCitizen Kane\u201d,<\/strong><\/em> la pel\u00edcula por la que RKO Pictures le pas\u00f3 un cheque en blanco. Con \u00e9l har\u00eda lo que querr\u00eda . El resto ya se sabe: Ciudadano Kane transform\u00f3 para siempre el orden y la relaci\u00f3n de las fuerzas en la historia del cine mundial.<\/p>\n<p style=\"text-align: justify;\">La pel\u00edcula dirigida, protagonizada y coescrita por el propio Welles, fue el \u00fanico largometraje en el que tuvo el total dominio del montaje y la producci\u00f3n. El resto de su vida s\u00f3lo ser\u00eda una infinita lucha por hacer films que <strong>tropezaban con la mediocridad de los productores,<\/strong> el conservadurismo de Hollywood y la propia ambici\u00f3n de Welles.<\/p>\n<p style=\"text-align: justify;\">Para el guion de su segunda pel\u00edcula, <em><strong>\u201cThe Magnificent Ambersons\u201d<\/strong><\/em> (1942), se bas\u00f3 en la novela <em><strong>\u201cThe magnificent Ambersons\u00bb<\/strong><\/em> de <strong>Booth Tarkington<\/strong>. El film reflejaba la vida de una familia norteamericana a principios del siglo XX. El montaje final de Welles fue alterado por la RKO hasta tal punto que el cineasta dijo que hab\u00edan arruinado su obra.<\/p>\n<p style=\"text-align: justify;\">Su extensa cinematograf\u00eda incluyo luego a<em><strong> \u201cEl extra\u00f1o\u201d<\/strong><\/em> (1946), <em><strong>\u201cLa dama de Shangh\u00e1i\u201d<\/strong><\/em> (1948), <em><strong>\u201cMr. Arkadin\u00bb<\/strong><\/em> (1954)\u201d y <em><strong>\u00abSed de mal\u00bb<\/strong><\/em> (Touch of Evil, 1958).<\/p>\n<p style=\"text-align: justify;\">En <em><strong>\u201cEl proceso\u201d<\/strong> <\/em>(1962) Welles intent\u00f3 adaptar la novela de<strong> Franz Kafka<\/strong> sirvi\u00e9ndose de su particular estilo cinematogr\u00e1fico. El resultado global fue desigual, aunque sobresaliente en muchas escenas, por su capacidad de crear un mundo paralelo al del escritor.<\/p>\n<p style=\"text-align: justify;\">Tambi\u00e9n buce\u00f3 en el universo de <strong>William Shakespeare<\/strong> en las adaptaciones de<em><strong> \u201cMacbeth\u201d<\/strong><\/em> (1948), <em><strong>\u201cOtelo\u201d<\/strong><\/em> (1952)5 y <em><strong>\u201cCampanadas a medianoche\u201d<\/strong><\/em> (1966). Termin\u00f3 acumulando 21 pel\u00edculas como director y m\u00e1s de 30 como actor, aunque en forma ca\u00f3tica y con algunos intervalos entre sus trabajos.<\/p>\n<p style=\"text-align: justify;\">El cineasta fue un eterno n\u00f3made sin domicilio fijo, que vivi\u00f3 en <strong>China, Europa y Estados Unidos,<\/strong> y fue un artista carism\u00e1tico, no s\u00f3lo por su talento, su imponente talla f\u00edsica, su voz grave y su inconfundible sagacidad, tambi\u00e9n por un esp\u00edritu aventurero que lo llev\u00f3 a diversificar sus intereses entre el teatro, la radio y el cine, y entre la actuaci\u00f3n, la producci\u00f3n el gui\u00f3n y la direcci\u00f3n.<\/p>\n<p style=\"text-align: justify;\">Seg\u00fan trascendi\u00f3 en medios europeos y estadounidenses, Welles dej\u00f3 una pel\u00edcula por terminar,<em> <strong>\u201cThe Other Side of the Wind\u201d,<\/strong> <\/em>con m\u00e1s de 1.000 bobinas de material f\u00edlmico guardadas bajo llave en un almac\u00e9n parisino, y cuyo contenido in\u00e9dito podr\u00eda estrenarse este a\u00f1o, luego de un largo litigio entre su hija y \u00fanica heredera, Beatrice, y los productores del film.<\/p>\n<p style=\"text-align: justify;\">Adem\u00e1s, aprovechando que se cumple una centuria de su nacimiento y en las v\u00edsperas de los 30 a\u00f1os de su muerte (falleci\u00f3 el 10 de octubre de 1985), buena parte de su obra se volver\u00e1 a exhibir en distintos puntos del globo y volver\u00e1 a ser materia de estudio.<\/p>\n<div style=\"padding-bottom:20px; padding-top:10px;\" class=\"hupso-share-buttons\"><!-- Hupso Share Buttons - https:\/\/www.hupso.com\/share\/ --><a class=\"hupso_counters\" href=\"https:\/\/www.hupso.com\/share\/\"><img decoding=\"async\" src=\"http:\/\/static.hupso.com\/share\/buttons\/lang\/es\/share-small.png\" style=\"border:0px; padding-top:2px; float:left;\" alt=\"Share Button\"\/><\/a><script type=\"text\/javascript\">var hupso_services_c=new Array(\"twitter\",\"facebook_like\",\"google\");var hupso_counters_lang = \"es_LA\";var hupso_image_folder_url = \"\";var hupso_twitter_via=\"crsyvrs\";var hupso_url_c=\"\";<\/script><script type=\"text\/javascript\" src=\"http:\/\/static.hupso.com\/share\/js\/counters.js\"><\/script><!-- Hupso Share Buttons --><\/div> ","protected":false},"excerpt":{"rendered":"<div style=\"padding-bottom:20px; padding-top:10px;\" class=\"hupso-share-buttons\"><!-- Hupso Share Buttons - https:\/\/www.hupso.com\/share\/ --><a class=\"hupso_counters\" href=\"https:\/\/www.hupso.com\/share\/\"><img src=\"http:\/\/static.hupso.com\/share\/buttons\/lang\/es\/share-small.png\" style=\"border:0px; padding-top:2px; float:left;\" alt=\"Share Button\"\/><\/a><script type=\"text\/javascript\">var hupso_services_c=new Array(\"twitter\",\"facebook_like\",\"google\");var hupso_counters_lang = \"es_LA\";var hupso_image_folder_url = \"\";var hupso_twitter_via=\"crsyvrs\";var hupso_url_c=\"\";<\/script><script type=\"text\/javascript\" src=\"http:\/\/static.hupso.com\/share\/js\/counters.js\"><\/script><!-- Hupso Share Buttons --><\/div><p>Fue uno de los artistas m\u00e1s geniales y vers\u00e1tiles del sigo XX, desplegando su talento en cine, teatro radio y televisi\u00f3n. Adem\u00e1s, hizo cundir el p\u00e1nico con \u201cLa Guerra de los Mundos\u201d. Orson Welles naci\u00f3 en Wisconsin, el 6&#46;&#46;&#46;<\/p>\n<div style=\"padding-bottom:20px; padding-top:10px;\" class=\"hupso-share-buttons\"><!-- Hupso Share Buttons - https:\/\/www.hupso.com\/share\/ --><a class=\"hupso_counters\" href=\"https:\/\/www.hupso.com\/share\/\"><img src=\"http:\/\/static.hupso.com\/share\/buttons\/lang\/es\/share-small.png\" style=\"border:0px; padding-top:2px; float:left;\" alt=\"Share Button\"\/><\/a><script type=\"text\/javascript\">var hupso_services_c=new Array(\"twitter\",\"facebook_like\",\"google\");var hupso_counters_lang = \"es_LA\";var hupso_image_folder_url = \"\";var hupso_twitter_via=\"crsyvrs\";var hupso_url_c=\"\";<\/script><script type=\"text\/javascript\" src=\"http:\/\/static.hupso.com\/share\/js\/counters.js\"><\/script><!-- Hupso Share Buttons --><\/div>","protected":false},"author":5,"featured_media":23492,"comment_status":"closed","ping_status":"closed","sticky":false,"template":"","format":"standard","meta":{"footnotes":""},"categories":[4,6],"tags":[3038,3209,1273],"class_list":["post-6096","post","type-post","status-publish","format-standard","has-post-thumbnail","hentry","category-cine","category-radio-y-tv","tag-franz-kafka","tag-orson-welles","tag-william-shakespeare"],"_links":{"self":[{"href":"http:\/\/cronicasyversiones.com\/index.php?rest_route=\/wp\/v2\/posts\/6096","targetHints":{"allow":["GET"]}}],"collection":[{"href":"http:\/\/cronicasyversiones.com\/index.php?rest_route=\/wp\/v2\/posts"}],"about":[{"href":"http:\/\/cronicasyversiones.com\/index.php?rest_route=\/wp\/v2\/types\/post"}],"author":[{"embeddable":true,"href":"http:\/\/cronicasyversiones.com\/index.php?rest_route=\/wp\/v2\/users\/5"}],"replies":[{"embeddable":true,"href":"http:\/\/cronicasyversiones.com\/index.php?rest_route=%2Fwp%2Fv2%2Fcomments&post=6096"}],"version-history":[{"count":0,"href":"http:\/\/cronicasyversiones.com\/index.php?rest_route=\/wp\/v2\/posts\/6096\/revisions"}],"wp:featuredmedia":[{"embeddable":true,"href":"http:\/\/cronicasyversiones.com\/index.php?rest_route=\/wp\/v2\/media\/23492"}],"wp:attachment":[{"href":"http:\/\/cronicasyversiones.com\/index.php?rest_route=%2Fwp%2Fv2%2Fmedia&parent=6096"}],"wp:term":[{"taxonomy":"category","embeddable":true,"href":"http:\/\/cronicasyversiones.com\/index.php?rest_route=%2Fwp%2Fv2%2Fcategories&post=6096"},{"taxonomy":"post_tag","embeddable":true,"href":"http:\/\/cronicasyversiones.com\/index.php?rest_route=%2Fwp%2Fv2%2Ftags&post=6096"}],"curies":[{"name":"wp","href":"https:\/\/api.w.org\/{rel}","templated":true}]}}