{"id":6150,"date":"2015-05-11T16:42:06","date_gmt":"2015-05-11T19:42:06","guid":{"rendered":"http:\/\/cronicasyversiones.com\/?p=6150"},"modified":"2015-05-11T16:42:06","modified_gmt":"2015-05-11T19:42:06","slug":"american-idol-llega-a-su-fin","status":"publish","type":"post","link":"http:\/\/cronicasyversiones.com\/?p=6150","title":{"rendered":"\u201cAmerican Idol\u201d llega a su fin"},"content":{"rendered":"<div style=\"padding-bottom:20px; padding-top:10px;\" class=\"hupso-share-buttons\"><!-- Hupso Share Buttons - https:\/\/www.hupso.com\/share\/ --><a class=\"hupso_counters\" href=\"https:\/\/www.hupso.com\/share\/\"><img decoding=\"async\" src=\"http:\/\/static.hupso.com\/share\/buttons\/lang\/es\/share-small.png\" style=\"border:0px; padding-top:2px; float:left;\" alt=\"Share Button\"\/><\/a><script type=\"text\/javascript\">var hupso_services_c=new Array(\"twitter\",\"facebook_like\",\"google\");var hupso_counters_lang = \"es_LA\";var hupso_image_folder_url = \"\";var hupso_twitter_via=\"crsyvrs\";var hupso_url_c=\"\";<\/script><script type=\"text\/javascript\" src=\"http:\/\/static.hupso.com\/share\/js\/counters.js\"><\/script><!-- Hupso Share Buttons --><\/div><h2 style=\"text-align: justify;\">La cadena Fox anunci\u00f3 que ciclo saldr\u00e1 al aire por \u00faltima vez en 2016. De este ciclo surgieron Jennifer Hudson, Kelly Clarkson Carrie Underwood y Adam Lambert.<\/h2>\n<p><img loading=\"lazy\" decoding=\"async\" class=\" aligncenter\" src=\"http:\/\/img.timeinc.net\/time\/photoessays\/2009\/american_idol\/kelly_clarkson_sing.jpg\" alt=\"\" width=\"778\" height=\"514\" \/><\/p>\n<p style=\"text-align: justify;\"><strong>Fox<\/strong> anunci\u00f3 que en el 2016 terminar\u00e1 <em><strong>\u201cAmerican Idol\u201d,<\/strong><\/em> su popular programa de cazatalentos, despu\u00e9s de quince temporadas exitosas en pantalla.<\/p>\n<p style=\"text-align: justify;\">La decimoquinta y \u00faltima edici\u00f3n del ciclo arrancar\u00e1 en enero con el presentador <strong>Ryan Seacrest y Jennifer L\u00f3pez, Keith Urban y Harry Connick Jr<\/strong>. en el jurado, seg\u00fan detall\u00f3 la cadena estadounidense.<\/p>\n<p style=\"text-align: justify;\">\u201c<strong>Ha sido un viaje fant\u00e1stico<\/strong> y me siento muy afortunado de haber podido formar parte de este programa que ha hecho historia en el mundo de la televisi\u00f3n de incontables maneras \u201d , se\u00f1al\u00f3 Seacrest en un comunicado.<\/p>\n<p style=\"text-align: justify;\">El programa <strong>sali\u00f3 al aire por primera vez en 2002 y<\/strong> logro, luego de ganar enorme popularidad, convertirse en uno de los programas de televisi\u00f3n que m\u00e1s ganancias obtiene por publicidad, seg\u00fan la revista Forbes.<\/p>\n<p style=\"text-align: justify;\">De <em><strong>\u201cAmerican Idol\u201d,<\/strong><\/em> que sigue un formato similar al de <em><strong>\u201cOperaci\u00f3n Triunfo\u201d<\/strong> <\/em>en Espa\u00f1a, Argentina y otros pa\u00edses o el reality brit\u00e1nico <em><strong>\u201cPop Idol\u201d,<\/strong><\/em> surgieron <strong>Jennifer Hudson, Kelly Clarkson o Carrie Underwood,<\/strong> entre otros cantantes.<\/p>\n<p style=\"text-align: justify;\">Tambi\u00e9n surgi\u00f3 de este ciclo <strong>Adam Lambert,<\/strong> quien actualmente forma parte de <strong>Queen<\/strong> tomando el lugar de voz principal de grupo, el rol que cumpli\u00f3 con maestr\u00eda <strong>Freddie Mercury.<\/strong><\/p>\n<p style=\"text-align: justify;\">En su pico de popularidad, en 2006, este <em><strong>\u201cAmerican Idol\u201d<\/strong><\/em> lleg\u00f3 a tener una audiencia media de unos 30 millones de telespectadores, superando a su competidor <em><strong>\u201cThe Voice\u201d<\/strong> <\/em>de la cadena NBC.<\/p>\n<div style=\"padding-bottom:20px; padding-top:10px;\" class=\"hupso-share-buttons\"><!-- Hupso Share Buttons - https:\/\/www.hupso.com\/share\/ --><a class=\"hupso_counters\" href=\"https:\/\/www.hupso.com\/share\/\"><img decoding=\"async\" src=\"http:\/\/static.hupso.com\/share\/buttons\/lang\/es\/share-small.png\" style=\"border:0px; padding-top:2px; float:left;\" alt=\"Share Button\"\/><\/a><script type=\"text\/javascript\">var hupso_services_c=new Array(\"twitter\",\"facebook_like\",\"google\");var hupso_counters_lang = \"es_LA\";var hupso_image_folder_url = \"\";var hupso_twitter_via=\"crsyvrs\";var hupso_url_c=\"\";<\/script><script type=\"text\/javascript\" src=\"http:\/\/static.hupso.com\/share\/js\/counters.js\"><\/script><!-- Hupso Share Buttons --><\/div> ","protected":false},"excerpt":{"rendered":"<div style=\"padding-bottom:20px; padding-top:10px;\" class=\"hupso-share-buttons\"><!-- Hupso Share Buttons - https:\/\/www.hupso.com\/share\/ --><a class=\"hupso_counters\" href=\"https:\/\/www.hupso.com\/share\/\"><img src=\"http:\/\/static.hupso.com\/share\/buttons\/lang\/es\/share-small.png\" style=\"border:0px; padding-top:2px; float:left;\" alt=\"Share Button\"\/><\/a><script type=\"text\/javascript\">var hupso_services_c=new Array(\"twitter\",\"facebook_like\",\"google\");var hupso_counters_lang = \"es_LA\";var hupso_image_folder_url = \"\";var hupso_twitter_via=\"crsyvrs\";var hupso_url_c=\"\";<\/script><script type=\"text\/javascript\" src=\"http:\/\/static.hupso.com\/share\/js\/counters.js\"><\/script><!-- Hupso Share Buttons --><\/div><p>La cadena Fox anunci\u00f3 que ciclo saldr\u00e1 al aire por \u00faltima vez en 2016. De este ciclo surgieron Jennifer Hudson, Kelly Clarkson Carrie Underwood y Adam Lambert. Fox anunci\u00f3 que en el 2016 terminar\u00e1 \u201cAmerican Idol\u201d, su popular programa&#46;&#46;&#46;<\/p>\n<div style=\"padding-bottom:20px; padding-top:10px;\" class=\"hupso-share-buttons\"><!-- Hupso Share Buttons - https:\/\/www.hupso.com\/share\/ --><a class=\"hupso_counters\" href=\"https:\/\/www.hupso.com\/share\/\"><img src=\"http:\/\/static.hupso.com\/share\/buttons\/lang\/es\/share-small.png\" style=\"border:0px; padding-top:2px; float:left;\" alt=\"Share Button\"\/><\/a><script type=\"text\/javascript\">var hupso_services_c=new Array(\"twitter\",\"facebook_like\",\"google\");var hupso_counters_lang = \"es_LA\";var hupso_image_folder_url = \"\";var hupso_twitter_via=\"crsyvrs\";var hupso_url_c=\"\";<\/script><script type=\"text\/javascript\" src=\"http:\/\/static.hupso.com\/share\/js\/counters.js\"><\/script><!-- Hupso Share Buttons --><\/div>","protected":false},"author":5,"featured_media":0,"comment_status":"closed","ping_status":"closed","sticky":false,"template":"","format":"standard","meta":{"footnotes":""},"categories":[6],"tags":[935,4447,4450,54,4448,4449,4452,4453,4451],"class_list":["post-6150","post","type-post","status-publish","format-standard","hentry","category-radio-y-tv","tag-adam-lambert","tag-american-idol","tag-carrie-underwood","tag-fox","tag-jennifer-hudson","tag-kelly-clarkson","tag-op-idol","tag-operacion-triunfo","tag-the-voice"],"_links":{"self":[{"href":"http:\/\/cronicasyversiones.com\/index.php?rest_route=\/wp\/v2\/posts\/6150","targetHints":{"allow":["GET"]}}],"collection":[{"href":"http:\/\/cronicasyversiones.com\/index.php?rest_route=\/wp\/v2\/posts"}],"about":[{"href":"http:\/\/cronicasyversiones.com\/index.php?rest_route=\/wp\/v2\/types\/post"}],"author":[{"embeddable":true,"href":"http:\/\/cronicasyversiones.com\/index.php?rest_route=\/wp\/v2\/users\/5"}],"replies":[{"embeddable":true,"href":"http:\/\/cronicasyversiones.com\/index.php?rest_route=%2Fwp%2Fv2%2Fcomments&post=6150"}],"version-history":[{"count":0,"href":"http:\/\/cronicasyversiones.com\/index.php?rest_route=\/wp\/v2\/posts\/6150\/revisions"}],"wp:attachment":[{"href":"http:\/\/cronicasyversiones.com\/index.php?rest_route=%2Fwp%2Fv2%2Fmedia&parent=6150"}],"wp:term":[{"taxonomy":"category","embeddable":true,"href":"http:\/\/cronicasyversiones.com\/index.php?rest_route=%2Fwp%2Fv2%2Fcategories&post=6150"},{"taxonomy":"post_tag","embeddable":true,"href":"http:\/\/cronicasyversiones.com\/index.php?rest_route=%2Fwp%2Fv2%2Ftags&post=6150"}],"curies":[{"name":"wp","href":"https:\/\/api.w.org\/{rel}","templated":true}]}}