{"id":6260,"date":"2015-05-21T14:57:27","date_gmt":"2015-05-21T17:57:27","guid":{"rendered":"http:\/\/cronicasyversiones.com\/?p=6260"},"modified":"2015-05-21T14:57:27","modified_gmt":"2015-05-21T17:57:27","slug":"magnifica-70-la-historia-del-cine-de-brasil-por-hbo","status":"publish","type":"post","link":"http:\/\/cronicasyversiones.com\/?p=6260","title":{"rendered":"\u00abMagn\u00edfica 70\u00bb, la historia del cine de Brasil por HBO"},"content":{"rendered":"<div style=\"padding-bottom:20px; padding-top:10px;\" class=\"hupso-share-buttons\"><!-- Hupso Share Buttons - https:\/\/www.hupso.com\/share\/ --><a class=\"hupso_counters\" href=\"https:\/\/www.hupso.com\/share\/\"><img decoding=\"async\" src=\"http:\/\/static.hupso.com\/share\/buttons\/lang\/es\/share-small.png\" style=\"border:0px; padding-top:2px; float:left;\" alt=\"Share Button\"\/><\/a><script type=\"text\/javascript\">var hupso_services_c=new Array(\"twitter\",\"facebook_like\",\"google\");var hupso_counters_lang = \"es_LA\";var hupso_image_folder_url = \"\";var hupso_twitter_via=\"crsyvrs\";var hupso_url_c=\"\";<\/script><script type=\"text\/javascript\" src=\"http:\/\/static.hupso.com\/share\/js\/counters.js\"><\/script><!-- Hupso Share Buttons --><\/div><h2 style=\"text-align: justify;\">La serie, que constar\u00e1 de 13 episodios, narra historias de la ciudad de San Pablo en los a\u00f1os &#8217;70 en el barrio llamado Luz, donde se concentraba la mayor\u00eda de la producci\u00f3n de f\u00edlmica de la \u00e9poca.<\/h2>\n<h2 style=\"text-align: justify;\"><img loading=\"lazy\" decoding=\"async\" class=\" aligncenter\" src=\"http:\/\/i0.statig.com.br\/bancodeimagens\/71\/88\/8u\/71888uteuwooh60al0mb4c0av.jpg\" alt=\"\" width=\"767\" height=\"480\" \/><\/h2>\n<h2 style=\"text-align: justify;\"><\/h2>\n<p><em><strong>\u00abMagn\u00edfica 70\u00bb<\/strong><\/em>, una serie que narra historias de la ciudad de <strong>San Pablo<\/strong> en los a\u00f1os &#8217;70 compuesta por 13 episodios, irrumpe en pantalla en <strong>HBO Latinoam\u00e9rica<\/strong> los domingos a partir de las 21.<\/p>\n<p>Las escenas transcurren en el m\u00edtico barrio llamado Luz, donde se concentraba la mayor\u00eda de la producci\u00f3n de cine de la \u00e9poca, en la regi\u00f3n conocida como <strong>Boca do Lixo<\/strong> (Boca de basura).<\/p>\n<p>Despu\u00e9s de su estreno por <strong>HBO,<\/strong> el primer episodio estar\u00e1 disponible en forma abierta y gratuita para el p\u00fablico en la plataforma de streaming del canal, HBO GO, por HBOMAX.tv y por la p\u00e1gina de <strong>YouTube de HBO Latinoam\u00e9rica.<\/strong><\/p>\n<p>Partiendo de una narrativa central pero con subtramas paralelas, <strong>la serie cuenta la historia de Vicente,<\/strong> un paulista de casi 40 a\u00f1os, casado, quien lleva una vida holgada pero reprimida.<\/p>\n<p>Vicente vive un matrimonio mon\u00f3tono con Isabel, hija de un duro general del Ej\u00e9rcito y trabaja en la oficina de la <strong>Censura Federal de San Pablo<\/strong> y pasa sus d\u00edas entre informes y sesiones de pel\u00edculas que debe censurar.<\/p>\n<p>Al ver la pel\u00edcula <em><strong>\u00abA Devassa da Estudante\u00bb (La Estudiante Fogosa)<\/strong><\/em>, queda deslumbrado con su protagonista, la misteriosa Dora Dumar; su fascinaci\u00f3n por ella lo lleva a Boca do Lixo, donde comienza a trabajar como director de pel\u00edculas con Manolo, due\u00f1o de la productora Magn\u00edfica Cinematogr\u00e1fica.<\/p>\n<p>En este seductor y ca\u00f3tico universo que los envuelve de manera irresistible, Vicente, Dora y Manolo viven un tri\u00e1ngulo amoroso marcado por la obsesi\u00f3n.<\/p>\n<p>El elenco principal cuenta con la participaci\u00f3n de Marcos Winter (Vicente), Maria Luiza Mendon\u00e7a (Isabel), Simone Spoladore (Dora), Adriano Garib (Manolo), Paulo Cesar Pereio (general Souto), Joana Fomm (Do\u00f1a Lucia), Bella Camero (\u00c1ngela), Rogerio Froes (Don Loren\u00e7o), Stepan Nercesian (Larsen), Pierre Baitelli (Dario), y Andr\u00e9 Frateschi (Flint), entre otros.<\/p>\n<div style=\"padding-bottom:20px; padding-top:10px;\" class=\"hupso-share-buttons\"><!-- Hupso Share Buttons - https:\/\/www.hupso.com\/share\/ --><a class=\"hupso_counters\" href=\"https:\/\/www.hupso.com\/share\/\"><img decoding=\"async\" src=\"http:\/\/static.hupso.com\/share\/buttons\/lang\/es\/share-small.png\" style=\"border:0px; padding-top:2px; float:left;\" alt=\"Share Button\"\/><\/a><script type=\"text\/javascript\">var hupso_services_c=new Array(\"twitter\",\"facebook_like\",\"google\");var hupso_counters_lang = \"es_LA\";var hupso_image_folder_url = \"\";var hupso_twitter_via=\"crsyvrs\";var hupso_url_c=\"\";<\/script><script type=\"text\/javascript\" src=\"http:\/\/static.hupso.com\/share\/js\/counters.js\"><\/script><!-- Hupso Share Buttons --><\/div> ","protected":false},"excerpt":{"rendered":"<div style=\"padding-bottom:20px; padding-top:10px;\" class=\"hupso-share-buttons\"><!-- Hupso Share Buttons - https:\/\/www.hupso.com\/share\/ --><a class=\"hupso_counters\" href=\"https:\/\/www.hupso.com\/share\/\"><img src=\"http:\/\/static.hupso.com\/share\/buttons\/lang\/es\/share-small.png\" style=\"border:0px; padding-top:2px; float:left;\" alt=\"Share Button\"\/><\/a><script type=\"text\/javascript\">var hupso_services_c=new Array(\"twitter\",\"facebook_like\",\"google\");var hupso_counters_lang = \"es_LA\";var hupso_image_folder_url = \"\";var hupso_twitter_via=\"crsyvrs\";var hupso_url_c=\"\";<\/script><script type=\"text\/javascript\" src=\"http:\/\/static.hupso.com\/share\/js\/counters.js\"><\/script><!-- Hupso Share Buttons --><\/div><p>La serie, que constar\u00e1 de 13 episodios, narra historias de la ciudad de San Pablo en los a\u00f1os &#8217;70 en el barrio llamado Luz, donde se concentraba la mayor\u00eda de la producci\u00f3n de f\u00edlmica de la \u00e9poca. \u00abMagn\u00edfica 70\u00bb,&#46;&#46;&#46;<\/p>\n<div style=\"padding-bottom:20px; padding-top:10px;\" class=\"hupso-share-buttons\"><!-- Hupso Share Buttons - https:\/\/www.hupso.com\/share\/ --><a class=\"hupso_counters\" href=\"https:\/\/www.hupso.com\/share\/\"><img src=\"http:\/\/static.hupso.com\/share\/buttons\/lang\/es\/share-small.png\" style=\"border:0px; padding-top:2px; float:left;\" alt=\"Share Button\"\/><\/a><script type=\"text\/javascript\">var hupso_services_c=new Array(\"twitter\",\"facebook_like\",\"google\");var hupso_counters_lang = \"es_LA\";var hupso_image_folder_url = \"\";var hupso_twitter_via=\"crsyvrs\";var hupso_url_c=\"\";<\/script><script type=\"text\/javascript\" src=\"http:\/\/static.hupso.com\/share\/js\/counters.js\"><\/script><!-- Hupso Share Buttons --><\/div>","protected":false},"author":5,"featured_media":0,"comment_status":"closed","ping_status":"closed","sticky":false,"template":"","format":"standard","meta":{"footnotes":""},"categories":[6],"tags":[1003,2286],"class_list":["post-6260","post","type-post","status-publish","format-standard","hentry","category-radio-y-tv","tag-hbo","tag-magnifica-70"],"_links":{"self":[{"href":"http:\/\/cronicasyversiones.com\/index.php?rest_route=\/wp\/v2\/posts\/6260","targetHints":{"allow":["GET"]}}],"collection":[{"href":"http:\/\/cronicasyversiones.com\/index.php?rest_route=\/wp\/v2\/posts"}],"about":[{"href":"http:\/\/cronicasyversiones.com\/index.php?rest_route=\/wp\/v2\/types\/post"}],"author":[{"embeddable":true,"href":"http:\/\/cronicasyversiones.com\/index.php?rest_route=\/wp\/v2\/users\/5"}],"replies":[{"embeddable":true,"href":"http:\/\/cronicasyversiones.com\/index.php?rest_route=%2Fwp%2Fv2%2Fcomments&post=6260"}],"version-history":[{"count":0,"href":"http:\/\/cronicasyversiones.com\/index.php?rest_route=\/wp\/v2\/posts\/6260\/revisions"}],"wp:attachment":[{"href":"http:\/\/cronicasyversiones.com\/index.php?rest_route=%2Fwp%2Fv2%2Fmedia&parent=6260"}],"wp:term":[{"taxonomy":"category","embeddable":true,"href":"http:\/\/cronicasyversiones.com\/index.php?rest_route=%2Fwp%2Fv2%2Fcategories&post=6260"},{"taxonomy":"post_tag","embeddable":true,"href":"http:\/\/cronicasyversiones.com\/index.php?rest_route=%2Fwp%2Fv2%2Ftags&post=6260"}],"curies":[{"name":"wp","href":"https:\/\/api.w.org\/{rel}","templated":true}]}}