{"id":6272,"date":"2015-05-23T00:07:10","date_gmt":"2015-05-23T03:07:10","guid":{"rendered":"http:\/\/cronicasyversiones.com\/?p=6272"},"modified":"2016-12-15T13:57:24","modified_gmt":"2016-12-15T16:57:24","slug":"paul-mccartney-y-lady-gaga-juntos-en-una-banda-de-sonido","status":"publish","type":"post","link":"http:\/\/cronicasyversiones.com\/?p=6272","title":{"rendered":"Paul McCartney y Lady Gaga, juntos en una banda de sonido"},"content":{"rendered":"<div style=\"padding-bottom:20px; padding-top:10px;\" class=\"hupso-share-buttons\"><!-- Hupso Share Buttons - https:\/\/www.hupso.com\/share\/ --><a class=\"hupso_counters\" href=\"https:\/\/www.hupso.com\/share\/\"><img decoding=\"async\" src=\"http:\/\/static.hupso.com\/share\/buttons\/lang\/es\/share-small.png\" style=\"border:0px; padding-top:2px; float:left;\" alt=\"Share Button\"\/><\/a><script type=\"text\/javascript\">var hupso_services_c=new Array(\"twitter\",\"facebook_like\",\"google\");var hupso_counters_lang = \"es_LA\";var hupso_image_folder_url = \"\";var hupso_twitter_via=\"crsyvrs\";var hupso_url_c=\"\";<\/script><script type=\"text\/javascript\" src=\"http:\/\/static.hupso.com\/share\/js\/counters.js\"><\/script><!-- Hupso Share Buttons --><\/div><h2 style=\"text-align: justify;\">El ex Beatle y la diva del Pop se encargar\u00e1n de la m\u00fasica de \u201cHigh in the clouds\u201d, el film que est\u00e1 basado en el libro infantil hom\u00f3nimo que public\u00f3 el m\u00fasico, junto con Philip Ardagh.<\/h2>\n<p><img loading=\"lazy\" decoding=\"async\" class=\"alignleft size-full wp-image-13197\" src=\"http:\/\/cronicasyversiones.com\/wp-content\/uploads\/2015\/05\/Paul.jpg\" alt=\"\" width=\"560\" height=\"315\" srcset=\"http:\/\/cronicasyversiones.com\/wp-content\/uploads\/2015\/05\/Paul.jpg 560w, http:\/\/cronicasyversiones.com\/wp-content\/uploads\/2015\/05\/Paul-300x169.jpg 300w\" sizes=\"auto, (max-width: 560px) 100vw, 560px\" \/><\/p>\n<p>&nbsp;<\/p>\n<p style=\"text-align: justify;\"><strong>Paul McCartney<\/strong> y<strong> Lady Gaga<\/strong> trabajaran juntos en la banda sonora de <em><strong>\u201cHigh in the clouds\u201d<\/strong><\/em>, el film que est\u00e1 basado en el libro infantil del mismo nombre que public\u00f3 el m\u00fasico, junto con<strong> Philip Ardagh<\/strong>, en 2005.<\/p>\n<p style=\"text-align: justify;\">Las escenas, rodadas bajo la lente de<strong> Cody Cameron,<\/strong> narran la historia de <strong>la ardilla Wirrel,<\/strong> que busca un legendario santuario de animales secreto despu\u00e9s de que su casa es invadida por los humanos, habr\u00eda sido concebida originalmente para una pel\u00edcula, por lo que su viaje a la gran pantalla deber\u00eda resultar particularmente satisfactorio para McCartney.<\/p>\n<p style=\"text-align: justify;\">Antes de conocerse la noticia de este trabajo conjunto entre el ex Beatle y la diva del Pop, apareci\u00f3 en las redes sociales hace unos meses una <strong>misteriosa fotograf\u00eda<\/strong> en la que aparec\u00eda la cantante con gesto triunfante junto a Paul McCartney en un estudio de grabaci\u00f3n.<\/p>\n<p style=\"text-align: justify;\">La imagen daba la vuelta al mundo y el texto que la acompa\u00f1aba desataba una gran expectaci\u00f3n acerca de una posible colaboraci\u00f3n. \u201c<strong>Tuvimos una maravillosa sesi\u00f3n con Sir Paul McCartney y amigos<\/strong>. \u00a1Trabajando en uno de sus muchos proyectos secretos! Grandes m\u00fasicos, vibraciones y un mont\u00f3n de risas\u201d, dec\u00eda entonces la diva del pop.<\/p>\n<p style=\"text-align: justify;\">El ex Beatle ya escribi\u00f3\u00a0varias canciones para la pel\u00edcula y tambi\u00e9n parece que pondr\u00e1 su voz a alguno de sus personajes.<\/p>\n<p style=\"text-align: justify;\"><em><strong>\u201cHigh To The Clouds\u201d<\/strong><\/em> estuvo en producci\u00f3n desde hace un par de a\u00f1os y fue descrita por McCartney como un \u201cproyecto de pasi\u00f3n\u201d que espera que se traduzca en \u201cuna pel\u00edcula animada c\u00e1lida, divertida y conmovedora que resonar\u00e1 en las audiencias de todo el mundo\u201d.<\/p>\n<p>&nbsp;<\/p>\n<p>&nbsp;<\/p>\n<div style=\"padding-bottom:20px; padding-top:10px;\" class=\"hupso-share-buttons\"><!-- Hupso Share Buttons - https:\/\/www.hupso.com\/share\/ --><a class=\"hupso_counters\" href=\"https:\/\/www.hupso.com\/share\/\"><img decoding=\"async\" src=\"http:\/\/static.hupso.com\/share\/buttons\/lang\/es\/share-small.png\" style=\"border:0px; padding-top:2px; float:left;\" alt=\"Share Button\"\/><\/a><script type=\"text\/javascript\">var hupso_services_c=new Array(\"twitter\",\"facebook_like\",\"google\");var hupso_counters_lang = \"es_LA\";var hupso_image_folder_url = \"\";var hupso_twitter_via=\"crsyvrs\";var hupso_url_c=\"\";<\/script><script type=\"text\/javascript\" src=\"http:\/\/static.hupso.com\/share\/js\/counters.js\"><\/script><!-- Hupso Share Buttons --><\/div> ","protected":false},"excerpt":{"rendered":"<div style=\"padding-bottom:20px; padding-top:10px;\" class=\"hupso-share-buttons\"><!-- Hupso Share Buttons - https:\/\/www.hupso.com\/share\/ --><a class=\"hupso_counters\" href=\"https:\/\/www.hupso.com\/share\/\"><img src=\"http:\/\/static.hupso.com\/share\/buttons\/lang\/es\/share-small.png\" style=\"border:0px; padding-top:2px; float:left;\" alt=\"Share Button\"\/><\/a><script type=\"text\/javascript\">var hupso_services_c=new Array(\"twitter\",\"facebook_like\",\"google\");var hupso_counters_lang = \"es_LA\";var hupso_image_folder_url = \"\";var hupso_twitter_via=\"crsyvrs\";var hupso_url_c=\"\";<\/script><script type=\"text\/javascript\" src=\"http:\/\/static.hupso.com\/share\/js\/counters.js\"><\/script><!-- Hupso Share Buttons --><\/div><p>El ex Beatle y la diva del Pop se encargar\u00e1n de la m\u00fasica de \u201cHigh in the clouds\u201d, el film que est\u00e1 basado en el libro infantil hom\u00f3nimo que public\u00f3 el m\u00fasico, junto con Philip Ardagh. &nbsp; Paul McCartney&#46;&#46;&#46;<\/p>\n<div style=\"padding-bottom:20px; padding-top:10px;\" class=\"hupso-share-buttons\"><!-- Hupso Share Buttons - https:\/\/www.hupso.com\/share\/ --><a class=\"hupso_counters\" href=\"https:\/\/www.hupso.com\/share\/\"><img src=\"http:\/\/static.hupso.com\/share\/buttons\/lang\/es\/share-small.png\" style=\"border:0px; padding-top:2px; float:left;\" alt=\"Share Button\"\/><\/a><script type=\"text\/javascript\">var hupso_services_c=new Array(\"twitter\",\"facebook_like\",\"google\");var hupso_counters_lang = \"es_LA\";var hupso_image_folder_url = \"\";var hupso_twitter_via=\"crsyvrs\";var hupso_url_c=\"\";<\/script><script type=\"text\/javascript\" src=\"http:\/\/static.hupso.com\/share\/js\/counters.js\"><\/script><!-- Hupso Share Buttons --><\/div>","protected":false},"author":5,"featured_media":0,"comment_status":"closed","ping_status":"closed","sticky":false,"template":"","format":"standard","meta":{"footnotes":""},"categories":[3,2778],"tags":[4516,4514,2347,192,4515],"class_list":["post-6272","post","type-post","status-publish","format-standard","hentry","category-musica","category-rincon-beatle","tag-cody-cameron","tag-high-to-the-clouds","tag-lady-gaga","tag-paul-mccartney","tag-philip-ardagh"],"_links":{"self":[{"href":"http:\/\/cronicasyversiones.com\/index.php?rest_route=\/wp\/v2\/posts\/6272","targetHints":{"allow":["GET"]}}],"collection":[{"href":"http:\/\/cronicasyversiones.com\/index.php?rest_route=\/wp\/v2\/posts"}],"about":[{"href":"http:\/\/cronicasyversiones.com\/index.php?rest_route=\/wp\/v2\/types\/post"}],"author":[{"embeddable":true,"href":"http:\/\/cronicasyversiones.com\/index.php?rest_route=\/wp\/v2\/users\/5"}],"replies":[{"embeddable":true,"href":"http:\/\/cronicasyversiones.com\/index.php?rest_route=%2Fwp%2Fv2%2Fcomments&post=6272"}],"version-history":[{"count":0,"href":"http:\/\/cronicasyversiones.com\/index.php?rest_route=\/wp\/v2\/posts\/6272\/revisions"}],"wp:attachment":[{"href":"http:\/\/cronicasyversiones.com\/index.php?rest_route=%2Fwp%2Fv2%2Fmedia&parent=6272"}],"wp:term":[{"taxonomy":"category","embeddable":true,"href":"http:\/\/cronicasyversiones.com\/index.php?rest_route=%2Fwp%2Fv2%2Fcategories&post=6272"},{"taxonomy":"post_tag","embeddable":true,"href":"http:\/\/cronicasyversiones.com\/index.php?rest_route=%2Fwp%2Fv2%2Ftags&post=6272"}],"curies":[{"name":"wp","href":"https:\/\/api.w.org\/{rel}","templated":true}]}}