{"id":6348,"date":"2015-05-31T10:28:34","date_gmt":"2015-05-31T13:28:34","guid":{"rendered":"http:\/\/cronicasyversiones.com\/?p=6348"},"modified":"2019-06-24T22:21:09","modified_gmt":"2019-06-25T01:21:09","slug":"los-confines-de-la-palabra-la-literatura-de-la-mano-de-liliana-bodoc","status":"publish","type":"post","link":"http:\/\/cronicasyversiones.com\/?p=6348","title":{"rendered":"\u201cLos confines de la palabra\u201d, la literatura de la mano de Liliana Bodoc"},"content":{"rendered":"<div style=\"padding-bottom:20px; padding-top:10px;\" class=\"hupso-share-buttons\"><!-- Hupso Share Buttons - https:\/\/www.hupso.com\/share\/ --><a class=\"hupso_counters\" href=\"https:\/\/www.hupso.com\/share\/\"><img decoding=\"async\" src=\"http:\/\/static.hupso.com\/share\/buttons\/lang\/es\/share-small.png\" style=\"border:0px; padding-top:2px; float:left;\" alt=\"Share Button\"\/><\/a><script type=\"text\/javascript\">var hupso_services_c=new Array(\"twitter\",\"facebook_like\",\"google\");var hupso_counters_lang = \"es_LA\";var hupso_image_folder_url = \"\";var hupso_twitter_via=\"crsyvrs\";var hupso_url_c=\"\";<\/script><script type=\"text\/javascript\" src=\"http:\/\/static.hupso.com\/share\/js\/counters.js\"><\/script><!-- Hupso Share Buttons --><\/div><h2 style=\"text-align: justify;\">En el ciclo, que saldr\u00e1 al aire por Encuentro, la escritora propone un recorrido por lo po\u00e9tico, la muerte, lo m\u00e1gico y la memoria, cuatro tem\u00e1ticas fundamentales en su obra.<\/h2>\n<p><img loading=\"lazy\" decoding=\"async\" class=\"size-full wp-image-23528 aligncenter\" src=\"http:\/\/cronicasyversiones.com\/wp-content\/uploads\/2015\/05\/bodoc-16-768x432.jpg\" alt=\"\" width=\"768\" height=\"432\" srcset=\"http:\/\/cronicasyversiones.com\/wp-content\/uploads\/2015\/05\/bodoc-16-768x432.jpg 768w, http:\/\/cronicasyversiones.com\/wp-content\/uploads\/2015\/05\/bodoc-16-768x432-300x169.jpg 300w\" sizes=\"auto, (max-width: 768px) 100vw, 768px\" \/><\/p>\n<p style=\"text-align: justify;\">El pr\u00f3ximo jueves 4 la se\u00f1al <strong>Encuentro<\/strong> pone en pantalla desde las 21 presente a <em><strong>\u201cLos confines de la palabra\u201d,<\/strong><\/em> un ciclo estreno, con la conducci\u00f3n de la escritora <strong>Liliana Bodoc.<\/strong><\/p>\n<p style=\"text-align: justify;\">La autora, una referencia de la literatura fant\u00e1stica en la Argentina, propone un recorrido por lo po\u00e9tico, la muerte, lo m\u00e1gico y la memoria, cuatro tem\u00e1ticas fundamentales en su literatura.<\/p>\n<p style=\"text-align: justify;\">Para trazar ese recorrido, la escritora santafesina que public\u00f3 exitosos libros como \u201c<strong>Los d\u00edas del Venado\u201d<\/strong>, \u201c<strong>Los d\u00edas de la Sombra\u201d<\/strong> y el reciente <em><strong>\u201cTiempo de Dragones\u201d<\/strong><\/em>, recurrir\u00e1 a textos, especialistas y amigos.<\/p>\n<p style=\"text-align: justify;\">Liliana Bodoc public\u00f3 su primera novela, <strong><em>\u201cLos d\u00edas del Venado<\/em>\u201d<\/strong> en el a\u00f1o 2000 bajo la editorial Norma. Esta obra fue premiada en la Feria del Libro de Buenos Aires y obtuvo la menci\u00f3n especial de <strong>The White Ravens,<\/strong> en el a\u00f1o 2002. Sorprendi\u00f3 a la cr\u00edtica en general por haber creado una novela interesante y atrapante, cuando hab\u00eda pocos antecedentes en el g\u00e9nero \u00e9pico en Argentina.<\/p>\n<p style=\"text-align: justify;\">En 2002 public\u00f3 la secuela de \u201cLos d\u00edas del Venado\u201d con el t\u00edtulo de<em><strong> \u201cLos d\u00edas de la Sombra\u201d<\/strong> <\/em>que tambi\u00e9n goz\u00f3 de buenas cr\u00edticas. En 2004 public\u00f3 el tercer y \u00faltimo libro de la <em><strong>\u201cSaga de los Confines\u201d,<\/strong><\/em> la denominaci\u00f3n al conjunto de los tres t\u00edtulos.<\/p>\n<p style=\"text-align: justify;\">Adem\u00e1s, la escritora argentina, una de las referentes de la literatura fant\u00e1stica latinoamericana, est\u00e1 trabajando en un proyecto con el artista pl\u00e1stico <strong>Ciruelo<\/strong> en la versi\u00f3n definitiva del guion de <em><strong>\u00abTiempo de dragones\u00bb,<\/strong><\/em> la primera pel\u00edcula argentina de g\u00e9nero \u00e9pico que se rodar\u00e1 en <strong>Hollywood<\/strong> con direcci\u00f3n del argentino <strong>Pablo Helman,<\/strong> con dragones de la Am\u00e9rica originaria como protagonistas.<\/p>\n<div style=\"padding-bottom:20px; padding-top:10px;\" class=\"hupso-share-buttons\"><!-- Hupso Share Buttons - https:\/\/www.hupso.com\/share\/ --><a class=\"hupso_counters\" href=\"https:\/\/www.hupso.com\/share\/\"><img decoding=\"async\" src=\"http:\/\/static.hupso.com\/share\/buttons\/lang\/es\/share-small.png\" style=\"border:0px; padding-top:2px; float:left;\" alt=\"Share Button\"\/><\/a><script type=\"text\/javascript\">var hupso_services_c=new Array(\"twitter\",\"facebook_like\",\"google\");var hupso_counters_lang = \"es_LA\";var hupso_image_folder_url = \"\";var hupso_twitter_via=\"crsyvrs\";var hupso_url_c=\"\";<\/script><script type=\"text\/javascript\" src=\"http:\/\/static.hupso.com\/share\/js\/counters.js\"><\/script><!-- Hupso Share Buttons --><\/div> ","protected":false},"excerpt":{"rendered":"<div style=\"padding-bottom:20px; padding-top:10px;\" class=\"hupso-share-buttons\"><!-- Hupso Share Buttons - https:\/\/www.hupso.com\/share\/ --><a class=\"hupso_counters\" href=\"https:\/\/www.hupso.com\/share\/\"><img src=\"http:\/\/static.hupso.com\/share\/buttons\/lang\/es\/share-small.png\" style=\"border:0px; padding-top:2px; float:left;\" alt=\"Share Button\"\/><\/a><script type=\"text\/javascript\">var hupso_services_c=new Array(\"twitter\",\"facebook_like\",\"google\");var hupso_counters_lang = \"es_LA\";var hupso_image_folder_url = \"\";var hupso_twitter_via=\"crsyvrs\";var hupso_url_c=\"\";<\/script><script type=\"text\/javascript\" src=\"http:\/\/static.hupso.com\/share\/js\/counters.js\"><\/script><!-- Hupso Share Buttons --><\/div><p>En el ciclo, que saldr\u00e1 al aire por Encuentro, la escritora propone un recorrido por lo po\u00e9tico, la muerte, lo m\u00e1gico y la memoria, cuatro tem\u00e1ticas fundamentales en su obra. El pr\u00f3ximo jueves 4 la se\u00f1al Encuentro pone en&#46;&#46;&#46;<\/p>\n<div style=\"padding-bottom:20px; padding-top:10px;\" class=\"hupso-share-buttons\"><!-- Hupso Share Buttons - https:\/\/www.hupso.com\/share\/ --><a class=\"hupso_counters\" href=\"https:\/\/www.hupso.com\/share\/\"><img src=\"http:\/\/static.hupso.com\/share\/buttons\/lang\/es\/share-small.png\" style=\"border:0px; padding-top:2px; float:left;\" alt=\"Share Button\"\/><\/a><script type=\"text\/javascript\">var hupso_services_c=new Array(\"twitter\",\"facebook_like\",\"google\");var hupso_counters_lang = \"es_LA\";var hupso_image_folder_url = \"\";var hupso_twitter_via=\"crsyvrs\";var hupso_url_c=\"\";<\/script><script type=\"text\/javascript\" src=\"http:\/\/static.hupso.com\/share\/js\/counters.js\"><\/script><!-- Hupso Share Buttons --><\/div>","protected":false},"author":5,"featured_media":23528,"comment_status":"closed","ping_status":"closed","sticky":false,"template":"","format":"standard","meta":{"footnotes":""},"categories":[6],"tags":[],"class_list":["post-6348","post","type-post","status-publish","format-standard","has-post-thumbnail","hentry","category-radio-y-tv"],"_links":{"self":[{"href":"http:\/\/cronicasyversiones.com\/index.php?rest_route=\/wp\/v2\/posts\/6348","targetHints":{"allow":["GET"]}}],"collection":[{"href":"http:\/\/cronicasyversiones.com\/index.php?rest_route=\/wp\/v2\/posts"}],"about":[{"href":"http:\/\/cronicasyversiones.com\/index.php?rest_route=\/wp\/v2\/types\/post"}],"author":[{"embeddable":true,"href":"http:\/\/cronicasyversiones.com\/index.php?rest_route=\/wp\/v2\/users\/5"}],"replies":[{"embeddable":true,"href":"http:\/\/cronicasyversiones.com\/index.php?rest_route=%2Fwp%2Fv2%2Fcomments&post=6348"}],"version-history":[{"count":0,"href":"http:\/\/cronicasyversiones.com\/index.php?rest_route=\/wp\/v2\/posts\/6348\/revisions"}],"wp:featuredmedia":[{"embeddable":true,"href":"http:\/\/cronicasyversiones.com\/index.php?rest_route=\/wp\/v2\/media\/23528"}],"wp:attachment":[{"href":"http:\/\/cronicasyversiones.com\/index.php?rest_route=%2Fwp%2Fv2%2Fmedia&parent=6348"}],"wp:term":[{"taxonomy":"category","embeddable":true,"href":"http:\/\/cronicasyversiones.com\/index.php?rest_route=%2Fwp%2Fv2%2Fcategories&post=6348"},{"taxonomy":"post_tag","embeddable":true,"href":"http:\/\/cronicasyversiones.com\/index.php?rest_route=%2Fwp%2Fv2%2Ftags&post=6348"}],"curies":[{"name":"wp","href":"https:\/\/api.w.org\/{rel}","templated":true}]}}