{"id":6507,"date":"2015-06-18T00:01:55","date_gmt":"2015-06-18T03:01:55","guid":{"rendered":"http:\/\/cronicasyversiones.com\/?p=6507"},"modified":"2015-06-18T00:56:55","modified_gmt":"2015-06-18T03:56:55","slug":"un-konex-de-honor-a-luis-alberto-spinetta","status":"publish","type":"post","link":"http:\/\/cronicasyversiones.com\/?p=6507","title":{"rendered":"Un Konex de Honor, a Luis Alberto Spinetta"},"content":{"rendered":"<div style=\"padding-bottom:20px; padding-top:10px;\" class=\"hupso-share-buttons\"><!-- Hupso Share Buttons - https:\/\/www.hupso.com\/share\/ --><a class=\"hupso_counters\" href=\"https:\/\/www.hupso.com\/share\/\"><img decoding=\"async\" src=\"http:\/\/static.hupso.com\/share\/buttons\/lang\/es\/share-small.png\" style=\"border:0px; padding-top:2px; float:left;\" alt=\"Share Button\"\/><\/a><script type=\"text\/javascript\">var hupso_services_c=new Array(\"twitter\",\"facebook_like\",\"google\");var hupso_counters_lang = \"es_LA\";var hupso_image_folder_url = \"\";var hupso_twitter_via=\"crsyvrs\";var hupso_url_c=\"\";<\/script><script type=\"text\/javascript\" src=\"http:\/\/static.hupso.com\/share\/js\/counters.js\"><\/script><!-- Hupso Share Buttons --><\/div><h2 style=\"text-align: justify;\">La entidad anunci\u00f3 una menci\u00f3n especial para el \u201cFlaco\u201d y una lista de 100 nominados en tango, folklore, pop, rock y canci\u00f3n.<\/h2>\n<p><img loading=\"lazy\" decoding=\"async\" class=\" aligncenter\" src=\"http:\/\/tn-ar.cdncmd.com\/sites\/default\/files\/imagecache\/970x545-nocrop\/2013\/08\/08\/spinettachica.jpg\" alt=\"\" width=\"770\" height=\"433\" \/><\/p>\n<p style=\"text-align: justify;\">Un <strong>Konex de Honor<\/strong> para <strong>Luis Alberto Spinetta<\/strong> y una lista de 100 nominados en tango, folclore, pop, rock y canci\u00f3n por la actividad desplegada entre 2005 y 2014, conforman el crisol de las personalidades m\u00e1s destacadas de la m\u00fasica popular argentina para la Fundaci\u00f3n Konex.<\/p>\n<p style=\"text-align: justify;\">La entidad que preside <strong>Luis Ovsejevich<\/strong> es parte de un jurado presidido por Ra\u00fal Lavi\u00e9 e integrado por otros m\u00fasicos, cr\u00edticos y especialistas para configurar a los integrantes de las 21 disciplinas que recibir\u00e1n su diploma al m\u00e9rito en una ceremonia que se realizar\u00e1 el 16 de septiembre en Ciudad Cultural Konex (Sarmiento 3131, Capital).<\/p>\n<p style=\"text-align: justify;\">La larga n\u00f3mina incluye a consagrados, varios fallecidos (entre ellos <strong>Sandro, Leopoldo Federico, Gustavo Cerati y Ra\u00fal Carnota)<\/strong> e, inevitablemente, varias ausencias.<\/p>\n<p style=\"text-align: justify;\">Entre ellas figuras de gran popularidad como el Chaque\u00f1o Palavecino, Charly Garc\u00eda, Los Nocheros, Soledad y D\u00fao Coplanacu, tambi\u00e9n faltan tangueros como el Tata Cedr\u00f3n y Ra\u00fal Mederos, instrumentistas de la talla de Chango Spasiuk, Juan Fal\u00fa y Luis Salinas, el jazzero Ernesto Jodos y bandas independientes como Carajo, Acorazado Potemkin, Estelares, Eruca Sativa y \u00c9l mato a un polic\u00eda motorizado.<\/p>\n<p style=\"text-align: justify;\">El <strong>Gran Jurado de los Premios Konex 2015<\/strong> elegir\u00e1 a los ganadores del Konex de Platino -seleccionado en funci\u00f3n de la trayectoria- y el Konex de Brillante, m\u00e1ximo galard\u00f3n de la Fundaci\u00f3n Konex, para el artista m\u00e1s destacado, en otra ceremonia programada para el 10 de noviembre.<\/p>\n<p style=\"text-align: justify;\">\n<div style=\"padding-bottom:20px; padding-top:10px;\" class=\"hupso-share-buttons\"><!-- Hupso Share Buttons - https:\/\/www.hupso.com\/share\/ --><a class=\"hupso_counters\" href=\"https:\/\/www.hupso.com\/share\/\"><img decoding=\"async\" src=\"http:\/\/static.hupso.com\/share\/buttons\/lang\/es\/share-small.png\" style=\"border:0px; padding-top:2px; float:left;\" alt=\"Share Button\"\/><\/a><script type=\"text\/javascript\">var hupso_services_c=new Array(\"twitter\",\"facebook_like\",\"google\");var hupso_counters_lang = \"es_LA\";var hupso_image_folder_url = \"\";var hupso_twitter_via=\"crsyvrs\";var hupso_url_c=\"\";<\/script><script type=\"text\/javascript\" src=\"http:\/\/static.hupso.com\/share\/js\/counters.js\"><\/script><!-- Hupso Share Buttons --><\/div> ","protected":false},"excerpt":{"rendered":"<div style=\"padding-bottom:20px; padding-top:10px;\" class=\"hupso-share-buttons\"><!-- Hupso Share Buttons - https:\/\/www.hupso.com\/share\/ --><a class=\"hupso_counters\" href=\"https:\/\/www.hupso.com\/share\/\"><img src=\"http:\/\/static.hupso.com\/share\/buttons\/lang\/es\/share-small.png\" style=\"border:0px; padding-top:2px; float:left;\" alt=\"Share Button\"\/><\/a><script type=\"text\/javascript\">var hupso_services_c=new Array(\"twitter\",\"facebook_like\",\"google\");var hupso_counters_lang = \"es_LA\";var hupso_image_folder_url = \"\";var hupso_twitter_via=\"crsyvrs\";var hupso_url_c=\"\";<\/script><script type=\"text\/javascript\" src=\"http:\/\/static.hupso.com\/share\/js\/counters.js\"><\/script><!-- Hupso Share Buttons --><\/div><p>La entidad anunci\u00f3 una menci\u00f3n especial para el \u201cFlaco\u201d y una lista de 100 nominados en tango, folklore, pop, rock y canci\u00f3n. Un Konex de Honor para Luis Alberto Spinetta y una lista de 100 nominados en tango, folclore,&#46;&#46;&#46;<\/p>\n<div style=\"padding-bottom:20px; padding-top:10px;\" class=\"hupso-share-buttons\"><!-- Hupso Share Buttons - https:\/\/www.hupso.com\/share\/ --><a class=\"hupso_counters\" href=\"https:\/\/www.hupso.com\/share\/\"><img src=\"http:\/\/static.hupso.com\/share\/buttons\/lang\/es\/share-small.png\" style=\"border:0px; padding-top:2px; float:left;\" alt=\"Share Button\"\/><\/a><script type=\"text\/javascript\">var hupso_services_c=new Array(\"twitter\",\"facebook_like\",\"google\");var hupso_counters_lang = \"es_LA\";var hupso_image_folder_url = \"\";var hupso_twitter_via=\"crsyvrs\";var hupso_url_c=\"\";<\/script><script type=\"text\/javascript\" src=\"http:\/\/static.hupso.com\/share\/js\/counters.js\"><\/script><!-- Hupso Share Buttons --><\/div>","protected":false},"author":5,"featured_media":0,"comment_status":"closed","ping_status":"closed","sticky":false,"template":"","format":"standard","meta":{"footnotes":""},"categories":[3,3944],"tags":[47],"class_list":["post-6507","post","type-post","status-publish","format-standard","hentry","category-musica","category-spinettario","tag-luis-alberto-spinetta"],"_links":{"self":[{"href":"http:\/\/cronicasyversiones.com\/index.php?rest_route=\/wp\/v2\/posts\/6507","targetHints":{"allow":["GET"]}}],"collection":[{"href":"http:\/\/cronicasyversiones.com\/index.php?rest_route=\/wp\/v2\/posts"}],"about":[{"href":"http:\/\/cronicasyversiones.com\/index.php?rest_route=\/wp\/v2\/types\/post"}],"author":[{"embeddable":true,"href":"http:\/\/cronicasyversiones.com\/index.php?rest_route=\/wp\/v2\/users\/5"}],"replies":[{"embeddable":true,"href":"http:\/\/cronicasyversiones.com\/index.php?rest_route=%2Fwp%2Fv2%2Fcomments&post=6507"}],"version-history":[{"count":0,"href":"http:\/\/cronicasyversiones.com\/index.php?rest_route=\/wp\/v2\/posts\/6507\/revisions"}],"wp:attachment":[{"href":"http:\/\/cronicasyversiones.com\/index.php?rest_route=%2Fwp%2Fv2%2Fmedia&parent=6507"}],"wp:term":[{"taxonomy":"category","embeddable":true,"href":"http:\/\/cronicasyversiones.com\/index.php?rest_route=%2Fwp%2Fv2%2Fcategories&post=6507"},{"taxonomy":"post_tag","embeddable":true,"href":"http:\/\/cronicasyversiones.com\/index.php?rest_route=%2Fwp%2Fv2%2Ftags&post=6507"}],"curies":[{"name":"wp","href":"https:\/\/api.w.org\/{rel}","templated":true}]}}