{"id":6510,"date":"2015-06-18T09:19:03","date_gmt":"2015-06-18T12:19:03","guid":{"rendered":"http:\/\/cronicasyversiones.com\/?p=6510"},"modified":"2017-03-29T15:32:32","modified_gmt":"2017-03-29T18:32:32","slug":"claudio-gabis-manal-no-merecia-que-terminemos-como-tres-histericos","status":"publish","type":"post","link":"http:\/\/cronicasyversiones.com\/?p=6510","title":{"rendered":"Claudio Gabis: \u201cManal no merec\u00eda que terminemos como tres hist\u00e9ricos\u201d"},"content":{"rendered":"<div style=\"padding-bottom:20px; padding-top:10px;\" class=\"hupso-share-buttons\"><!-- Hupso Share Buttons - https:\/\/www.hupso.com\/share\/ --><a class=\"hupso_counters\" href=\"https:\/\/www.hupso.com\/share\/\"><img decoding=\"async\" src=\"http:\/\/static.hupso.com\/share\/buttons\/lang\/es\/share-small.png\" style=\"border:0px; padding-top:2px; float:left;\" alt=\"Share Button\"\/><\/a><script type=\"text\/javascript\">var hupso_services_c=new Array(\"twitter\",\"facebook_like\",\"google\");var hupso_counters_lang = \"es_LA\";var hupso_image_folder_url = \"\";var hupso_twitter_via=\"crsyvrs\";var hupso_url_c=\"\";<\/script><script type=\"text\/javascript\" src=\"http:\/\/static.hupso.com\/share\/js\/counters.js\"><\/script><!-- Hupso Share Buttons --><\/div><h4>Por Edgardo Solano<\/h4>\n<h2>El genial guitarrista, que est\u00e1 de gira por las rutas argentinas junto a su banda, habla de la vuelta del legendario tr\u00edo, de su nuevo disco y hasta de la \u201cberretizaci\u00f3n\u201d del rock.<\/h2>\n<p><img loading=\"lazy\" decoding=\"async\" class=\"wp-image-14609 aligncenter\" src=\"http:\/\/cronicasyversiones.com\/wp-content\/uploads\/2015\/06\/Gabis.jpg\" alt=\"\" width=\"744\" height=\"367\" srcset=\"http:\/\/cronicasyversiones.com\/wp-content\/uploads\/2015\/06\/Gabis.jpg 924w, http:\/\/cronicasyversiones.com\/wp-content\/uploads\/2015\/06\/Gabis-300x148.jpg 300w, http:\/\/cronicasyversiones.com\/wp-content\/uploads\/2015\/06\/Gabis-768x379.jpg 768w\" sizes=\"auto, (max-width: 744px) 100vw, 744px\" \/><\/p>\n<h2><\/h2>\n<p style=\"text-align: justify;\"><strong>Claudio Gabis,<\/strong> actualmente radicado en Espa\u00f1a, est\u00e1 de visita en la Argentina para brindar una serie de conciertos en distintos puntos del pa\u00eds, mientras prepara su nuevo disco de estudio y forma parte de una nueva reuni\u00f3n de <strong>Manal<\/strong>, aunque con el resto de los integrantes se prohibieron hablar de \u201cfuturo\u201d en este revival de la banda, una de las fundadoras del rock argentino. Adem\u00e1s, despliega una l\u00facida mirada cr\u00edtica sobre la actualidad de la cultura rock.<\/p>\n<p style=\"text-align: justify;\">\u201c<strong>Me gusta mucho volver a mi pa\u00eds, a mi tierra.<\/strong> Vuelvo una vez por a\u00f1o una vez por a\u00f1o y es muy gratificante sentir el magnetismo de tu tierra. Vengo a tocar a full, <strong>suelo tocar 30 veces en un mes y medio<\/strong>, toco casi todos los d\u00edas\u201d, le comenta el m\u00fasico a <em><strong>Cr\u00f3nicas y versiones<\/strong> <\/em>sobre las sensaciones de este retorno al pa\u00eds.<\/p>\n<p style=\"text-align: justify;\">Claudio Gabis form\u00f3 parte de la primera camada del rock argentino en Manal, que junto a <strong>Los Gatos<\/strong> y <strong>Almendra<\/strong> sentaron las bases del movimiento en la Argentina y tambi\u00e9n las del rock en castellano. Luego tambi\u00e9n prest\u00f3 el virtuosismo de su guitarra en <strong>La Pesada del Rock and Roll<\/strong> y otros proyectos, inclusive para su extensa carrera en solitario. Con un estilo que va m\u00e1s all\u00e1 del guitarrista de rock tradicional, incorpor\u00f3 influencias del blues, del jazz y luego tambi\u00e9n de la m\u00fasica popular brasile\u00f1a.<\/p>\n<p style=\"text-align: justify;\">Esta marat\u00f3n de conciertos de guitarrista y banda va m\u00e1s all\u00e1 de la regi\u00f3n metropolitana y se extiende por las rutas argentinas. \u201cLa mayor parte de las actuaciones son en el Interior del pa\u00eds.<strong> Como buen porte\u00f1o de mierda no hab\u00eda ido a tocar a estos lugares<\/strong> y la Argentina no es s\u00f3lo Buenos Aires. En la \u00e9poca de Manal, hace casi medio siglo, era casi delirante pensar en ir a tocar a los lugares que estoy yendo ahora, era impensado ir a tocar a lugares como Rosario, C\u00f3rdoba o Mar del Plata\u201d, acota.<\/p>\n<p style=\"text-align: justify;\">En estos shows, el m\u00fasico est\u00e1 presentando sus propias composiciones, de distintas etapas de su carrera, y tambi\u00e9n incluye en el repertorio a cl\u00e1sicos de Pappo, de Los Gatos y hasta del bluesman Robert Johnson.<\/p>\n<h2 style=\"text-align: justify;\"><strong>Del \u201cfuturo\u201d no se habla<\/strong><\/h2>\n<p style=\"text-align: justify;\">El tr\u00edo Manal, integrado por <strong>Javier Mart\u00ednez, Alejandro Medina y el propio Claudio Gabis,<\/strong> fueron pioneros en los finales de los \u201960 en cantar blues en castellano, algo impensado para la \u00e9poca. Luego de editar dos discos, la banda se separ\u00f3 y tuvieron su primer reencuentro una d\u00e9cada despu\u00e9s con un disco en vivo y otro en estudio, <em><strong>\u201cReuni\u00f3n\u201d.<\/strong><\/em><\/p>\n<p style=\"text-align: justify;\">En las d\u00e9cadas siguientes tuvieron algunos revivals y tambi\u00e9n hubo declaraciones cruzadas entre los integrantes del grupo. El \u00faltimo encuentro se produjo el primero de octubre de 2014 en La Roca, la sala que <strong>Corcho Rodr\u00edguez<\/strong> tiene en la localidad Florida Oeste, para pasarles el plumero a sus viejos cl\u00e1sicos, como \u201cDo\u00f1a Laura\u201d, \u201cAvellaneda Blues\u201d, \u201cJugo de Tomate\u201d, \u201cUna casa con diez pinos\u201d, \u201cSoy el sol\u201d y \u201cNecesito un amor\u201d, entre otros.<\/p>\n<p style=\"text-align: justify;\">\u201c<strong>La condici\u00f3n que nos pusimos para volver fue la de no hablar de la palabra futuro, queremos ir d\u00eda a d\u00eda<\/strong>. Esa es la mejor manera de garantizar que podemos seguir y no volver a incurrir en viejos errores\u201d, explica Gabis sobre la condici\u00f3n que se impusieron a ultranza en esta vuelta.<\/p>\n<p style=\"text-align: justify;\">El guitarrista tambi\u00e9n aclara que ya el grupo intentar\u00e1 seguir a su manera y que no se merec\u00edan un final acorde al legado que dejaron en la cultura popular argentina. \u201c<strong>No somos un grupo, somos tres artistas con su carrera individual<\/strong> y con diferencias personales. No son las mismas las perceptivas de cuando ten\u00edamos 20 a\u00f1os, el conocimiento que tiene cada uno del otro, es distinto. Queremos seguir teniendo una relaci\u00f3n amistosa entre nosotros y <strong>Manal no se merec\u00eda que terminemos como tres viejas hist\u00e9ricas o tres tipos hist\u00e9ricos<\/strong>\u201d, sentencia con su iron\u00eda habitual.<\/p>\n<p style=\"text-align: justify;\">Al margen de esta vuelta de Manal, Gabis est\u00e1 d\u00e1ndole los toques finales a su pr\u00f3ximo \u00e1lbum solista. \u201cEs un disco con libertad, a esta altura del partido <strong>no me interesan las reglas que te impone el mercado<\/strong>\u201d.<\/p>\n<h2 style=\"text-align: justify;\"><strong>\u201cEl rock est\u00e1 berretizado\u201d<\/strong><\/h2>\n<p style=\"text-align: justify;\">\u201cEl rock no es un estilo musical, es un movimiento. Hay artistas y gente muy buena, pero l<strong>a cosa m\u00e1s comercial est\u00e1 muy mediocrizada,<\/strong> hay una perdida de contenido en las bandas que dicen hacer rock. Hay un cumbilizaci\u00f3n de lo que se est\u00e1 tocando, aunque quiz\u00e1 el termin\u00f3 sea injusto porque en Colombia y ac\u00e1 hay gente que hace cosas muy buenas con la cumbia\u201d, dispara el guitarrista sobre la actualidad del g\u00e9nero.<\/p>\n<p style=\"text-align: justify;\">El m\u00fasico tiene una l\u00facida mirada sobre la actualidad el rock, que est\u00e1 a contramano de lo ocurrido en tiempos pret\u00e9ritos, como en la \u00e9poca en la que \u00e9l mismo inci\u00f3 su carrera. \u201c<strong>Hay una berretizaci\u00f3n producto de lo comercial, el rock perdi\u00f3 su concepto contracultural<\/strong>. Existe gente conocida y otra desconocida que hacen cosas muy interesantes, aunque mi panorama no es tan amplio para poder se\u00f1alar a cada uno. Lo que sucedi\u00f3 es los inicios del rock argentino es que surgieron una serie de bandas haciendo una cosa diferente y eso se puso de moda, hoy est\u00e1 de moda otra cosa\u201d, acota.<\/p>\n<p style=\"text-align: justify;\">Para su \u00f3ptica, est\u00e1 ca\u00edda a pique de la cultura no sabe de fronteras. \u201cEsto pasa en todas partes, es un fen\u00f3meno mundial, ocurre que los argentinos somos muy particulares, somos raros. Lo que ocurre tiene que ver con las leyes del mercado,<strong> tienden a la mediocrizaci\u00f3n y que la cultura popular sea m\u00e1s berreta.<\/strong> Est\u00e1 todo muy controlado para que la gente viva un mundo feliz \u201d, cierra.<\/p>\n<div style=\"padding-bottom:20px; padding-top:10px;\" class=\"hupso-share-buttons\"><!-- Hupso Share Buttons - https:\/\/www.hupso.com\/share\/ --><a class=\"hupso_counters\" href=\"https:\/\/www.hupso.com\/share\/\"><img decoding=\"async\" src=\"http:\/\/static.hupso.com\/share\/buttons\/lang\/es\/share-small.png\" style=\"border:0px; padding-top:2px; float:left;\" alt=\"Share Button\"\/><\/a><script type=\"text\/javascript\">var hupso_services_c=new Array(\"twitter\",\"facebook_like\",\"google\");var hupso_counters_lang = \"es_LA\";var hupso_image_folder_url = \"\";var hupso_twitter_via=\"crsyvrs\";var hupso_url_c=\"\";<\/script><script type=\"text\/javascript\" src=\"http:\/\/static.hupso.com\/share\/js\/counters.js\"><\/script><!-- Hupso Share Buttons --><\/div> ","protected":false},"excerpt":{"rendered":"<div style=\"padding-bottom:20px; padding-top:10px;\" class=\"hupso-share-buttons\"><!-- Hupso Share Buttons - https:\/\/www.hupso.com\/share\/ --><a class=\"hupso_counters\" href=\"https:\/\/www.hupso.com\/share\/\"><img src=\"http:\/\/static.hupso.com\/share\/buttons\/lang\/es\/share-small.png\" style=\"border:0px; padding-top:2px; float:left;\" alt=\"Share Button\"\/><\/a><script type=\"text\/javascript\">var hupso_services_c=new Array(\"twitter\",\"facebook_like\",\"google\");var hupso_counters_lang = \"es_LA\";var hupso_image_folder_url = \"\";var hupso_twitter_via=\"crsyvrs\";var hupso_url_c=\"\";<\/script><script type=\"text\/javascript\" src=\"http:\/\/static.hupso.com\/share\/js\/counters.js\"><\/script><!-- Hupso Share Buttons --><\/div><p>Por Edgardo Solano El genial guitarrista, que est\u00e1 de gira por las rutas argentinas junto a su banda, habla de la vuelta del legendario tr\u00edo, de su nuevo disco y hasta de la \u201cberretizaci\u00f3n\u201d del rock. Claudio Gabis, actualmente&#46;&#46;&#46;<\/p>\n<div style=\"padding-bottom:20px; padding-top:10px;\" class=\"hupso-share-buttons\"><!-- Hupso Share Buttons - https:\/\/www.hupso.com\/share\/ --><a class=\"hupso_counters\" href=\"https:\/\/www.hupso.com\/share\/\"><img src=\"http:\/\/static.hupso.com\/share\/buttons\/lang\/es\/share-small.png\" style=\"border:0px; padding-top:2px; float:left;\" alt=\"Share Button\"\/><\/a><script type=\"text\/javascript\">var hupso_services_c=new Array(\"twitter\",\"facebook_like\",\"google\");var hupso_counters_lang = \"es_LA\";var hupso_image_folder_url = \"\";var hupso_twitter_via=\"crsyvrs\";var hupso_url_c=\"\";<\/script><script type=\"text\/javascript\" src=\"http:\/\/static.hupso.com\/share\/js\/counters.js\"><\/script><!-- Hupso Share Buttons --><\/div>","protected":false},"author":5,"featured_media":0,"comment_status":"closed","ping_status":"closed","sticky":false,"template":"","format":"standard","meta":{"footnotes":""},"categories":[3],"tags":[2970,2969,2968,2967],"class_list":["post-6510","post","type-post","status-publish","format-standard","hentry","category-musica","tag-alejandro-medina","tag-claudio-gabis","tag-javier-martinez","tag-manal"],"_links":{"self":[{"href":"http:\/\/cronicasyversiones.com\/index.php?rest_route=\/wp\/v2\/posts\/6510","targetHints":{"allow":["GET"]}}],"collection":[{"href":"http:\/\/cronicasyversiones.com\/index.php?rest_route=\/wp\/v2\/posts"}],"about":[{"href":"http:\/\/cronicasyversiones.com\/index.php?rest_route=\/wp\/v2\/types\/post"}],"author":[{"embeddable":true,"href":"http:\/\/cronicasyversiones.com\/index.php?rest_route=\/wp\/v2\/users\/5"}],"replies":[{"embeddable":true,"href":"http:\/\/cronicasyversiones.com\/index.php?rest_route=%2Fwp%2Fv2%2Fcomments&post=6510"}],"version-history":[{"count":0,"href":"http:\/\/cronicasyversiones.com\/index.php?rest_route=\/wp\/v2\/posts\/6510\/revisions"}],"wp:attachment":[{"href":"http:\/\/cronicasyversiones.com\/index.php?rest_route=%2Fwp%2Fv2%2Fmedia&parent=6510"}],"wp:term":[{"taxonomy":"category","embeddable":true,"href":"http:\/\/cronicasyversiones.com\/index.php?rest_route=%2Fwp%2Fv2%2Fcategories&post=6510"},{"taxonomy":"post_tag","embeddable":true,"href":"http:\/\/cronicasyversiones.com\/index.php?rest_route=%2Fwp%2Fv2%2Ftags&post=6510"}],"curies":[{"name":"wp","href":"https:\/\/api.w.org\/{rel}","templated":true}]}}