{"id":6544,"date":"2015-06-22T00:01:56","date_gmt":"2015-06-22T03:01:56","guid":{"rendered":"http:\/\/cronicasyversiones.com\/?p=6544"},"modified":"2015-06-21T09:29:31","modified_gmt":"2015-06-21T12:29:31","slug":"vigilar-y-castigar-los-efectos-de-la-violencia-a-traves-de-las-artes-visuales","status":"publish","type":"post","link":"http:\/\/cronicasyversiones.com\/?p=6544","title":{"rendered":"\u201cVigilar y castigar\u201d, los efectos de la violencia a trav\u00e9s de las artes visuales"},"content":{"rendered":"<div style=\"padding-bottom:20px; padding-top:10px;\" class=\"hupso-share-buttons\"><!-- Hupso Share Buttons - https:\/\/www.hupso.com\/share\/ --><a class=\"hupso_counters\" href=\"https:\/\/www.hupso.com\/share\/\"><img decoding=\"async\" src=\"http:\/\/static.hupso.com\/share\/buttons\/lang\/es\/share-small.png\" style=\"border:0px; padding-top:2px; float:left;\" alt=\"Share Button\"\/><\/a><script type=\"text\/javascript\">var hupso_services_c=new Array(\"twitter\",\"facebook_like\",\"google\");var hupso_counters_lang = \"es_LA\";var hupso_image_folder_url = \"\";var hupso_twitter_via=\"crsyvrs\";var hupso_url_c=\"\";<\/script><script type=\"text\/javascript\" src=\"http:\/\/static.hupso.com\/share\/js\/counters.js\"><\/script><!-- Hupso Share Buttons --><\/div><h2 style=\"text-align: justify;\">La nueva exposici\u00f3n del artista pl\u00e1stico argentino Hugo Echarri, que puede verse en el Centro Cultural Borges, es una \u00abinterpretaci\u00f3n libre\u00bb de la obra del pensador franc\u00e9s Michel Foucault.<\/h2>\n<p><img loading=\"lazy\" decoding=\"async\" class=\" aligncenter\" src=\"http:\/\/mm.servidornoticias.com\/photos\/t_650_400\/bca\/10891862w.jpg\" alt=\"\" width=\"761\" height=\"468\" \/><\/p>\n<p>2222<em><strong>\u00abVigilar y castigar\u00bb,<\/strong><\/em> la nueva muestra del artista pl\u00e1stico argentino <strong>Hugo Echarri<\/strong>, es una \u00abinterpretaci\u00f3n libre\u00bb de la obra del pensador franc\u00e9s <strong>Michel Foucault,<\/strong> inspirada en la violencia, la tortura y las distintas formas de violaci\u00f3n a los derechos humanos en el mundo contempor\u00e1neo.<\/p>\n<p style=\"text-align: justify;\">La muestra, que se exhibe en el <strong>Centro Cultural Borges<\/strong> de la Ciudad de Buenos Aires, desnuda los efectos de una <strong>violencia institucional o parainstitucional<\/strong> que recorre el mundo actual y coincide con el cuarenta aniversario de la publicaci\u00f3n de esa obra y propone una original aproximaci\u00f3n desde las artes visuales a los conceptos de Foucault.<\/p>\n<p style=\"text-align: justify;\">Hace 40 a\u00f1os, <em><strong>\u00abVigilar y castigar: el nacimiento de la prisi\u00f3n\u00bb<\/strong><\/em> daba cuenta de los cambios ocurridos en el sistema penal occidental de la modernidad y la desaparici\u00f3n del suplicio y el castigo como espect\u00e1culos punitivos, pero para Echarri, los episodios narrados por Foucault tienen plena vigencia.<\/p>\n<p style=\"text-align: justify;\">A trav\u00e9s de cuadros llenos de colores vivos y estridentes, el artista denuncia y reflexiona sobre las crucifixiones y decapitaciones del Estado Isl\u00e1mico, <strong>la violencia institucional de la polic\u00eda en Argentina<\/strong>, el terrorismo de Estado en Sudam\u00e9rica y la contradicci\u00f3n entre los dictadores que se autoproclamaban cristianos pero ordenaban matanzas.<\/p>\n<p style=\"text-align: justify;\">La exposici\u00f3n incluye v\u00eddeos, sonidos y una instalaci\u00f3n con calaveras y cuerpos de papel crucificados para reflexionar sobre lo cercano de la violencia en todo el mundo, independientemente de la regi\u00f3n o la cultura.<\/p>\n<p style=\"text-align: justify;\"><em><strong>\u201cVigilar y castigar. Nacimiento de la prisi\u00f3n\u201d<\/strong><\/em> es un libro del fil\u00f3sofo e historiador franc\u00e9s Michel Foucault, publicado originalmente en 1975. Es un examen de los mecanismos sociales y te\u00f3ricos que hay detr\u00e1s de los cambios masivos que se produjeron en los sistemas penales occidentales durante la era moderna.<\/p>\n<p style=\"text-align: justify;\"><em><strong>\u00abVigilar y castigar\u00bb,<\/strong><\/em> curada por <strong>Julio Sapolnik,,<\/strong> permanecer\u00e1 hasta el 12 de julio en el Centro Cultural Borges, ubicado en Viamonte esq. San Mart\u00edn, de dunes a s\u00e1bado de 10 a 21 y los domingos de 12 a 21.<\/p>\n<div style=\"padding-bottom:20px; padding-top:10px;\" class=\"hupso-share-buttons\"><!-- Hupso Share Buttons - https:\/\/www.hupso.com\/share\/ --><a class=\"hupso_counters\" href=\"https:\/\/www.hupso.com\/share\/\"><img decoding=\"async\" src=\"http:\/\/static.hupso.com\/share\/buttons\/lang\/es\/share-small.png\" style=\"border:0px; padding-top:2px; float:left;\" alt=\"Share Button\"\/><\/a><script type=\"text\/javascript\">var hupso_services_c=new Array(\"twitter\",\"facebook_like\",\"google\");var hupso_counters_lang = \"es_LA\";var hupso_image_folder_url = \"\";var hupso_twitter_via=\"crsyvrs\";var hupso_url_c=\"\";<\/script><script type=\"text\/javascript\" src=\"http:\/\/static.hupso.com\/share\/js\/counters.js\"><\/script><!-- Hupso Share Buttons --><\/div> ","protected":false},"excerpt":{"rendered":"<div style=\"padding-bottom:20px; padding-top:10px;\" class=\"hupso-share-buttons\"><!-- Hupso Share Buttons - https:\/\/www.hupso.com\/share\/ --><a class=\"hupso_counters\" href=\"https:\/\/www.hupso.com\/share\/\"><img src=\"http:\/\/static.hupso.com\/share\/buttons\/lang\/es\/share-small.png\" style=\"border:0px; padding-top:2px; float:left;\" alt=\"Share Button\"\/><\/a><script type=\"text\/javascript\">var hupso_services_c=new Array(\"twitter\",\"facebook_like\",\"google\");var hupso_counters_lang = \"es_LA\";var hupso_image_folder_url = \"\";var hupso_twitter_via=\"crsyvrs\";var hupso_url_c=\"\";<\/script><script type=\"text\/javascript\" src=\"http:\/\/static.hupso.com\/share\/js\/counters.js\"><\/script><!-- Hupso Share Buttons --><\/div><p>La nueva exposici\u00f3n del artista pl\u00e1stico argentino Hugo Echarri, que puede verse en el Centro Cultural Borges, es una \u00abinterpretaci\u00f3n libre\u00bb de la obra del pensador franc\u00e9s Michel Foucault. 2222\u00abVigilar y castigar\u00bb, la nueva muestra del artista pl\u00e1stico argentino&#46;&#46;&#46;<\/p>\n<div style=\"padding-bottom:20px; padding-top:10px;\" class=\"hupso-share-buttons\"><!-- Hupso Share Buttons - https:\/\/www.hupso.com\/share\/ --><a class=\"hupso_counters\" href=\"https:\/\/www.hupso.com\/share\/\"><img src=\"http:\/\/static.hupso.com\/share\/buttons\/lang\/es\/share-small.png\" style=\"border:0px; padding-top:2px; float:left;\" alt=\"Share Button\"\/><\/a><script type=\"text\/javascript\">var hupso_services_c=new Array(\"twitter\",\"facebook_like\",\"google\");var hupso_counters_lang = \"es_LA\";var hupso_image_folder_url = \"\";var hupso_twitter_via=\"crsyvrs\";var hupso_url_c=\"\";<\/script><script type=\"text\/javascript\" src=\"http:\/\/static.hupso.com\/share\/js\/counters.js\"><\/script><!-- Hupso Share Buttons --><\/div>","protected":false},"author":5,"featured_media":0,"comment_status":"closed","ping_status":"closed","sticky":false,"template":"","format":"standard","meta":{"footnotes":""},"categories":[8],"tags":[142,4711,4710,4708,4709],"class_list":["post-6544","post","type-post","status-publish","format-standard","hentry","category-artes-plasticas","tag-centro-cultural-borges","tag-hugo-echarri","tag-michel-foucault","tag-vigilar-y-castigar","tag-vigilar-y-castigar-nacimiento-de-la-prision"],"_links":{"self":[{"href":"http:\/\/cronicasyversiones.com\/index.php?rest_route=\/wp\/v2\/posts\/6544","targetHints":{"allow":["GET"]}}],"collection":[{"href":"http:\/\/cronicasyversiones.com\/index.php?rest_route=\/wp\/v2\/posts"}],"about":[{"href":"http:\/\/cronicasyversiones.com\/index.php?rest_route=\/wp\/v2\/types\/post"}],"author":[{"embeddable":true,"href":"http:\/\/cronicasyversiones.com\/index.php?rest_route=\/wp\/v2\/users\/5"}],"replies":[{"embeddable":true,"href":"http:\/\/cronicasyversiones.com\/index.php?rest_route=%2Fwp%2Fv2%2Fcomments&post=6544"}],"version-history":[{"count":0,"href":"http:\/\/cronicasyversiones.com\/index.php?rest_route=\/wp\/v2\/posts\/6544\/revisions"}],"wp:attachment":[{"href":"http:\/\/cronicasyversiones.com\/index.php?rest_route=%2Fwp%2Fv2%2Fmedia&parent=6544"}],"wp:term":[{"taxonomy":"category","embeddable":true,"href":"http:\/\/cronicasyversiones.com\/index.php?rest_route=%2Fwp%2Fv2%2Fcategories&post=6544"},{"taxonomy":"post_tag","embeddable":true,"href":"http:\/\/cronicasyversiones.com\/index.php?rest_route=%2Fwp%2Fv2%2Ftags&post=6544"}],"curies":[{"name":"wp","href":"https:\/\/api.w.org\/{rel}","templated":true}]}}