{"id":6568,"date":"2015-06-24T14:12:19","date_gmt":"2015-06-24T17:12:19","guid":{"rendered":"http:\/\/cronicasyversiones.com\/?p=6568"},"modified":"2015-06-24T14:12:19","modified_gmt":"2015-06-24T17:12:19","slug":"lanzan-una-edicion-monumental-y-comentada-de-el-quijote-de-la-mancha","status":"publish","type":"post","link":"http:\/\/cronicasyversiones.com\/?p=6568","title":{"rendered":"Lanzan una edici\u00f3n monumental y comentada de \u00abEl Quijote de la Mancha\u00bb"},"content":{"rendered":"<div style=\"padding-bottom:20px; padding-top:10px;\" class=\"hupso-share-buttons\"><!-- Hupso Share Buttons - https:\/\/www.hupso.com\/share\/ --><a class=\"hupso_counters\" href=\"https:\/\/www.hupso.com\/share\/\"><img decoding=\"async\" src=\"http:\/\/static.hupso.com\/share\/buttons\/lang\/es\/share-small.png\" style=\"border:0px; padding-top:2px; float:left;\" alt=\"Share Button\"\/><\/a><script type=\"text\/javascript\">var hupso_services_c=new Array(\"twitter\",\"facebook_like\",\"google\");var hupso_counters_lang = \"es_LA\";var hupso_image_folder_url = \"\";var hupso_twitter_via=\"crsyvrs\";var hupso_url_c=\"\";<\/script><script type=\"text\/javascript\" src=\"http:\/\/static.hupso.com\/share\/js\/counters.js\"><\/script><!-- Hupso Share Buttons --><\/div><h2 style=\"text-align: justify;\">Como parte de la celebraci\u00f3n del IV Centenario de la segunda parte de la obra cumbre de Cervantes, la Real Academia Espa\u00f1ola de la Lengua lanz\u00f3 esta novela en dos vol\u00famenes.<\/h2>\n<h2 style=\"text-align: justify;\"><img loading=\"lazy\" decoding=\"async\" class=\" aligncenter\" src=\"http:\/\/www.entornointeligente.com\/images-noticias\/2015\/06\/RAE-publica-una-edici-oacute-n-de--Don-Quijote--en-dos-vol-uacute-menes.jpg\" alt=\"\" width=\"748\" height=\"418\" \/><\/h2>\n<h2 style=\"text-align: justify;\"><\/h2>\n<p style=\"text-align: justify;\">La <strong>Real Academia Espa\u00f1ola de la Lengua<\/strong> (RAE) present\u00f3 en Madrid su nueva edici\u00f3n de <em><strong>\u00abDon Quijote de la Mancha\u00bb<\/strong><\/em>, una obra monumental en dos vol\u00famenes revisada y comentada que cuenta con la participaci\u00f3n de casi una centuria de especialistas y escritores y que podr\u00eda convertirse en una verdadera \u00abenciclopedia\u00bb sobre obra cumbre de <strong>Miguel de Cervantes.<\/strong><\/p>\n<p style=\"text-align: justify;\">El acad\u00e9mico y fil\u00f3logo <strong>Francisco Rico,<\/strong> autor de la edici\u00f3n de referencia publicada hace 17 a\u00f1os por el <strong>Instituto Cervantes<\/strong> y gran experto en la obra, estuvo a cargo de este trabajo y dijo que \u00absi la peor edici\u00f3n de la vida del ingenioso hidalgo fue la primera, un libro lleno de erratas publicado en 1605, esta \u00faltima es la mejor\u00bb.<\/p>\n<p style=\"text-align: justify;\">La RAE se suma as\u00ed a la celebraci\u00f3n del <strong>IV Centenario de la segunda parte del \u00abQuijote\u00bb<\/strong> y con esta publicaci\u00f3n se cumple tambi\u00e9n el encargo que el gobierno espa\u00f1ol le hizo, en las primeras d\u00e9cadas del siglo XX, de que se publicara una edici\u00f3n popular y otra erudita, afirm\u00f3 el director de la academia, Dar\u00edo Villanueva.<\/p>\n<p style=\"text-align: justify;\">El volumen popular fue el que estuvo a cargo del novelista Arturo P\u00e9rez-Reverte y que sali\u00f3 a la luz en 2014, y la edici\u00f3n erudita es \u00e9sta publicada por Espasa y C\u00edrculo de Lectores: \u00abCon un &#8216;poco&#8217; de retraso hemos cumplido esa antigua encomienda\u00bb, remarc\u00f3 Villanueva.<\/p>\n<p style=\"text-align: justify;\">La nueva publicaci\u00f3n llega en un estuche con dos tomos: uno dedicado al texto cervantino con una serie de introducciones y otro complementario, que contiene estudios, ilustraciones, mapas y <strong>comentarios de autores como Javier Cercas, Alberto Manguel y Javier Mar\u00edas.<\/strong><\/p>\n<div style=\"padding-bottom:20px; padding-top:10px;\" class=\"hupso-share-buttons\"><!-- Hupso Share Buttons - https:\/\/www.hupso.com\/share\/ --><a class=\"hupso_counters\" href=\"https:\/\/www.hupso.com\/share\/\"><img decoding=\"async\" src=\"http:\/\/static.hupso.com\/share\/buttons\/lang\/es\/share-small.png\" style=\"border:0px; padding-top:2px; float:left;\" alt=\"Share Button\"\/><\/a><script type=\"text\/javascript\">var hupso_services_c=new Array(\"twitter\",\"facebook_like\",\"google\");var hupso_counters_lang = \"es_LA\";var hupso_image_folder_url = \"\";var hupso_twitter_via=\"crsyvrs\";var hupso_url_c=\"\";<\/script><script type=\"text\/javascript\" src=\"http:\/\/static.hupso.com\/share\/js\/counters.js\"><\/script><!-- Hupso Share Buttons --><\/div> ","protected":false},"excerpt":{"rendered":"<div style=\"padding-bottom:20px; padding-top:10px;\" class=\"hupso-share-buttons\"><!-- Hupso Share Buttons - https:\/\/www.hupso.com\/share\/ --><a class=\"hupso_counters\" href=\"https:\/\/www.hupso.com\/share\/\"><img src=\"http:\/\/static.hupso.com\/share\/buttons\/lang\/es\/share-small.png\" style=\"border:0px; padding-top:2px; float:left;\" alt=\"Share Button\"\/><\/a><script type=\"text\/javascript\">var hupso_services_c=new Array(\"twitter\",\"facebook_like\",\"google\");var hupso_counters_lang = \"es_LA\";var hupso_image_folder_url = \"\";var hupso_twitter_via=\"crsyvrs\";var hupso_url_c=\"\";<\/script><script type=\"text\/javascript\" src=\"http:\/\/static.hupso.com\/share\/js\/counters.js\"><\/script><!-- Hupso Share Buttons --><\/div><p>Como parte de la celebraci\u00f3n del IV Centenario de la segunda parte de la obra cumbre de Cervantes, la Real Academia Espa\u00f1ola de la Lengua lanz\u00f3 esta novela en dos vol\u00famenes. La Real Academia Espa\u00f1ola de la Lengua (RAE)&#46;&#46;&#46;<\/p>\n<div style=\"padding-bottom:20px; padding-top:10px;\" class=\"hupso-share-buttons\"><!-- Hupso Share Buttons - https:\/\/www.hupso.com\/share\/ --><a class=\"hupso_counters\" href=\"https:\/\/www.hupso.com\/share\/\"><img src=\"http:\/\/static.hupso.com\/share\/buttons\/lang\/es\/share-small.png\" style=\"border:0px; padding-top:2px; float:left;\" alt=\"Share Button\"\/><\/a><script type=\"text\/javascript\">var hupso_services_c=new Array(\"twitter\",\"facebook_like\",\"google\");var hupso_counters_lang = \"es_LA\";var hupso_image_folder_url = \"\";var hupso_twitter_via=\"crsyvrs\";var hupso_url_c=\"\";<\/script><script type=\"text\/javascript\" src=\"http:\/\/static.hupso.com\/share\/js\/counters.js\"><\/script><!-- Hupso Share Buttons --><\/div>","protected":false},"author":5,"featured_media":0,"comment_status":"closed","ping_status":"closed","sticky":false,"template":"","format":"standard","meta":{"footnotes":""},"categories":[7],"tags":[2182,1346,4725],"class_list":["post-6568","post","type-post","status-publish","format-standard","hentry","category-literatura","tag-el-quijote-de-la-mancha","tag-miguel-de-cervantes","tag-real-academia-espanola-de-la-lengua"],"_links":{"self":[{"href":"http:\/\/cronicasyversiones.com\/index.php?rest_route=\/wp\/v2\/posts\/6568","targetHints":{"allow":["GET"]}}],"collection":[{"href":"http:\/\/cronicasyversiones.com\/index.php?rest_route=\/wp\/v2\/posts"}],"about":[{"href":"http:\/\/cronicasyversiones.com\/index.php?rest_route=\/wp\/v2\/types\/post"}],"author":[{"embeddable":true,"href":"http:\/\/cronicasyversiones.com\/index.php?rest_route=\/wp\/v2\/users\/5"}],"replies":[{"embeddable":true,"href":"http:\/\/cronicasyversiones.com\/index.php?rest_route=%2Fwp%2Fv2%2Fcomments&post=6568"}],"version-history":[{"count":0,"href":"http:\/\/cronicasyversiones.com\/index.php?rest_route=\/wp\/v2\/posts\/6568\/revisions"}],"wp:attachment":[{"href":"http:\/\/cronicasyversiones.com\/index.php?rest_route=%2Fwp%2Fv2%2Fmedia&parent=6568"}],"wp:term":[{"taxonomy":"category","embeddable":true,"href":"http:\/\/cronicasyversiones.com\/index.php?rest_route=%2Fwp%2Fv2%2Fcategories&post=6568"},{"taxonomy":"post_tag","embeddable":true,"href":"http:\/\/cronicasyversiones.com\/index.php?rest_route=%2Fwp%2Fv2%2Ftags&post=6568"}],"curies":[{"name":"wp","href":"https:\/\/api.w.org\/{rel}","templated":true}]}}