{"id":6617,"date":"2015-06-30T07:13:04","date_gmt":"2015-06-30T10:13:04","guid":{"rendered":"http:\/\/cronicasyversiones.com\/?p=6617"},"modified":"2015-06-30T07:13:04","modified_gmt":"2015-06-30T10:13:04","slug":"mario-conde-el-personaje-creado-por-leonardo-padura-llega-al-cine","status":"publish","type":"post","link":"http:\/\/cronicasyversiones.com\/?p=6617","title":{"rendered":"Mario Conde, el personaje creado por Leonardo Padura, llega al cine"},"content":{"rendered":"<div style=\"padding-bottom:20px; padding-top:10px;\" class=\"hupso-share-buttons\"><!-- Hupso Share Buttons - https:\/\/www.hupso.com\/share\/ --><a class=\"hupso_counters\" href=\"https:\/\/www.hupso.com\/share\/\"><img decoding=\"async\" src=\"http:\/\/static.hupso.com\/share\/buttons\/lang\/es\/share-small.png\" style=\"border:0px; padding-top:2px; float:left;\" alt=\"Share Button\"\/><\/a><script type=\"text\/javascript\">var hupso_services_c=new Array(\"twitter\",\"facebook_like\",\"google\");var hupso_counters_lang = \"es_LA\";var hupso_image_folder_url = \"\";var hupso_twitter_via=\"crsyvrs\";var hupso_url_c=\"\";<\/script><script type=\"text\/javascript\" src=\"http:\/\/static.hupso.com\/share\/js\/counters.js\"><\/script><!-- Hupso Share Buttons --><\/div><h2 style=\"text-align: justify;\">La tetralog\u00eda de \u201cLas Cuatro Estaciones\u201d del autor cubano tendr\u00e1 una primera entrega ser\u00e1 en un film y las tres restantes en una miniserie de televisi\u00f3n.<\/h2>\n<p><img loading=\"lazy\" decoding=\"async\" class=\" aligncenter\" src=\"http:\/\/ep01.epimg.net\/cultura\/imagenes\/2015\/06\/10\/actualidad\/1433925931_162725_1433926123_noticia_normal.jpg\" alt=\"\" width=\"772\" height=\"441\" \/><\/p>\n<p><strong>Mario Conde,<\/strong> el personaje creado por la imaginaci\u00f3n de <strong>Leonardo Padura<\/strong>, irrumpir\u00e1 la pantalla con una pel\u00edcula y una miniserie televisiva que se filma actualmente en La Habana bajo la direcci\u00f3n del espa\u00f1ol <strong>F\u00e9lix Viscarret<\/strong> y con <strong>Jorge Perugorr\u00eda<\/strong>, en la piel del polic\u00eda m\u00e1s popular de la literatura de Cuba.<\/p>\n<p>El investigador Mario Conde con el que el escritor elabor\u00f3 <strong>construy\u00f3 un retrato de la Cuba contempor\u00e1nea<\/strong> est\u00e1 en pleno rodaje en la primera adaptaci\u00f3n de las novelas de la saga.<\/p>\n<p>Las cuatros primeras, que conforman la tetralog\u00eda de <em><strong>\u201cLas Cuatro Estaciones\u201d<\/strong><\/em>, que saltar\u00e1n a la pantalla ser\u00e1n <em><strong>\u201cPasado Perfecto\u201d, \u201cVientos de Cuaresma\u201d, \u201cM\u00e1scaras\u201d y \u201cPaisaje de Oto\u00f1o\u201d,<\/strong><\/em> seg\u00fan adelanta la agencia de noticias EFE.<\/p>\n<p>Precisamente, la adaptaci\u00f3n de la novela <em><strong>\u201cVientos de Cuaresma\u201d<\/strong><\/em> se trasformar\u00e1n en una pel\u00edcula que se exhibir\u00e1 en las salas, mientras que las tres restantes tendr\u00e1n un formato de miniserie para salir a aire en la pantalla chica.<\/p>\n<p>Un proyecto que Viscarret asume como \u201cun honor\u201d y \u201cuna tremenda responsabilidad\u201d pero que ante todo \u201ces un regalo para un director\u201d.\u00a0El director se declara un enamorado de la literatura de Padura y en especial de su personaje <strong>Mario Conde al que define como \u201cun antih\u00e9roe\u201d.<\/strong><\/p>\n<p>El proyecto cinematogr\u00e1fico-televisivo de \u201cLas Cuatro Estaciones\u201d, tiene como guionistas al propio Leonardo Padura y a su esposa Luc\u00eda Coll, es una producci\u00f3n de Tornasol Films y Nadcom Production y cuenta con la participaci\u00f3n de Televisi\u00f3n Espa\u00f1ola.<\/p>\n<p>El cubano, que es adem\u00e1s autor<em><strong> \u201cLa novela de mi vida\u201d <\/strong><\/em>y<em><strong> \u201cEl hombre que amaba a los perros\u201d,<\/strong><\/em> una reconstrucci\u00f3n de las vidas de Trotsky y Ram\u00f3n Mercader,, fue laureado con el <strong>Premio Princesa de Asturias<\/strong> de las Letras 2015, al que optaban veintisiete candidaturas procedentes de diecisiete pa\u00edses.<\/p>\n<div style=\"padding-bottom:20px; padding-top:10px;\" class=\"hupso-share-buttons\"><!-- Hupso Share Buttons - https:\/\/www.hupso.com\/share\/ --><a class=\"hupso_counters\" href=\"https:\/\/www.hupso.com\/share\/\"><img decoding=\"async\" src=\"http:\/\/static.hupso.com\/share\/buttons\/lang\/es\/share-small.png\" style=\"border:0px; padding-top:2px; float:left;\" alt=\"Share Button\"\/><\/a><script type=\"text\/javascript\">var hupso_services_c=new Array(\"twitter\",\"facebook_like\",\"google\");var hupso_counters_lang = \"es_LA\";var hupso_image_folder_url = \"\";var hupso_twitter_via=\"crsyvrs\";var hupso_url_c=\"\";<\/script><script type=\"text\/javascript\" src=\"http:\/\/static.hupso.com\/share\/js\/counters.js\"><\/script><!-- Hupso Share Buttons --><\/div> ","protected":false},"excerpt":{"rendered":"<div style=\"padding-bottom:20px; padding-top:10px;\" class=\"hupso-share-buttons\"><!-- Hupso Share Buttons - https:\/\/www.hupso.com\/share\/ --><a class=\"hupso_counters\" href=\"https:\/\/www.hupso.com\/share\/\"><img src=\"http:\/\/static.hupso.com\/share\/buttons\/lang\/es\/share-small.png\" style=\"border:0px; padding-top:2px; float:left;\" alt=\"Share Button\"\/><\/a><script type=\"text\/javascript\">var hupso_services_c=new Array(\"twitter\",\"facebook_like\",\"google\");var hupso_counters_lang = \"es_LA\";var hupso_image_folder_url = \"\";var hupso_twitter_via=\"crsyvrs\";var hupso_url_c=\"\";<\/script><script type=\"text\/javascript\" src=\"http:\/\/static.hupso.com\/share\/js\/counters.js\"><\/script><!-- Hupso Share Buttons --><\/div><p>La tetralog\u00eda de \u201cLas Cuatro Estaciones\u201d del autor cubano tendr\u00e1 una primera entrega ser\u00e1 en un film y las tres restantes en una miniserie de televisi\u00f3n. Mario Conde, el personaje creado por la imaginaci\u00f3n de Leonardo Padura, irrumpir\u00e1 la&#46;&#46;&#46;<\/p>\n<div style=\"padding-bottom:20px; padding-top:10px;\" class=\"hupso-share-buttons\"><!-- Hupso Share Buttons - https:\/\/www.hupso.com\/share\/ --><a class=\"hupso_counters\" href=\"https:\/\/www.hupso.com\/share\/\"><img src=\"http:\/\/static.hupso.com\/share\/buttons\/lang\/es\/share-small.png\" style=\"border:0px; padding-top:2px; float:left;\" alt=\"Share Button\"\/><\/a><script type=\"text\/javascript\">var hupso_services_c=new Array(\"twitter\",\"facebook_like\",\"google\");var hupso_counters_lang = \"es_LA\";var hupso_image_folder_url = \"\";var hupso_twitter_via=\"crsyvrs\";var hupso_url_c=\"\";<\/script><script type=\"text\/javascript\" src=\"http:\/\/static.hupso.com\/share\/js\/counters.js\"><\/script><!-- Hupso Share Buttons --><\/div>","protected":false},"author":5,"featured_media":0,"comment_status":"closed","ping_status":"closed","sticky":false,"template":"","format":"standard","meta":{"footnotes":""},"categories":[4,7],"tags":[432,4767,4768,4612],"class_list":["post-6617","post","type-post","status-publish","format-standard","hentry","category-cine","category-literatura","tag-cuba","tag-felix-viscarret","tag-jorge-perugorria","tag-leonardo-padura"],"_links":{"self":[{"href":"http:\/\/cronicasyversiones.com\/index.php?rest_route=\/wp\/v2\/posts\/6617","targetHints":{"allow":["GET"]}}],"collection":[{"href":"http:\/\/cronicasyversiones.com\/index.php?rest_route=\/wp\/v2\/posts"}],"about":[{"href":"http:\/\/cronicasyversiones.com\/index.php?rest_route=\/wp\/v2\/types\/post"}],"author":[{"embeddable":true,"href":"http:\/\/cronicasyversiones.com\/index.php?rest_route=\/wp\/v2\/users\/5"}],"replies":[{"embeddable":true,"href":"http:\/\/cronicasyversiones.com\/index.php?rest_route=%2Fwp%2Fv2%2Fcomments&post=6617"}],"version-history":[{"count":0,"href":"http:\/\/cronicasyversiones.com\/index.php?rest_route=\/wp\/v2\/posts\/6617\/revisions"}],"wp:attachment":[{"href":"http:\/\/cronicasyversiones.com\/index.php?rest_route=%2Fwp%2Fv2%2Fmedia&parent=6617"}],"wp:term":[{"taxonomy":"category","embeddable":true,"href":"http:\/\/cronicasyversiones.com\/index.php?rest_route=%2Fwp%2Fv2%2Fcategories&post=6617"},{"taxonomy":"post_tag","embeddable":true,"href":"http:\/\/cronicasyversiones.com\/index.php?rest_route=%2Fwp%2Fv2%2Ftags&post=6617"}],"curies":[{"name":"wp","href":"https:\/\/api.w.org\/{rel}","templated":true}]}}