{"id":7027,"date":"2015-08-10T15:33:44","date_gmt":"2015-08-10T18:33:44","guid":{"rendered":"http:\/\/cronicasyversiones.com\/?p=7027"},"modified":"2015-08-10T15:33:44","modified_gmt":"2015-08-10T18:33:44","slug":"homenaje-a-roland-barthes-a-cien-anos-de-su-nacimiento","status":"publish","type":"post","link":"http:\/\/cronicasyversiones.com\/?p=7027","title":{"rendered":"Homenaje a Roland Barthes, a cien a\u00f1os de su nacimiento"},"content":{"rendered":"<div style=\"padding-bottom:20px; padding-top:10px;\" class=\"hupso-share-buttons\"><!-- Hupso Share Buttons - https:\/\/www.hupso.com\/share\/ --><a class=\"hupso_counters\" href=\"https:\/\/www.hupso.com\/share\/\"><img decoding=\"async\" src=\"http:\/\/static.hupso.com\/share\/buttons\/lang\/es\/share-small.png\" style=\"border:0px; padding-top:2px; float:left;\" alt=\"Share Button\"\/><\/a><script type=\"text\/javascript\">var hupso_services_c=new Array(\"twitter\",\"facebook_like\",\"google\");var hupso_counters_lang = \"es_LA\";var hupso_image_folder_url = \"\";var hupso_twitter_via=\"crsyvrs\";var hupso_url_c=\"\";<\/script><script type=\"text\/javascript\" src=\"http:\/\/static.hupso.com\/share\/js\/counters.js\"><\/script><!-- Hupso Share Buttons --><\/div><h2 style=\"text-align: justify;\">La Biblioteca Nacional se suma al ciclo de reconocimientos que organiza la Embajada de Francia con una serie de encuentros dedicados al gran semi\u00f3logo franc\u00e9s.<\/h2>\n<p><img loading=\"lazy\" decoding=\"async\" class=\" aligncenter\" src=\"http:\/\/41.media.tumblr.com\/tumblr_lz96kbNAFG1qfvw54o1_1280.jpg\" alt=\"\" width=\"760\" height=\"505\" \/><\/p>\n<p style=\"text-align: justify;\">A 100 a\u00f1os del nacimiento de <strong>Roland Barthes<\/strong>, que se cumplir\u00e1n en noviembre pr\u00f3ximo, la <strong>Biblioteca Nacional<\/strong> se suma desde el jueves 13 de agosto al ciclo de homenajes que organiza la Embajada de Francia con una serie de encuentros dedicados al gran <strong>semi\u00f3logo franc\u00e9s,<\/strong> de los que participar\u00e1n intelectuales y artistas para revisar la influencia de su obra en la Argentina como tambi\u00e9n la actualidad de su pensamiento.<\/p>\n<p style=\"text-align: justify;\">Desde el pr\u00f3ximo jueves hasta mediados de noviembre, la Biblioteca Nacional, ubicada en Ag\u00fcero 2502, comenzar\u00e1 con el ciclo que protagonizar\u00e1 la obra del intelectual de la escuela estructuralista- la misma que ciment\u00f3 <strong>Ferdinand de Sausurre y continu\u00f3 Claude L\u00e9vi-Strauus-<\/strong>, reconocido por sus aportes en diversos campos, principalmente en ling\u00fc\u00edstica y literatura, y cuyos escritos siguen vigentes como objeto de estudio y discusi\u00f3n.<\/p>\n<p style=\"text-align: justify;\">\u00abBarthes desarroll\u00f3 gran parte de su trabajo en un ambiguo espacio entre la ling\u00fc\u00edstica y la literatura. \u00c9l mismo se defini\u00f3, en su lecci\u00f3n inaugural de la c\u00e1tedra de <strong>Semiolog\u00eda Literaria del Coll\u00e8ge de France,<\/strong> como un `sujeto incierto`: demasiado literario para los ling\u00fcistas, que siempre lo consideraron un intruso; demasiado ling\u00fcista para los cr\u00edticos literarios, que pocas veces llegaron a entenderlo\u00bb, asegur\u00e1n los organizadores de la actividad.<\/p>\n<p style=\"text-align: justify;\">El ciclo de la Biblioteca Nacional continuar\u00e1 el 12 de noviembre con una actividad titulada <strong>\u00abGoces de Barthes\u00bb<\/strong> que se desarrollar\u00e1 en el Museo del libro y de la lengua con diez textos in\u00e9ditos sobre 20 libros del semi\u00f3logo, creados por intelectuales y artistas de distintas disciplinas.<\/p>\n<p style=\"text-align: justify;\">La programaci\u00f3n del ciclo, cuyas actividades se desarrollan con entrada gratuita, se puede consultar en la p\u00e1gina web de la Biblioteca Nacional<strong> www.bn.gov.ar.<\/strong><\/p>\n<p style=\"text-align: justify;\">\n<p>&nbsp;<\/p>\n<div style=\"padding-bottom:20px; padding-top:10px;\" class=\"hupso-share-buttons\"><!-- Hupso Share Buttons - https:\/\/www.hupso.com\/share\/ --><a class=\"hupso_counters\" href=\"https:\/\/www.hupso.com\/share\/\"><img decoding=\"async\" src=\"http:\/\/static.hupso.com\/share\/buttons\/lang\/es\/share-small.png\" style=\"border:0px; padding-top:2px; float:left;\" alt=\"Share Button\"\/><\/a><script type=\"text\/javascript\">var hupso_services_c=new Array(\"twitter\",\"facebook_like\",\"google\");var hupso_counters_lang = \"es_LA\";var hupso_image_folder_url = \"\";var hupso_twitter_via=\"crsyvrs\";var hupso_url_c=\"\";<\/script><script type=\"text\/javascript\" src=\"http:\/\/static.hupso.com\/share\/js\/counters.js\"><\/script><!-- Hupso Share Buttons --><\/div> ","protected":false},"excerpt":{"rendered":"<div style=\"padding-bottom:20px; padding-top:10px;\" class=\"hupso-share-buttons\"><!-- Hupso Share Buttons - https:\/\/www.hupso.com\/share\/ --><a class=\"hupso_counters\" href=\"https:\/\/www.hupso.com\/share\/\"><img src=\"http:\/\/static.hupso.com\/share\/buttons\/lang\/es\/share-small.png\" style=\"border:0px; padding-top:2px; float:left;\" alt=\"Share Button\"\/><\/a><script type=\"text\/javascript\">var hupso_services_c=new Array(\"twitter\",\"facebook_like\",\"google\");var hupso_counters_lang = \"es_LA\";var hupso_image_folder_url = \"\";var hupso_twitter_via=\"crsyvrs\";var hupso_url_c=\"\";<\/script><script type=\"text\/javascript\" src=\"http:\/\/static.hupso.com\/share\/js\/counters.js\"><\/script><!-- Hupso Share Buttons --><\/div><p>La Biblioteca Nacional se suma al ciclo de reconocimientos que organiza la Embajada de Francia con una serie de encuentros dedicados al gran semi\u00f3logo franc\u00e9s. A 100 a\u00f1os del nacimiento de Roland Barthes, que se cumplir\u00e1n en noviembre pr\u00f3ximo,&#46;&#46;&#46;<\/p>\n<div style=\"padding-bottom:20px; padding-top:10px;\" class=\"hupso-share-buttons\"><!-- Hupso Share Buttons - https:\/\/www.hupso.com\/share\/ --><a class=\"hupso_counters\" href=\"https:\/\/www.hupso.com\/share\/\"><img src=\"http:\/\/static.hupso.com\/share\/buttons\/lang\/es\/share-small.png\" style=\"border:0px; padding-top:2px; float:left;\" alt=\"Share Button\"\/><\/a><script type=\"text\/javascript\">var hupso_services_c=new Array(\"twitter\",\"facebook_like\",\"google\");var hupso_counters_lang = \"es_LA\";var hupso_image_folder_url = \"\";var hupso_twitter_via=\"crsyvrs\";var hupso_url_c=\"\";<\/script><script type=\"text\/javascript\" src=\"http:\/\/static.hupso.com\/share\/js\/counters.js\"><\/script><!-- Hupso Share Buttons --><\/div>","protected":false},"author":5,"featured_media":0,"comment_status":"closed","ping_status":"closed","sticky":false,"template":"","format":"standard","meta":{"footnotes":""},"categories":[7],"tags":[2046,5082,5081,5080],"class_list":["post-7027","post","type-post","status-publish","format-standard","hentry","category-literatura","tag-biblioteca-nacional","tag-claude-levi-strauus","tag-ferdinand-de-sausurre","tag-roland-barthes"],"_links":{"self":[{"href":"http:\/\/cronicasyversiones.com\/index.php?rest_route=\/wp\/v2\/posts\/7027","targetHints":{"allow":["GET"]}}],"collection":[{"href":"http:\/\/cronicasyversiones.com\/index.php?rest_route=\/wp\/v2\/posts"}],"about":[{"href":"http:\/\/cronicasyversiones.com\/index.php?rest_route=\/wp\/v2\/types\/post"}],"author":[{"embeddable":true,"href":"http:\/\/cronicasyversiones.com\/index.php?rest_route=\/wp\/v2\/users\/5"}],"replies":[{"embeddable":true,"href":"http:\/\/cronicasyversiones.com\/index.php?rest_route=%2Fwp%2Fv2%2Fcomments&post=7027"}],"version-history":[{"count":0,"href":"http:\/\/cronicasyversiones.com\/index.php?rest_route=\/wp\/v2\/posts\/7027\/revisions"}],"wp:attachment":[{"href":"http:\/\/cronicasyversiones.com\/index.php?rest_route=%2Fwp%2Fv2%2Fmedia&parent=7027"}],"wp:term":[{"taxonomy":"category","embeddable":true,"href":"http:\/\/cronicasyversiones.com\/index.php?rest_route=%2Fwp%2Fv2%2Fcategories&post=7027"},{"taxonomy":"post_tag","embeddable":true,"href":"http:\/\/cronicasyversiones.com\/index.php?rest_route=%2Fwp%2Fv2%2Ftags&post=7027"}],"curies":[{"name":"wp","href":"https:\/\/api.w.org\/{rel}","templated":true}]}}