{"id":7046,"date":"2015-08-12T00:02:01","date_gmt":"2015-08-12T03:02:01","guid":{"rendered":"http:\/\/cronicasyversiones.com\/?p=7046"},"modified":"2015-08-11T22:24:35","modified_gmt":"2015-08-12T01:24:35","slug":"los-restos-de-garcia-marquez-descansaran-en-cartagena-de-indias","status":"publish","type":"post","link":"http:\/\/cronicasyversiones.com\/?p=7046","title":{"rendered":"Los restos de Garc\u00eda M\u00e1rquez descansar\u00e1n en Cartagena de Indias"},"content":{"rendered":"<div style=\"padding-bottom:20px; padding-top:10px;\" class=\"hupso-share-buttons\"><!-- Hupso Share Buttons - https:\/\/www.hupso.com\/share\/ --><a class=\"hupso_counters\" href=\"https:\/\/www.hupso.com\/share\/\"><img decoding=\"async\" src=\"http:\/\/static.hupso.com\/share\/buttons\/lang\/es\/share-small.png\" style=\"border:0px; padding-top:2px; float:left;\" alt=\"Share Button\"\/><\/a><script type=\"text\/javascript\">var hupso_services_c=new Array(\"twitter\",\"facebook_like\",\"google\");var hupso_counters_lang = \"es_LA\";var hupso_image_folder_url = \"\";var hupso_twitter_via=\"crsyvrs\";var hupso_url_c=\"\";<\/script><script type=\"text\/javascript\" src=\"http:\/\/static.hupso.com\/share\/js\/counters.js\"><\/script><!-- Hupso Share Buttons --><\/div><h2 style=\"text-align: justify;\">A partir de diciembre, las cenizas del nobel colombiano, fallecido el 17 de abril de 2014, permanecer\u00e1n en el Claustro de La Merced de esa ciudad caribe\u00f1a.<\/h2>\n<p><img loading=\"lazy\" decoding=\"async\" class=\" aligncenter\" src=\"http:\/\/www.abc.es\/Media\/201307\/18\/gabriel-garcia-marquez--644x362.jpg\" alt=\"\" width=\"777\" height=\"437\" \/><\/p>\n<p style=\"text-align: justify;\">A partir de diciembre pr\u00f3ximo las cenizas de<strong> Gabriel Garc\u00eda M\u00e1rquez<\/strong> reposar\u00e1n en <strong>Cartagena de Indias,<\/strong> ciudad amurallada del Caribe colombiano, la regi\u00f3n en la que el escritor naci\u00f3 y se inspir\u00f3 para su obra universal.<\/p>\n<p style=\"text-align: justify;\">Las cenizas del nobel colombiano, <strong>fallecido el 17 de abril de 2014 en la Ciudad de M\u00e9xico,<\/strong> donde resid\u00eda desde los \u201860, permanecer\u00e1n en el <strong>Claustro de La Merced,<\/strong> en la Universidad de Cartagena, donde el joven nacido en Aracataca en 1928 estudi\u00f3 Derecho, carrera que se vio obligado a interrumpir en Bogot\u00e1 por los violentos sucesos del 9 de abril de 1948.<\/p>\n<p style=\"text-align: justify;\">\u201c<strong>Esta es una decisi\u00f3n que ha sido tomada por la familia de Gabo<\/strong>, la familia Garc\u00eda Barcha, su se\u00f1ora Mercedes y los hijos Rodrigo y Gonzalo\u201d, explic\u00f3 a la agencia de noticias Efe Juan Carlos Gossa\u00edn, gobernador del departamento de Bol\u00edvar, del que Cartagena es capital.<\/p>\n<p style=\"text-align: justify;\">La elecci\u00f3n de Cartagena como sitio para el reposo definitivo del autor de <em><strong>\u201cCien a\u00f1os de soledad\u201d<\/strong><\/em> reafirma su alma colombiana, especialmente despu\u00e9s de que en noviembre pasado su familia vendiera a la Universidad de Texas. su archivo personal, que formar\u00e1 parte de la colecci\u00f3n del Centro Harry Ramson, en Austin.<\/p>\n<p style=\"text-align: justify;\">Junto a las cenizas de Garc\u00eda M\u00e1rquez se colocar\u00e1 un busto cuya elaboraci\u00f3n se le encomend\u00f3 a la escultora brit\u00e1nica <strong>Kate Murray.<\/strong><\/p>\n<div style=\"padding-bottom:20px; padding-top:10px;\" class=\"hupso-share-buttons\"><!-- Hupso Share Buttons - https:\/\/www.hupso.com\/share\/ --><a class=\"hupso_counters\" href=\"https:\/\/www.hupso.com\/share\/\"><img decoding=\"async\" src=\"http:\/\/static.hupso.com\/share\/buttons\/lang\/es\/share-small.png\" style=\"border:0px; padding-top:2px; float:left;\" alt=\"Share Button\"\/><\/a><script type=\"text\/javascript\">var hupso_services_c=new Array(\"twitter\",\"facebook_like\",\"google\");var hupso_counters_lang = \"es_LA\";var hupso_image_folder_url = \"\";var hupso_twitter_via=\"crsyvrs\";var hupso_url_c=\"\";<\/script><script type=\"text\/javascript\" src=\"http:\/\/static.hupso.com\/share\/js\/counters.js\"><\/script><!-- Hupso Share Buttons --><\/div> ","protected":false},"excerpt":{"rendered":"<div style=\"padding-bottom:20px; padding-top:10px;\" class=\"hupso-share-buttons\"><!-- Hupso Share Buttons - https:\/\/www.hupso.com\/share\/ --><a class=\"hupso_counters\" href=\"https:\/\/www.hupso.com\/share\/\"><img src=\"http:\/\/static.hupso.com\/share\/buttons\/lang\/es\/share-small.png\" style=\"border:0px; padding-top:2px; float:left;\" alt=\"Share Button\"\/><\/a><script type=\"text\/javascript\">var hupso_services_c=new Array(\"twitter\",\"facebook_like\",\"google\");var hupso_counters_lang = \"es_LA\";var hupso_image_folder_url = \"\";var hupso_twitter_via=\"crsyvrs\";var hupso_url_c=\"\";<\/script><script type=\"text\/javascript\" src=\"http:\/\/static.hupso.com\/share\/js\/counters.js\"><\/script><!-- Hupso Share Buttons --><\/div><p>A partir de diciembre, las cenizas del nobel colombiano, fallecido el 17 de abril de 2014, permanecer\u00e1n en el Claustro de La Merced de esa ciudad caribe\u00f1a. A partir de diciembre pr\u00f3ximo las cenizas de Gabriel Garc\u00eda M\u00e1rquez reposar\u00e1n&#46;&#46;&#46;<\/p>\n<div style=\"padding-bottom:20px; padding-top:10px;\" class=\"hupso-share-buttons\"><!-- Hupso Share Buttons - https:\/\/www.hupso.com\/share\/ --><a class=\"hupso_counters\" href=\"https:\/\/www.hupso.com\/share\/\"><img src=\"http:\/\/static.hupso.com\/share\/buttons\/lang\/es\/share-small.png\" style=\"border:0px; padding-top:2px; float:left;\" alt=\"Share Button\"\/><\/a><script type=\"text\/javascript\">var hupso_services_c=new Array(\"twitter\",\"facebook_like\",\"google\");var hupso_counters_lang = \"es_LA\";var hupso_image_folder_url = \"\";var hupso_twitter_via=\"crsyvrs\";var hupso_url_c=\"\";<\/script><script type=\"text\/javascript\" src=\"http:\/\/static.hupso.com\/share\/js\/counters.js\"><\/script><!-- Hupso Share Buttons --><\/div>","protected":false},"author":5,"featured_media":0,"comment_status":"closed","ping_status":"closed","sticky":false,"template":"","format":"standard","meta":{"footnotes":""},"categories":[7],"tags":[5087,63],"class_list":["post-7046","post","type-post","status-publish","format-standard","hentry","category-literatura","tag-cartagena","tag-gabriel-garcia-marquez"],"_links":{"self":[{"href":"http:\/\/cronicasyversiones.com\/index.php?rest_route=\/wp\/v2\/posts\/7046","targetHints":{"allow":["GET"]}}],"collection":[{"href":"http:\/\/cronicasyversiones.com\/index.php?rest_route=\/wp\/v2\/posts"}],"about":[{"href":"http:\/\/cronicasyversiones.com\/index.php?rest_route=\/wp\/v2\/types\/post"}],"author":[{"embeddable":true,"href":"http:\/\/cronicasyversiones.com\/index.php?rest_route=\/wp\/v2\/users\/5"}],"replies":[{"embeddable":true,"href":"http:\/\/cronicasyversiones.com\/index.php?rest_route=%2Fwp%2Fv2%2Fcomments&post=7046"}],"version-history":[{"count":0,"href":"http:\/\/cronicasyversiones.com\/index.php?rest_route=\/wp\/v2\/posts\/7046\/revisions"}],"wp:attachment":[{"href":"http:\/\/cronicasyversiones.com\/index.php?rest_route=%2Fwp%2Fv2%2Fmedia&parent=7046"}],"wp:term":[{"taxonomy":"category","embeddable":true,"href":"http:\/\/cronicasyversiones.com\/index.php?rest_route=%2Fwp%2Fv2%2Fcategories&post=7046"},{"taxonomy":"post_tag","embeddable":true,"href":"http:\/\/cronicasyversiones.com\/index.php?rest_route=%2Fwp%2Fv2%2Ftags&post=7046"}],"curies":[{"name":"wp","href":"https:\/\/api.w.org\/{rel}","templated":true}]}}