{"id":7324,"date":"2015-09-07T11:53:36","date_gmt":"2015-09-07T14:53:36","guid":{"rendered":"http:\/\/cronicasyversiones.com\/?p=7324"},"modified":"2015-09-07T11:53:36","modified_gmt":"2015-09-07T14:53:36","slug":"mafalda-en-su-sopa-en-la-bienal-de-rio-de-janeiro","status":"publish","type":"post","link":"http:\/\/cronicasyversiones.com\/?p=7324","title":{"rendered":"\u00abMafalda en su sopa\u00bb, en la Bienal de R\u00edo de Janeiro"},"content":{"rendered":"<div style=\"padding-bottom:20px; padding-top:10px;\" class=\"hupso-share-buttons\"><!-- Hupso Share Buttons - https:\/\/www.hupso.com\/share\/ --><a class=\"hupso_counters\" href=\"https:\/\/www.hupso.com\/share\/\"><img decoding=\"async\" src=\"http:\/\/static.hupso.com\/share\/buttons\/lang\/es\/share-small.png\" style=\"border:0px; padding-top:2px; float:left;\" alt=\"Share Button\"\/><\/a><script type=\"text\/javascript\">var hupso_services_c=new Array(\"twitter\",\"facebook_like\",\"google\");var hupso_counters_lang = \"es_LA\";var hupso_image_folder_url = \"\";var hupso_twitter_via=\"crsyvrs\";var hupso_url_c=\"\";<\/script><script type=\"text\/javascript\" src=\"http:\/\/static.hupso.com\/share\/js\/counters.js\"><\/script><!-- Hupso Share Buttons --><\/div><h2 style=\"text-align: justify;\">Este homenaje a Quino, el creador de este popular personaje, fue inaugurado en la Biblioteca del Parque Estadual de esa ciudad brasile\u00f1a.<\/h2>\n<p><img loading=\"lazy\" decoding=\"async\" class=\" aligncenter\" src=\"http:\/\/imagem.vermelho.org.br\/biblioteca\/mafalda83893.jpg\" alt=\"\" width=\"748\" height=\"526\" \/><\/p>\n<p style=\"text-align: justify;\">La muestra <em><strong>\u00abMafalda en su sopa\u00bb<\/strong><\/em>, un homenaje al personaje creado por Quino en 1964, fue inaugurada en la Biblioteca del Parque Estadual de R\u00edo de Janeiro, con la presencia del humorista gr\u00e1fico <strong>Juan Mat\u00edas Loiseau<\/strong>, m\u00e1s conocido como <strong>Tute,<\/strong> en el marco de la <strong>Bienal Internacional del Libro de R\u00edo<\/strong>, que tendr\u00e1 lugar hasta el pr\u00f3ximo 13 de septiembre con Argentina como pa\u00eds homenajeado.<\/p>\n<p style=\"text-align: justify;\">La exposici\u00f3n, organizada por la <strong>Biblioteca Nacional de Buenos Aires,<\/strong> est\u00e1 compuesta por reproducciones de la famosa tira, que Quino realiz\u00f3 de 1964 a 1973 y que fue publicada en distintos medios gr\u00e1ficos y luego reeditada en distintos compilados.<\/p>\n<p style=\"text-align: justify;\">La muestra tambi\u00e9n tiene en exhibici\u00f3n fotograf\u00edas, <strong>tributos de otros historietistas<\/strong>, tapas de las publicaciones que viajaron por el mundo, y muchas cartas de lectores de todas las edades a los que Quino les responde con dedicaci\u00f3n.<\/p>\n<p style=\"text-align: justify;\">La muestra sobre Mafalda, s\u00edmbolo de la cr\u00edtica social y personaje muy querido por los brasile\u00f1os, estar\u00e1 abierta hasta el pr\u00f3ximo 24 de octubre en la <strong>Biblioteca del Parque Estadual de R\u00edo de Janeiro<\/strong>, un colorido espacio que recibe a todas las clases sociales, fundando en 1873.<\/p>\n<p style=\"text-align: justify;\">\n<div style=\"padding-bottom:20px; padding-top:10px;\" class=\"hupso-share-buttons\"><!-- Hupso Share Buttons - https:\/\/www.hupso.com\/share\/ --><a class=\"hupso_counters\" href=\"https:\/\/www.hupso.com\/share\/\"><img decoding=\"async\" src=\"http:\/\/static.hupso.com\/share\/buttons\/lang\/es\/share-small.png\" style=\"border:0px; padding-top:2px; float:left;\" alt=\"Share Button\"\/><\/a><script type=\"text\/javascript\">var hupso_services_c=new Array(\"twitter\",\"facebook_like\",\"google\");var hupso_counters_lang = \"es_LA\";var hupso_image_folder_url = \"\";var hupso_twitter_via=\"crsyvrs\";var hupso_url_c=\"\";<\/script><script type=\"text\/javascript\" src=\"http:\/\/static.hupso.com\/share\/js\/counters.js\"><\/script><!-- Hupso Share Buttons --><\/div> ","protected":false},"excerpt":{"rendered":"<div style=\"padding-bottom:20px; padding-top:10px;\" class=\"hupso-share-buttons\"><!-- Hupso Share Buttons - https:\/\/www.hupso.com\/share\/ --><a class=\"hupso_counters\" href=\"https:\/\/www.hupso.com\/share\/\"><img src=\"http:\/\/static.hupso.com\/share\/buttons\/lang\/es\/share-small.png\" style=\"border:0px; padding-top:2px; float:left;\" alt=\"Share Button\"\/><\/a><script type=\"text\/javascript\">var hupso_services_c=new Array(\"twitter\",\"facebook_like\",\"google\");var hupso_counters_lang = \"es_LA\";var hupso_image_folder_url = \"\";var hupso_twitter_via=\"crsyvrs\";var hupso_url_c=\"\";<\/script><script type=\"text\/javascript\" src=\"http:\/\/static.hupso.com\/share\/js\/counters.js\"><\/script><!-- Hupso Share Buttons --><\/div><p>Este homenaje a Quino, el creador de este popular personaje, fue inaugurado en la Biblioteca del Parque Estadual de esa ciudad brasile\u00f1a. La muestra \u00abMafalda en su sopa\u00bb, un homenaje al personaje creado por Quino en 1964, fue inaugurada&#46;&#46;&#46;<\/p>\n<div style=\"padding-bottom:20px; padding-top:10px;\" class=\"hupso-share-buttons\"><!-- Hupso Share Buttons - https:\/\/www.hupso.com\/share\/ --><a class=\"hupso_counters\" href=\"https:\/\/www.hupso.com\/share\/\"><img src=\"http:\/\/static.hupso.com\/share\/buttons\/lang\/es\/share-small.png\" style=\"border:0px; padding-top:2px; float:left;\" alt=\"Share Button\"\/><\/a><script type=\"text\/javascript\">var hupso_services_c=new Array(\"twitter\",\"facebook_like\",\"google\");var hupso_counters_lang = \"es_LA\";var hupso_image_folder_url = \"\";var hupso_twitter_via=\"crsyvrs\";var hupso_url_c=\"\";<\/script><script type=\"text\/javascript\" src=\"http:\/\/static.hupso.com\/share\/js\/counters.js\"><\/script><!-- Hupso Share Buttons --><\/div>","protected":false},"author":5,"featured_media":0,"comment_status":"closed","ping_status":"closed","sticky":false,"template":"","format":"standard","meta":{"footnotes":""},"categories":[7],"tags":[5038,62,5253,850,3818],"class_list":["post-7324","post","type-post","status-publish","format-standard","hentry","category-literatura","tag-bienal-de-rio-de-janeiro","tag-mafalda","tag-mafalda-en-su-sopa","tag-quino","tag-tute"],"_links":{"self":[{"href":"http:\/\/cronicasyversiones.com\/index.php?rest_route=\/wp\/v2\/posts\/7324","targetHints":{"allow":["GET"]}}],"collection":[{"href":"http:\/\/cronicasyversiones.com\/index.php?rest_route=\/wp\/v2\/posts"}],"about":[{"href":"http:\/\/cronicasyversiones.com\/index.php?rest_route=\/wp\/v2\/types\/post"}],"author":[{"embeddable":true,"href":"http:\/\/cronicasyversiones.com\/index.php?rest_route=\/wp\/v2\/users\/5"}],"replies":[{"embeddable":true,"href":"http:\/\/cronicasyversiones.com\/index.php?rest_route=%2Fwp%2Fv2%2Fcomments&post=7324"}],"version-history":[{"count":0,"href":"http:\/\/cronicasyversiones.com\/index.php?rest_route=\/wp\/v2\/posts\/7324\/revisions"}],"wp:attachment":[{"href":"http:\/\/cronicasyversiones.com\/index.php?rest_route=%2Fwp%2Fv2%2Fmedia&parent=7324"}],"wp:term":[{"taxonomy":"category","embeddable":true,"href":"http:\/\/cronicasyversiones.com\/index.php?rest_route=%2Fwp%2Fv2%2Fcategories&post=7324"},{"taxonomy":"post_tag","embeddable":true,"href":"http:\/\/cronicasyversiones.com\/index.php?rest_route=%2Fwp%2Fv2%2Ftags&post=7324"}],"curies":[{"name":"wp","href":"https:\/\/api.w.org\/{rel}","templated":true}]}}