{"id":7369,"date":"2015-09-14T10:15:11","date_gmt":"2015-09-14T13:15:11","guid":{"rendered":"http:\/\/cronicasyversiones.com\/?p=7369"},"modified":"2015-09-14T10:15:11","modified_gmt":"2015-09-14T13:15:11","slug":"relanzan-la-edicion-conmemorativa-de-el-quijote-de-la-mancha","status":"publish","type":"post","link":"http:\/\/cronicasyversiones.com\/?p=7369","title":{"rendered":"Relanzan la edici\u00f3n conmemorativa de \u201cEl Quijote de la Mancha\u201d"},"content":{"rendered":"<div style=\"padding-bottom:20px; padding-top:10px;\" class=\"hupso-share-buttons\"><!-- Hupso Share Buttons - https:\/\/www.hupso.com\/share\/ --><a class=\"hupso_counters\" href=\"https:\/\/www.hupso.com\/share\/\"><img decoding=\"async\" src=\"http:\/\/static.hupso.com\/share\/buttons\/lang\/es\/share-small.png\" style=\"border:0px; padding-top:2px; float:left;\" alt=\"Share Button\"\/><\/a><script type=\"text\/javascript\">var hupso_services_c=new Array(\"twitter\",\"facebook_like\",\"google\");var hupso_counters_lang = \"es_LA\";var hupso_image_folder_url = \"\";var hupso_twitter_via=\"crsyvrs\";var hupso_url_c=\"\";<\/script><script type=\"text\/javascript\" src=\"http:\/\/static.hupso.com\/share\/js\/counters.js\"><\/script><!-- Hupso Share Buttons --><\/div><h2 style=\"text-align: justify;\">Esta publicaci\u00f3n\u00a0llega a las librer\u00edas de Am\u00e9rica y de Espa\u00f1a al cumplirse cuatrocientos a\u00f1os de la muerte de Miguel de Cervantes, el autor de esta obra cumbre.<\/h2>\n<p><img loading=\"lazy\" decoding=\"async\" class=\"aligncenter\" src=\"http:\/\/www.rae.es\/sites\/default\/files\/styles\/lightbox\/public\/imagenes\/articulos\/DSC_6329_copia.jpg?itok=C4VP86iZ\" alt=\"\" width=\"755\" height=\"503\" \/><\/p>\n<h2 style=\"text-align: justify;\"><\/h2>\n<p style=\"text-align: justify;\">Las academias de la lengua espa\u00f1ola y Alfaguara reeditar\u00e1n la edici\u00f3n conmemorativa de <em><strong>\u00abEl Quijote\u00bb<\/strong><\/em> al cumplirse cuatrocientos a\u00f1os de la muerte de <strong>Miguel de Cervantes,<\/strong> una publicaci\u00f3n que llegar\u00e1 a las librer\u00edas de Espa\u00f1a este 10 de septiembre y en noviembre a las de Am\u00e9rica.<\/p>\n<p style=\"text-align: justify;\">Hace una d\u00e9cada, las academias de la lengua espa\u00f1ola pensaron un Quijote para todos, que vendi\u00f3 m\u00e1s de tres millones de ejemplares en todo el mundo, y se relanza, en edici\u00f3n limitada, informaron desde la <strong>Editorial Alfaguara<\/strong>.<\/p>\n<p style=\"text-align: justify;\">El texto de la edici\u00f3n fue fijado y anotado por Francisco Rico, miembro de la Real Academia Espa\u00f1ola y uno de los m\u00e1s reconocidos especialistas en Cervantes; y se completa con estudios cr\u00edticos de <strong>Mario Vargas Llosa, Francisco Ayala, Mart\u00edn de Riquer, Jos\u00e9 Manuel Blecua, Guillermo Rojo, Jos\u00e9 Antonio Pascual, Margit Frenk y Claudio Guill\u00e9n.<\/strong><\/p>\n<p style=\"text-align: justify;\">Esta edici\u00f3n cuenta con un nuevo pr\u00f3logo, escrito especialmente para la ocasi\u00f3n por <strong>Dar\u00edo Villanueva<\/strong>, director de la Real Academia Espa\u00f1ola (RAE) y presidente de la Asociaci\u00f3n de Academias de la Lengua Espa\u00f1ola (ASALE).<\/p>\n<p style=\"text-align: justify;\">Se completa con un glosario formado por siete mil palabras, locuciones, frases proverbiales y refranes, explicados seg\u00fan el significado preciso que tienen en el texto cervantino.<\/p>\n<div style=\"padding-bottom:20px; padding-top:10px;\" class=\"hupso-share-buttons\"><!-- Hupso Share Buttons - https:\/\/www.hupso.com\/share\/ --><a class=\"hupso_counters\" href=\"https:\/\/www.hupso.com\/share\/\"><img decoding=\"async\" src=\"http:\/\/static.hupso.com\/share\/buttons\/lang\/es\/share-small.png\" style=\"border:0px; padding-top:2px; float:left;\" alt=\"Share Button\"\/><\/a><script type=\"text\/javascript\">var hupso_services_c=new Array(\"twitter\",\"facebook_like\",\"google\");var hupso_counters_lang = \"es_LA\";var hupso_image_folder_url = \"\";var hupso_twitter_via=\"crsyvrs\";var hupso_url_c=\"\";<\/script><script type=\"text\/javascript\" src=\"http:\/\/static.hupso.com\/share\/js\/counters.js\"><\/script><!-- Hupso Share Buttons --><\/div> ","protected":false},"excerpt":{"rendered":"<div style=\"padding-bottom:20px; padding-top:10px;\" class=\"hupso-share-buttons\"><!-- Hupso Share Buttons - https:\/\/www.hupso.com\/share\/ --><a class=\"hupso_counters\" href=\"https:\/\/www.hupso.com\/share\/\"><img src=\"http:\/\/static.hupso.com\/share\/buttons\/lang\/es\/share-small.png\" style=\"border:0px; padding-top:2px; float:left;\" alt=\"Share Button\"\/><\/a><script type=\"text\/javascript\">var hupso_services_c=new Array(\"twitter\",\"facebook_like\",\"google\");var hupso_counters_lang = \"es_LA\";var hupso_image_folder_url = \"\";var hupso_twitter_via=\"crsyvrs\";var hupso_url_c=\"\";<\/script><script type=\"text\/javascript\" src=\"http:\/\/static.hupso.com\/share\/js\/counters.js\"><\/script><!-- Hupso Share Buttons --><\/div><p>Esta publicaci\u00f3n\u00a0llega a las librer\u00edas de Am\u00e9rica y de Espa\u00f1a al cumplirse cuatrocientos a\u00f1os de la muerte de Miguel de Cervantes, el autor de esta obra cumbre. Las academias de la lengua espa\u00f1ola y Alfaguara reeditar\u00e1n la edici\u00f3n conmemorativa&#46;&#46;&#46;<\/p>\n<div style=\"padding-bottom:20px; padding-top:10px;\" class=\"hupso-share-buttons\"><!-- Hupso Share Buttons - https:\/\/www.hupso.com\/share\/ --><a class=\"hupso_counters\" href=\"https:\/\/www.hupso.com\/share\/\"><img src=\"http:\/\/static.hupso.com\/share\/buttons\/lang\/es\/share-small.png\" style=\"border:0px; padding-top:2px; float:left;\" alt=\"Share Button\"\/><\/a><script type=\"text\/javascript\">var hupso_services_c=new Array(\"twitter\",\"facebook_like\",\"google\");var hupso_counters_lang = \"es_LA\";var hupso_image_folder_url = \"\";var hupso_twitter_via=\"crsyvrs\";var hupso_url_c=\"\";<\/script><script type=\"text\/javascript\" src=\"http:\/\/static.hupso.com\/share\/js\/counters.js\"><\/script><!-- Hupso Share Buttons --><\/div>","protected":false},"author":5,"featured_media":0,"comment_status":"closed","ping_status":"closed","sticky":false,"template":"","format":"standard","meta":{"footnotes":""},"categories":[7],"tags":[2182,1346],"class_list":["post-7369","post","type-post","status-publish","format-standard","hentry","category-literatura","tag-el-quijote-de-la-mancha","tag-miguel-de-cervantes"],"_links":{"self":[{"href":"http:\/\/cronicasyversiones.com\/index.php?rest_route=\/wp\/v2\/posts\/7369","targetHints":{"allow":["GET"]}}],"collection":[{"href":"http:\/\/cronicasyversiones.com\/index.php?rest_route=\/wp\/v2\/posts"}],"about":[{"href":"http:\/\/cronicasyversiones.com\/index.php?rest_route=\/wp\/v2\/types\/post"}],"author":[{"embeddable":true,"href":"http:\/\/cronicasyversiones.com\/index.php?rest_route=\/wp\/v2\/users\/5"}],"replies":[{"embeddable":true,"href":"http:\/\/cronicasyversiones.com\/index.php?rest_route=%2Fwp%2Fv2%2Fcomments&post=7369"}],"version-history":[{"count":0,"href":"http:\/\/cronicasyversiones.com\/index.php?rest_route=\/wp\/v2\/posts\/7369\/revisions"}],"wp:attachment":[{"href":"http:\/\/cronicasyversiones.com\/index.php?rest_route=%2Fwp%2Fv2%2Fmedia&parent=7369"}],"wp:term":[{"taxonomy":"category","embeddable":true,"href":"http:\/\/cronicasyversiones.com\/index.php?rest_route=%2Fwp%2Fv2%2Fcategories&post=7369"},{"taxonomy":"post_tag","embeddable":true,"href":"http:\/\/cronicasyversiones.com\/index.php?rest_route=%2Fwp%2Fv2%2Ftags&post=7369"}],"curies":[{"name":"wp","href":"https:\/\/api.w.org\/{rel}","templated":true}]}}