{"id":7425,"date":"2015-09-16T00:07:32","date_gmt":"2015-09-16T03:07:32","guid":{"rendered":"http:\/\/cronicasyversiones.com\/?p=7425"},"modified":"2015-09-16T00:07:32","modified_gmt":"2015-09-16T03:07:32","slug":"artistas-de-america-latina-irrumpen-contra-los-muros-de-nueva-york","status":"publish","type":"post","link":"http:\/\/cronicasyversiones.com\/?p=7425","title":{"rendered":"Artistas de Am\u00e9rica latina irrumpen contra los muros de Nueva York"},"content":{"rendered":"<div style=\"padding-bottom:20px; padding-top:10px;\" class=\"hupso-share-buttons\"><!-- Hupso Share Buttons - https:\/\/www.hupso.com\/share\/ --><a class=\"hupso_counters\" href=\"https:\/\/www.hupso.com\/share\/\"><img decoding=\"async\" src=\"http:\/\/static.hupso.com\/share\/buttons\/lang\/es\/share-small.png\" style=\"border:0px; padding-top:2px; float:left;\" alt=\"Share Button\"\/><\/a><script type=\"text\/javascript\">var hupso_services_c=new Array(\"twitter\",\"facebook_like\",\"google\");var hupso_counters_lang = \"es_LA\";var hupso_image_folder_url = \"\";var hupso_twitter_via=\"crsyvrs\";var hupso_url_c=\"\";<\/script><script type=\"text\/javascript\" src=\"http:\/\/static.hupso.com\/share\/js\/counters.js\"><\/script><!-- Hupso Share Buttons --><\/div><h2 style=\"text-align: justify;\"><strong>Junto a otros dibujantes de distintas latitudes, ser\u00e1n parte del festival de arte urbano, pintura, gastronom\u00eda y m\u00fasica \u201cMonumentart\u201d.<\/strong><\/h2>\n<p><img loading=\"lazy\" decoding=\"async\" class=\" aligncenter\" src=\"http:\/\/www.impactony.com\/wp-content\/uploads\/2013\/08\/51.jpg\" alt=\"\" width=\"740\" height=\"494\" \/><\/p>\n<p>&nbsp;<\/p>\n<p style=\"text-align: justify;\"><strong>Artistas de Am\u00e9rica latina, \u00c1frica y Europa<\/strong> ser\u00e1n parte entre el 5 y el 11 de octubre pr\u00f3ximo en Nueva York en la primera edici\u00f3n del festival de arte urbano, pintura, gastronom\u00eda y m\u00fasica <em><strong>\u201cMonumentart\u201d.<\/strong><\/em><\/p>\n<p style=\"text-align: justify;\">Algunos de los artistas que dar\u00e1n el presente en el festival son la sudafricana <strong>Faith 47<\/strong>, el argentino <strong>Ever<\/strong>, el mexicano <strong>Sego<\/strong>, el estadounidense <strong>El Mac,<\/strong> el <strong>d\u00fao 2Alas<\/strong> -el puertorrique\u00f1o <strong>Andrew Antonaccio<\/strong> y el cubano <strong>Filio Galvez<\/strong>-, el fot\u00f3grafo boricua Luis Vidal y el pintor Elizam Escobar.<\/p>\n<p style=\"text-align: justify;\">Convocado por el grupo La Respuesta, el proyecto busca reafirmar la presencia de la <strong>comunidad puertorrique\u00f1a en El Barrio,<\/strong> el asentamiento de la mayor emigraci\u00f3n desde Puerto Rico en la d\u00e9cada de 1950.<\/p>\n<p style=\"text-align: justify;\">La movida est\u00e1 organizada por el artista puertorrique\u00f1o <strong>Celso Gonz\u00e1lez,<\/strong> impulsor del proyecto, quien explic\u00f3 que el objetivo de \u201cMonumentart\u201d es \u201cseguir construyendo el puente cultural entre Puerto Rico y Nueva York\u201d, donde reside la mayor\u00eda del \u00e9xodo de boricuas en Estados Unidos, en declaraciones a la agencia de noticias EFE.<\/p>\n<p style=\"text-align: justify;\">\u201cTrabajaremos en \u2019El Barrio\u2019 y el Bronx, pues estas zonas est\u00e1n concurridas por puertorrique\u00f1os e hispanos. Adem\u00e1s, Nueva York quiere resaltar el inter\u00e9s cultural y establecer iconos culturales\u201d, agreg\u00f3 el artista.<\/p>\n<p style=\"text-align: justify;\">En el evento tambi\u00e9n actuar\u00e1 la cantante puertorrique\u00f1a <strong>Calma Carmona<\/strong> y se incluir\u00e1 una degustaci\u00f3n de comida internacional. Adem\u00e1s, todos los artistas participar\u00e1n adem\u00e1s en conversaciones y talleres con la comunidad.<\/p>\n<div style=\"padding-bottom:20px; padding-top:10px;\" class=\"hupso-share-buttons\"><!-- Hupso Share Buttons - https:\/\/www.hupso.com\/share\/ --><a class=\"hupso_counters\" href=\"https:\/\/www.hupso.com\/share\/\"><img decoding=\"async\" src=\"http:\/\/static.hupso.com\/share\/buttons\/lang\/es\/share-small.png\" style=\"border:0px; padding-top:2px; float:left;\" alt=\"Share Button\"\/><\/a><script type=\"text\/javascript\">var hupso_services_c=new Array(\"twitter\",\"facebook_like\",\"google\");var hupso_counters_lang = \"es_LA\";var hupso_image_folder_url = \"\";var hupso_twitter_via=\"crsyvrs\";var hupso_url_c=\"\";<\/script><script type=\"text\/javascript\" src=\"http:\/\/static.hupso.com\/share\/js\/counters.js\"><\/script><!-- Hupso Share Buttons --><\/div> ","protected":false},"excerpt":{"rendered":"<div style=\"padding-bottom:20px; padding-top:10px;\" class=\"hupso-share-buttons\"><!-- Hupso Share Buttons - https:\/\/www.hupso.com\/share\/ --><a class=\"hupso_counters\" href=\"https:\/\/www.hupso.com\/share\/\"><img src=\"http:\/\/static.hupso.com\/share\/buttons\/lang\/es\/share-small.png\" style=\"border:0px; padding-top:2px; float:left;\" alt=\"Share Button\"\/><\/a><script type=\"text\/javascript\">var hupso_services_c=new Array(\"twitter\",\"facebook_like\",\"google\");var hupso_counters_lang = \"es_LA\";var hupso_image_folder_url = \"\";var hupso_twitter_via=\"crsyvrs\";var hupso_url_c=\"\";<\/script><script type=\"text\/javascript\" src=\"http:\/\/static.hupso.com\/share\/js\/counters.js\"><\/script><!-- Hupso Share Buttons --><\/div><p>Junto a otros dibujantes de distintas latitudes, ser\u00e1n parte del festival de arte urbano, pintura, gastronom\u00eda y m\u00fasica \u201cMonumentart\u201d. &nbsp; Artistas de Am\u00e9rica latina, \u00c1frica y Europa ser\u00e1n parte entre el 5 y el 11 de octubre pr\u00f3ximo en&#46;&#46;&#46;<\/p>\n<div style=\"padding-bottom:20px; padding-top:10px;\" class=\"hupso-share-buttons\"><!-- Hupso Share Buttons - https:\/\/www.hupso.com\/share\/ --><a class=\"hupso_counters\" href=\"https:\/\/www.hupso.com\/share\/\"><img src=\"http:\/\/static.hupso.com\/share\/buttons\/lang\/es\/share-small.png\" style=\"border:0px; padding-top:2px; float:left;\" alt=\"Share Button\"\/><\/a><script type=\"text\/javascript\">var hupso_services_c=new Array(\"twitter\",\"facebook_like\",\"google\");var hupso_counters_lang = \"es_LA\";var hupso_image_folder_url = \"\";var hupso_twitter_via=\"crsyvrs\";var hupso_url_c=\"\";<\/script><script type=\"text\/javascript\" src=\"http:\/\/static.hupso.com\/share\/js\/counters.js\"><\/script><!-- Hupso Share Buttons --><\/div>","protected":false},"author":5,"featured_media":0,"comment_status":"closed","ping_status":"closed","sticky":false,"template":"","format":"standard","meta":{"footnotes":""},"categories":[8],"tags":[5320,5319,5318,5317,2692],"class_list":["post-7425","post","type-post","status-publish","format-standard","hentry","category-artes-plasticas","tag-calma-carmona","tag-celso-gonzalez","tag-ever","tag-monumentart","tag-street-art"],"_links":{"self":[{"href":"http:\/\/cronicasyversiones.com\/index.php?rest_route=\/wp\/v2\/posts\/7425","targetHints":{"allow":["GET"]}}],"collection":[{"href":"http:\/\/cronicasyversiones.com\/index.php?rest_route=\/wp\/v2\/posts"}],"about":[{"href":"http:\/\/cronicasyversiones.com\/index.php?rest_route=\/wp\/v2\/types\/post"}],"author":[{"embeddable":true,"href":"http:\/\/cronicasyversiones.com\/index.php?rest_route=\/wp\/v2\/users\/5"}],"replies":[{"embeddable":true,"href":"http:\/\/cronicasyversiones.com\/index.php?rest_route=%2Fwp%2Fv2%2Fcomments&post=7425"}],"version-history":[{"count":0,"href":"http:\/\/cronicasyversiones.com\/index.php?rest_route=\/wp\/v2\/posts\/7425\/revisions"}],"wp:attachment":[{"href":"http:\/\/cronicasyversiones.com\/index.php?rest_route=%2Fwp%2Fv2%2Fmedia&parent=7425"}],"wp:term":[{"taxonomy":"category","embeddable":true,"href":"http:\/\/cronicasyversiones.com\/index.php?rest_route=%2Fwp%2Fv2%2Fcategories&post=7425"},{"taxonomy":"post_tag","embeddable":true,"href":"http:\/\/cronicasyversiones.com\/index.php?rest_route=%2Fwp%2Fv2%2Ftags&post=7425"}],"curies":[{"name":"wp","href":"https:\/\/api.w.org\/{rel}","templated":true}]}}