{"id":7431,"date":"2015-09-16T13:39:56","date_gmt":"2015-09-16T16:39:56","guid":{"rendered":"http:\/\/cronicasyversiones.com\/?p=7431"},"modified":"2015-09-16T13:39:56","modified_gmt":"2015-09-16T16:39:56","slug":"el-gato-barbieri-recibira-un-grammy-honorifico","status":"publish","type":"post","link":"http:\/\/cronicasyversiones.com\/?p=7431","title":{"rendered":"El Gato Barbieri recibir\u00e1 un Grammy Honor\u00edfico"},"content":{"rendered":"<div style=\"padding-bottom:20px; padding-top:10px;\" class=\"hupso-share-buttons\"><!-- Hupso Share Buttons - https:\/\/www.hupso.com\/share\/ --><a class=\"hupso_counters\" href=\"https:\/\/www.hupso.com\/share\/\"><img decoding=\"async\" src=\"http:\/\/static.hupso.com\/share\/buttons\/lang\/es\/share-small.png\" style=\"border:0px; padding-top:2px; float:left;\" alt=\"Share Button\"\/><\/a><script type=\"text\/javascript\">var hupso_services_c=new Array(\"twitter\",\"facebook_like\",\"google\");var hupso_counters_lang = \"es_LA\";var hupso_image_folder_url = \"\";var hupso_twitter_via=\"crsyvrs\";var hupso_url_c=\"\";<\/script><script type=\"text\/javascript\" src=\"http:\/\/static.hupso.com\/share\/js\/counters.js\"><\/script><!-- Hupso Share Buttons --><\/div><h2 style=\"text-align: justify;\">Adem\u00e1s del saxofonista argentino, Pablo Milan\u00e9s, Ana Bel\u00e9n, V\u00edctor Manuel, \u00c1ngela Carraco y Djavan, entre otros, tambi\u00e9n ser\u00e1n reconocidos con el mismo lauro.<\/h2>\n<h2 style=\"text-align: justify;\"><img loading=\"lazy\" decoding=\"async\" class=\" aligncenter\" src=\"http:\/\/www.sgdgmagazine.com\/wp-content\/uploads\/2014\/06\/Gato-Barbieri-01.jpg\" alt=\"\" width=\"760\" height=\"572\" \/><\/h2>\n<p style=\"text-align: justify;\">La <strong>Academia Latina de la Grabaci\u00f3n<\/strong> comunic\u00f3 quienes ser\u00e1n los artistas que recibir\u00e1n este a\u00f1o sus galardones honor\u00edficos a prop\u00f3sito de la 16 edici\u00f3n de los premios <strong>Grammy Latino,<\/strong> que se desarrollar\u00e1 en noviembre en <strong>Las Vegas.<\/strong><\/p>\n<p style=\"text-align: justify;\">El saxonofista argentino <strong>Gato Barbieri,<\/strong>\u00a0el cantautor cubano <strong>Pablo Milan\u00e9s,<\/strong> los espa\u00f1oles <strong>Ana Bel\u00e9n y V\u00edctor Manuel, \u00c1ngela Carrasco<\/strong> de Rep\u00fablica Dominicana, <strong>Djavan<\/strong> de Brasil y el grupo <strong>El Gran Combo De Puerto Rico<\/strong> ser\u00e1n reconocidos con el premio a la excelencia musical por sus contribuciones art\u00edsticas.<\/p>\n<p style=\"text-align: justify;\">Adem\u00e1s, el consejo directivo de la Academia entregar\u00e1 el premio que lleva su nombre al violinista uruguayo <strong>Federico Britos,<\/strong> al productor musical chileno <strong>Humberto Gatica<\/strong> y al compositor venezolano <strong>Chelique Sarabia<\/strong>.<\/p>\n<p style=\"text-align: justify;\">El Premio del Consejo Directivo se concede a las personas que, m\u00e1s all\u00e1 de sus interpretaciones, han realizado una contribuci\u00f3n destacada en el campo de la grabaci\u00f3n.<\/p>\n<p style=\"text-align: justify;\">Los galardones honor\u00edficos ser\u00e1n entregados durante una gala en el Ka Theatre del hotel y casino MGM de Las Vegas el mi\u00e9rcoles 18 de noviembre, la v\u00edspera de la celebraci\u00f3n de la ceremonia de los Grammy Latino.<\/p>\n<p style=\"text-align: justify;\"><strong>El Gato Barbieri junto a Santana en una vieja actuaci\u00f3n:<\/strong><\/p>\n<p><iframe loading=\"lazy\" src=\"https:\/\/www.youtube.com\/embed\/h4Mrp6wuSwk\" width=\"788\" height=\"591\" frameborder=\"0\" allowfullscreen=\"allowfullscreen\"><\/iframe><\/p>\n<div style=\"padding-bottom:20px; padding-top:10px;\" class=\"hupso-share-buttons\"><!-- Hupso Share Buttons - https:\/\/www.hupso.com\/share\/ --><a class=\"hupso_counters\" href=\"https:\/\/www.hupso.com\/share\/\"><img decoding=\"async\" src=\"http:\/\/static.hupso.com\/share\/buttons\/lang\/es\/share-small.png\" style=\"border:0px; padding-top:2px; float:left;\" alt=\"Share Button\"\/><\/a><script type=\"text\/javascript\">var hupso_services_c=new Array(\"twitter\",\"facebook_like\",\"google\");var hupso_counters_lang = \"es_LA\";var hupso_image_folder_url = \"\";var hupso_twitter_via=\"crsyvrs\";var hupso_url_c=\"\";<\/script><script type=\"text\/javascript\" src=\"http:\/\/static.hupso.com\/share\/js\/counters.js\"><\/script><!-- Hupso Share Buttons --><\/div> ","protected":false},"excerpt":{"rendered":"<div style=\"padding-bottom:20px; padding-top:10px;\" class=\"hupso-share-buttons\"><!-- Hupso Share Buttons - https:\/\/www.hupso.com\/share\/ --><a class=\"hupso_counters\" href=\"https:\/\/www.hupso.com\/share\/\"><img src=\"http:\/\/static.hupso.com\/share\/buttons\/lang\/es\/share-small.png\" style=\"border:0px; padding-top:2px; float:left;\" alt=\"Share Button\"\/><\/a><script type=\"text\/javascript\">var hupso_services_c=new Array(\"twitter\",\"facebook_like\",\"google\");var hupso_counters_lang = \"es_LA\";var hupso_image_folder_url = \"\";var hupso_twitter_via=\"crsyvrs\";var hupso_url_c=\"\";<\/script><script type=\"text\/javascript\" src=\"http:\/\/static.hupso.com\/share\/js\/counters.js\"><\/script><!-- Hupso Share Buttons --><\/div><p>Adem\u00e1s del saxofonista argentino, Pablo Milan\u00e9s, Ana Bel\u00e9n, V\u00edctor Manuel, \u00c1ngela Carraco y Djavan, entre otros, tambi\u00e9n ser\u00e1n reconocidos con el mismo lauro. La Academia Latina de la Grabaci\u00f3n comunic\u00f3 quienes ser\u00e1n los artistas que recibir\u00e1n este a\u00f1o sus&#46;&#46;&#46;<\/p>\n<div style=\"padding-bottom:20px; padding-top:10px;\" class=\"hupso-share-buttons\"><!-- Hupso Share Buttons - https:\/\/www.hupso.com\/share\/ --><a class=\"hupso_counters\" href=\"https:\/\/www.hupso.com\/share\/\"><img src=\"http:\/\/static.hupso.com\/share\/buttons\/lang\/es\/share-small.png\" style=\"border:0px; padding-top:2px; float:left;\" alt=\"Share Button\"\/><\/a><script type=\"text\/javascript\">var hupso_services_c=new Array(\"twitter\",\"facebook_like\",\"google\");var hupso_counters_lang = \"es_LA\";var hupso_image_folder_url = \"\";var hupso_twitter_via=\"crsyvrs\";var hupso_url_c=\"\";<\/script><script type=\"text\/javascript\" src=\"http:\/\/static.hupso.com\/share\/js\/counters.js\"><\/script><!-- Hupso Share Buttons --><\/div>","protected":false},"author":5,"featured_media":0,"comment_status":"closed","ping_status":"closed","sticky":false,"template":"","format":"standard","meta":{"footnotes":""},"categories":[3],"tags":[5324,5326,5327,5322,483,5321,5323,5325],"class_list":["post-7431","post","type-post","status-publish","format-standard","hentry","category-musica","tag-ana-belen","tag-angela-carrasco","tag-djavan","tag-gato-barbieri","tag-grammy","tag-grammy-latino","tag-pablo-milanes","tag-victor-manuel"],"_links":{"self":[{"href":"http:\/\/cronicasyversiones.com\/index.php?rest_route=\/wp\/v2\/posts\/7431","targetHints":{"allow":["GET"]}}],"collection":[{"href":"http:\/\/cronicasyversiones.com\/index.php?rest_route=\/wp\/v2\/posts"}],"about":[{"href":"http:\/\/cronicasyversiones.com\/index.php?rest_route=\/wp\/v2\/types\/post"}],"author":[{"embeddable":true,"href":"http:\/\/cronicasyversiones.com\/index.php?rest_route=\/wp\/v2\/users\/5"}],"replies":[{"embeddable":true,"href":"http:\/\/cronicasyversiones.com\/index.php?rest_route=%2Fwp%2Fv2%2Fcomments&post=7431"}],"version-history":[{"count":0,"href":"http:\/\/cronicasyversiones.com\/index.php?rest_route=\/wp\/v2\/posts\/7431\/revisions"}],"wp:attachment":[{"href":"http:\/\/cronicasyversiones.com\/index.php?rest_route=%2Fwp%2Fv2%2Fmedia&parent=7431"}],"wp:term":[{"taxonomy":"category","embeddable":true,"href":"http:\/\/cronicasyversiones.com\/index.php?rest_route=%2Fwp%2Fv2%2Fcategories&post=7431"},{"taxonomy":"post_tag","embeddable":true,"href":"http:\/\/cronicasyversiones.com\/index.php?rest_route=%2Fwp%2Fv2%2Ftags&post=7431"}],"curies":[{"name":"wp","href":"https:\/\/api.w.org\/{rel}","templated":true}]}}