{"id":7696,"date":"2015-10-09T07:49:32","date_gmt":"2015-10-09T10:49:32","guid":{"rendered":"http:\/\/cronicasyversiones.com\/?p=7696"},"modified":"2015-10-09T07:49:32","modified_gmt":"2015-10-09T10:49:32","slug":"el-ataud-blanco-una-de-terror-con-julieta-cardinali-y-eleonora-wexler","status":"publish","type":"post","link":"http:\/\/cronicasyversiones.com\/?p=7696","title":{"rendered":"\u201cEl ata\u00fad blanco\u201d, una de terror con Julieta Cardinali y Eleonora Wexler"},"content":{"rendered":"<div style=\"padding-bottom:20px; padding-top:10px;\" class=\"hupso-share-buttons\"><!-- Hupso Share Buttons - https:\/\/www.hupso.com\/share\/ --><a class=\"hupso_counters\" href=\"https:\/\/www.hupso.com\/share\/\"><img decoding=\"async\" src=\"http:\/\/static.hupso.com\/share\/buttons\/lang\/es\/share-small.png\" style=\"border:0px; padding-top:2px; float:left;\" alt=\"Share Button\"\/><\/a><script type=\"text\/javascript\">var hupso_services_c=new Array(\"twitter\",\"facebook_like\",\"google\");var hupso_counters_lang = \"es_LA\";var hupso_image_folder_url = \"\";var hupso_twitter_via=\"crsyvrs\";var hupso_url_c=\"\";<\/script><script type=\"text\/javascript\" src=\"http:\/\/static.hupso.com\/share\/js\/counters.js\"><\/script><!-- Hupso Share Buttons --><\/div><h2 style=\"text-align: justify;\">Bajo la lente de Daniel de la Vega, el director de \u201cNecrofobia 3D\u201d y \u201cHermanos de sangre\u201d, est\u00e1 en pleno rodaje este film que narra el drama de una mujer que har\u00e1 lo imposible para rescatar a su peque\u00f1a hija que fue secuestrada.<\/h2>\n<p style=\"text-align: justify;\"><img loading=\"lazy\" decoding=\"async\" class=\"aligncenter\" src=\"http:\/\/www.escribiendocine.com\/images\/presets\/600_450\/30\/ef8babfac45bf8e657d3fd7fd2067aa9.jpg\" alt=\"\" width=\"736\" height=\"411\" \/><br \/>\n<strong>Daniel de la Vega<\/strong> est\u00e1 rodando en la Ciudad de Buenos Aires <em><strong>\u201cEl ata\u00fad blanco\u201d,<\/strong><\/em> una pel\u00edcula de terror que protagonizan <strong>Julieta Cardinali y Eleonora Wexler<\/strong> y que narra el drama de una mujer que har\u00e1 lo imposible para rescatar a su peque\u00f1a hija que fue secuestrada, incluso elegir entre la muerte o vivir un d\u00eda m\u00e1s para intentar salvarla.<\/p>\n<p style=\"text-align: justify;\">Con un gui\u00f3n escrito por <strong>Adri\u00e1n y Ramiro Garc\u00eda Bogliano,<\/strong> el director que ya mostr\u00f3 sus credenciales en <em><strong>\u201cNecrofobia 3D\u201d <\/strong><\/em>y<em><strong> \u201cHermanos de sangre\u201d<\/strong><\/em>, encara un nuevo un proyecto en el que la protagonista se enfrentar\u00e1 a actos que la har\u00e1n descubrir que hay cosas peores que la muerte.<\/p>\n<p style=\"text-align: justify;\">Nacido en Buenos Aires en 1972, Daniel de la Vega egres\u00f3 del Centro de Experimentaci\u00f3n y Realizaci\u00f3n Cinematogr\u00e1fica del Incaa, con el t\u00edtulo de Realizador Cinematogr\u00e1fico y forma parte de la asociaci\u00f3n de Directores Argentinos Cinematogr\u00e1ficos (DAC).<\/p>\n<p style=\"text-align: justify;\">Recientemente fue convocado como director de c\u00e1maras del \u00faltimo largometraje de Albert Pyun, <em><strong>\u201cLeft for Dead\u201d<\/strong><\/em>, un original e intenso western de terror reci\u00e9n estrenado en Estados Unidos.<\/p>\n<p style=\"text-align: justify;\">Este realizador es autor de otros los\u00a0largometrajes de terror\u00a0<em><strong>\u00abDeath Knows Your Name\u00bb <\/strong><\/em>y<em><strong> \u00abJennifer&#8217;s Shadow\u00bb,<\/strong><\/em> esta \u00faltima protagonizada por Faye Dunaway, y ambas realizadas \u00edntegramente en la Argentina para el mercado estadounidense.<\/p>\n<p style=\"text-align: justify;\">Tambi\u00e9n dirigi\u00f3 varios cortometrajes multipremiados, como <em><strong>\u201cSue\u00f1o Profundo\u201d <\/strong><\/em>y<em><strong> \u201cLa \u00faltima cena\u201d<\/strong><\/em>, considerados films de culto entre los estudiantes de cine y amantes del terror, mientras que con \u00abEl Martillo\u00bb gan\u00f3 el Festival de Cine Fant\u00e1stico de SITGES, en Espa\u00f1a.<\/p>\n<div style=\"padding-bottom:20px; padding-top:10px;\" class=\"hupso-share-buttons\"><!-- Hupso Share Buttons - https:\/\/www.hupso.com\/share\/ --><a class=\"hupso_counters\" href=\"https:\/\/www.hupso.com\/share\/\"><img decoding=\"async\" src=\"http:\/\/static.hupso.com\/share\/buttons\/lang\/es\/share-small.png\" style=\"border:0px; padding-top:2px; float:left;\" alt=\"Share Button\"\/><\/a><script type=\"text\/javascript\">var hupso_services_c=new Array(\"twitter\",\"facebook_like\",\"google\");var hupso_counters_lang = \"es_LA\";var hupso_image_folder_url = \"\";var hupso_twitter_via=\"crsyvrs\";var hupso_url_c=\"\";<\/script><script type=\"text\/javascript\" src=\"http:\/\/static.hupso.com\/share\/js\/counters.js\"><\/script><!-- Hupso Share Buttons --><\/div> ","protected":false},"excerpt":{"rendered":"<div style=\"padding-bottom:20px; padding-top:10px;\" class=\"hupso-share-buttons\"><!-- Hupso Share Buttons - https:\/\/www.hupso.com\/share\/ --><a class=\"hupso_counters\" href=\"https:\/\/www.hupso.com\/share\/\"><img src=\"http:\/\/static.hupso.com\/share\/buttons\/lang\/es\/share-small.png\" style=\"border:0px; padding-top:2px; float:left;\" alt=\"Share Button\"\/><\/a><script type=\"text\/javascript\">var hupso_services_c=new Array(\"twitter\",\"facebook_like\",\"google\");var hupso_counters_lang = \"es_LA\";var hupso_image_folder_url = \"\";var hupso_twitter_via=\"crsyvrs\";var hupso_url_c=\"\";<\/script><script type=\"text\/javascript\" src=\"http:\/\/static.hupso.com\/share\/js\/counters.js\"><\/script><!-- Hupso Share Buttons --><\/div><p>Bajo la lente de Daniel de la Vega, el director de \u201cNecrofobia 3D\u201d y \u201cHermanos de sangre\u201d, est\u00e1 en pleno rodaje este film que narra el drama de una mujer que har\u00e1 lo imposible para rescatar a su peque\u00f1a&#46;&#46;&#46;<\/p>\n<div style=\"padding-bottom:20px; padding-top:10px;\" class=\"hupso-share-buttons\"><!-- Hupso Share Buttons - https:\/\/www.hupso.com\/share\/ --><a class=\"hupso_counters\" href=\"https:\/\/www.hupso.com\/share\/\"><img src=\"http:\/\/static.hupso.com\/share\/buttons\/lang\/es\/share-small.png\" style=\"border:0px; padding-top:2px; float:left;\" alt=\"Share Button\"\/><\/a><script type=\"text\/javascript\">var hupso_services_c=new Array(\"twitter\",\"facebook_like\",\"google\");var hupso_counters_lang = \"es_LA\";var hupso_image_folder_url = \"\";var hupso_twitter_via=\"crsyvrs\";var hupso_url_c=\"\";<\/script><script type=\"text\/javascript\" src=\"http:\/\/static.hupso.com\/share\/js\/counters.js\"><\/script><!-- Hupso Share Buttons --><\/div>","protected":false},"author":5,"featured_media":0,"comment_status":"closed","ping_status":"closed","sticky":false,"template":"","format":"standard","meta":{"footnotes":""},"categories":[4],"tags":[5548,4795,5544,5546,5545,5547],"class_list":["post-7696","post","type-post","status-publish","format-standard","hentry","category-cine","tag-adrian-garcia-bogliano","tag-cine-de-terror","tag-daniel-de-la-vega","tag-eleonora-wexler","tag-julieta-cardinali","tag-ramiro-garcia-bogliano"],"_links":{"self":[{"href":"http:\/\/cronicasyversiones.com\/index.php?rest_route=\/wp\/v2\/posts\/7696","targetHints":{"allow":["GET"]}}],"collection":[{"href":"http:\/\/cronicasyversiones.com\/index.php?rest_route=\/wp\/v2\/posts"}],"about":[{"href":"http:\/\/cronicasyversiones.com\/index.php?rest_route=\/wp\/v2\/types\/post"}],"author":[{"embeddable":true,"href":"http:\/\/cronicasyversiones.com\/index.php?rest_route=\/wp\/v2\/users\/5"}],"replies":[{"embeddable":true,"href":"http:\/\/cronicasyversiones.com\/index.php?rest_route=%2Fwp%2Fv2%2Fcomments&post=7696"}],"version-history":[{"count":0,"href":"http:\/\/cronicasyversiones.com\/index.php?rest_route=\/wp\/v2\/posts\/7696\/revisions"}],"wp:attachment":[{"href":"http:\/\/cronicasyversiones.com\/index.php?rest_route=%2Fwp%2Fv2%2Fmedia&parent=7696"}],"wp:term":[{"taxonomy":"category","embeddable":true,"href":"http:\/\/cronicasyversiones.com\/index.php?rest_route=%2Fwp%2Fv2%2Fcategories&post=7696"},{"taxonomy":"post_tag","embeddable":true,"href":"http:\/\/cronicasyversiones.com\/index.php?rest_route=%2Fwp%2Fv2%2Ftags&post=7696"}],"curies":[{"name":"wp","href":"https:\/\/api.w.org\/{rel}","templated":true}]}}