{"id":7817,"date":"2015-10-20T10:21:07","date_gmt":"2015-10-20T13:21:07","guid":{"rendered":"http:\/\/cronicasyversiones.com\/?p=7817"},"modified":"2017-01-30T16:27:31","modified_gmt":"2017-01-30T19:27:31","slug":"sony-editara-el-disco-inedito-de-luis-alberto-spinetta","status":"publish","type":"post","link":"http:\/\/cronicasyversiones.com\/?p=7817","title":{"rendered":"Sony editar\u00e1 el disco in\u00e9dito de Luis Alberto Spinetta"},"content":{"rendered":"<div style=\"padding-bottom:20px; padding-top:10px;\" class=\"hupso-share-buttons\"><!-- Hupso Share Buttons - https:\/\/www.hupso.com\/share\/ --><a class=\"hupso_counters\" href=\"https:\/\/www.hupso.com\/share\/\"><img decoding=\"async\" src=\"http:\/\/static.hupso.com\/share\/buttons\/lang\/es\/share-small.png\" style=\"border:0px; padding-top:2px; float:left;\" alt=\"Share Button\"\/><\/a><script type=\"text\/javascript\">var hupso_services_c=new Array(\"twitter\",\"facebook_like\",\"google\");var hupso_counters_lang = \"es_LA\";var hupso_image_folder_url = \"\";var hupso_twitter_via=\"crsyvrs\";var hupso_url_c=\"\";<\/script><script type=\"text\/javascript\" src=\"http:\/\/static.hupso.com\/share\/js\/counters.js\"><\/script><!-- Hupso Share Buttons --><\/div><h2 style=\"text-align: justify;\">El \u00e1lbum que el \u201cFlaco\u201d grab\u00f3 junto al baterista Rodolfo Garc\u00eda y al bajista Daniel Ferr\u00f3n llegar\u00e1 a las bateas a trav\u00e9s de esta discogr\u00e1fica, tras un acuerdo con los hijos del m\u00fasico.<\/h2>\n<p><img loading=\"lazy\" decoding=\"async\" class=\"wp-image-13888 aligncenter\" src=\"http:\/\/cronicasyversiones.com\/wp-content\/uploads\/2015\/10\/luis-alberto-spinetta-08.jpg\" alt=\"\" width=\"758\" height=\"441\" srcset=\"http:\/\/cronicasyversiones.com\/wp-content\/uploads\/2015\/10\/luis-alberto-spinetta-08.jpg 990w, http:\/\/cronicasyversiones.com\/wp-content\/uploads\/2015\/10\/luis-alberto-spinetta-08-300x175.jpg 300w, http:\/\/cronicasyversiones.com\/wp-content\/uploads\/2015\/10\/luis-alberto-spinetta-08-768x447.jpg 768w\" sizes=\"auto, (max-width: 758px) 100vw, 758px\" \/><\/p>\n<p style=\"text-align: justify;\">\n<p style=\"text-align: justify;\"><strong>Sony Music<\/strong> firm\u00f3 el contrato para editar el \u00e1lbum in\u00e9dito <strong>\u00abSpinetta Los Amigos\u00bb<\/strong> que el \u201cFlaco\u201d grab\u00f3 junto al baterista <strong>Rodolfo Garc\u00eda<\/strong> y al bajista <strong>Daniel Ferr\u00f3n <\/strong>y que llegar\u00e1 a las bateas a fin de a\u00f1o.<\/p>\n<p style=\"text-align: justify;\">Los hijos de Spinetta, <strong>Dante, Catarina, Valentina y Vera<\/strong> en el momento de firmar el contrato expresaron que \u00abeste material es lo \u00faltimo que grab\u00f3 pap\u00e1 con su amigo de toda la vida Rodolfo Garc\u00eda (Almendra, Aquelarre) junto a Daniel Ferr\u00f3n (integrante de la banda de Jairo) con el tr\u00edo Los Amigos\u00bb.<\/p>\n<p style=\"text-align: justify;\">\u00ab<strong>Un sonido nuevo y \u00fanico de Spinetta al igual que todo su arte.<\/strong> Sab\u00edamos que en alg\u00fan momento retomar\u00edamos ese material para finalizarlo y sacarlo a la luz. Lleg\u00f3 ese momento y nos sentimos bendecidos, adem\u00e1s de llenar de orgullo y alegr\u00eda poder compartir con la gente estos temas nuevos de pap\u00e1\u201d, agregaron.<\/p>\n<p style=\"text-align: justify;\">\u00abQue bueno que algo que hab\u00eda nacido como una simple reuni\u00f3n semanal de amigos con ganas de juntarse a tocar, pueda salir a la luz y estar al alcance de la gente\u00bb destacaron por su parte Garc\u00eda y Ferr\u00f3n, integrantes junto a Spinetta del tr\u00edo Los Amigos, que registraron estas grabaciones.<\/p>\n<p style=\"text-align: center;\"><em><strong>Los m\u00fasicos se manifestaron adem\u00e1s \u00abfelices de haber cerrado una rendija que hab\u00eda permanecido abierta hasta ahora\u201d.<\/strong><\/em><\/p>\n<p style=\"text-align: justify;\">Los hijos del m\u00fasico ya hab\u00edan anunciado la salida de este disco, que actualmente se encuentra en proceso de masterizaci\u00f3n en el estudio <strong>La Diosa Salvaje,<\/strong> que perteneci\u00f3 al propio Spinetta.<\/p>\n<p style=\"text-align: justify;\">Los temas que ser\u00e1n parte del disco surgieron del encuentro de estos tres m\u00fasicos, que comenzaron a crear nuevas canciones sin planes formales, m\u00e1s all\u00e1 de compartir la m\u00fasica.<\/p>\n<p style=\"text-align: justify;\">Luis Alberto Spinetta, uno de los fundadores del rock argentino y uno de los principales referentes del g\u00e9nero, <strong>falleci\u00f3 el 8 de febrero de 2012 a los 62 a\u00f1os.<\/strong><\/p>\n<p style=\"text-align: justify;\">El \u201cFlaco\u201d edito 40 \u00e1lbumes, sin caer en ning\u00fan bache creativo, incluyendo su carrera como solista y junto a diversas bandas, como Almendra, Pescado Rabioso, Invisible, Jade y Los Socios del Desierto.<\/p>\n<div style=\"padding-bottom:20px; padding-top:10px;\" class=\"hupso-share-buttons\"><!-- Hupso Share Buttons - https:\/\/www.hupso.com\/share\/ --><a class=\"hupso_counters\" href=\"https:\/\/www.hupso.com\/share\/\"><img decoding=\"async\" src=\"http:\/\/static.hupso.com\/share\/buttons\/lang\/es\/share-small.png\" style=\"border:0px; padding-top:2px; float:left;\" alt=\"Share Button\"\/><\/a><script type=\"text\/javascript\">var hupso_services_c=new Array(\"twitter\",\"facebook_like\",\"google\");var hupso_counters_lang = \"es_LA\";var hupso_image_folder_url = \"\";var hupso_twitter_via=\"crsyvrs\";var hupso_url_c=\"\";<\/script><script type=\"text\/javascript\" src=\"http:\/\/static.hupso.com\/share\/js\/counters.js\"><\/script><!-- Hupso Share Buttons --><\/div> ","protected":false},"excerpt":{"rendered":"<div style=\"padding-bottom:20px; padding-top:10px;\" class=\"hupso-share-buttons\"><!-- Hupso Share Buttons - https:\/\/www.hupso.com\/share\/ --><a class=\"hupso_counters\" href=\"https:\/\/www.hupso.com\/share\/\"><img src=\"http:\/\/static.hupso.com\/share\/buttons\/lang\/es\/share-small.png\" style=\"border:0px; padding-top:2px; float:left;\" alt=\"Share Button\"\/><\/a><script type=\"text\/javascript\">var hupso_services_c=new Array(\"twitter\",\"facebook_like\",\"google\");var hupso_counters_lang = \"es_LA\";var hupso_image_folder_url = \"\";var hupso_twitter_via=\"crsyvrs\";var hupso_url_c=\"\";<\/script><script type=\"text\/javascript\" src=\"http:\/\/static.hupso.com\/share\/js\/counters.js\"><\/script><!-- Hupso Share Buttons --><\/div><p>El \u00e1lbum que el \u201cFlaco\u201d grab\u00f3 junto al baterista Rodolfo Garc\u00eda y al bajista Daniel Ferr\u00f3n llegar\u00e1 a las bateas a trav\u00e9s de esta discogr\u00e1fica, tras un acuerdo con los hijos del m\u00fasico. Sony Music firm\u00f3 el contrato para&#46;&#46;&#46;<\/p>\n<div style=\"padding-bottom:20px; padding-top:10px;\" class=\"hupso-share-buttons\"><!-- Hupso Share Buttons - https:\/\/www.hupso.com\/share\/ --><a class=\"hupso_counters\" href=\"https:\/\/www.hupso.com\/share\/\"><img src=\"http:\/\/static.hupso.com\/share\/buttons\/lang\/es\/share-small.png\" style=\"border:0px; padding-top:2px; float:left;\" alt=\"Share Button\"\/><\/a><script type=\"text\/javascript\">var hupso_services_c=new Array(\"twitter\",\"facebook_like\",\"google\");var hupso_counters_lang = \"es_LA\";var hupso_image_folder_url = \"\";var hupso_twitter_via=\"crsyvrs\";var hupso_url_c=\"\";<\/script><script type=\"text\/javascript\" src=\"http:\/\/static.hupso.com\/share\/js\/counters.js\"><\/script><!-- Hupso Share Buttons --><\/div>","protected":false},"author":5,"featured_media":0,"comment_status":"closed","ping_status":"closed","sticky":false,"template":"","format":"standard","meta":{"footnotes":""},"categories":[3,3944],"tags":[5611,5515,47,2837],"class_list":["post-7817","post","type-post","status-publish","format-standard","hentry","category-musica","category-spinettario","tag-daniel-ferron","tag-dante-spinetta","tag-luis-alberto-spinetta","tag-rodolfo-garcia"],"_links":{"self":[{"href":"http:\/\/cronicasyversiones.com\/index.php?rest_route=\/wp\/v2\/posts\/7817","targetHints":{"allow":["GET"]}}],"collection":[{"href":"http:\/\/cronicasyversiones.com\/index.php?rest_route=\/wp\/v2\/posts"}],"about":[{"href":"http:\/\/cronicasyversiones.com\/index.php?rest_route=\/wp\/v2\/types\/post"}],"author":[{"embeddable":true,"href":"http:\/\/cronicasyversiones.com\/index.php?rest_route=\/wp\/v2\/users\/5"}],"replies":[{"embeddable":true,"href":"http:\/\/cronicasyversiones.com\/index.php?rest_route=%2Fwp%2Fv2%2Fcomments&post=7817"}],"version-history":[{"count":0,"href":"http:\/\/cronicasyversiones.com\/index.php?rest_route=\/wp\/v2\/posts\/7817\/revisions"}],"wp:attachment":[{"href":"http:\/\/cronicasyversiones.com\/index.php?rest_route=%2Fwp%2Fv2%2Fmedia&parent=7817"}],"wp:term":[{"taxonomy":"category","embeddable":true,"href":"http:\/\/cronicasyversiones.com\/index.php?rest_route=%2Fwp%2Fv2%2Fcategories&post=7817"},{"taxonomy":"post_tag","embeddable":true,"href":"http:\/\/cronicasyversiones.com\/index.php?rest_route=%2Fwp%2Fv2%2Ftags&post=7817"}],"curies":[{"name":"wp","href":"https:\/\/api.w.org\/{rel}","templated":true}]}}