{"id":8064,"date":"2015-11-10T09:29:35","date_gmt":"2015-11-10T12:29:35","guid":{"rendered":"http:\/\/cronicasyversiones.com\/?p=8064"},"modified":"2016-08-11T14:45:30","modified_gmt":"2016-08-11T17:45:30","slug":"rosario-baeza-de-las-taradas-este-disco-tiene-un-sonido-mas-power","status":"publish","type":"post","link":"http:\/\/cronicasyversiones.com\/?p=8064","title":{"rendered":"Rosario Baeza de Las Taradas: \u201cEste disco tiene un sonido m\u00e1s power\u201d"},"content":{"rendered":"<div style=\"padding-bottom:20px; padding-top:10px;\" class=\"hupso-share-buttons\"><!-- Hupso Share Buttons - https:\/\/www.hupso.com\/share\/ --><a class=\"hupso_counters\" href=\"https:\/\/www.hupso.com\/share\/\"><img decoding=\"async\" src=\"http:\/\/static.hupso.com\/share\/buttons\/lang\/es\/share-small.png\" style=\"border:0px; padding-top:2px; float:left;\" alt=\"Share Button\"\/><\/a><script type=\"text\/javascript\">var hupso_services_c=new Array(\"twitter\",\"facebook_like\",\"google\");var hupso_counters_lang = \"es_LA\";var hupso_image_folder_url = \"\";var hupso_twitter_via=\"crsyvrs\";var hupso_url_c=\"\";<\/script><script type=\"text\/javascript\" src=\"http:\/\/static.hupso.com\/share\/js\/counters.js\"><\/script><!-- Hupso Share Buttons --><\/div><h2 style=\"text-align: justify;\">Por Edgardo Solano<\/h2>\n<h2 style=\"text-align: justify;\">La violinista de este numeroso combo femenino explica c\u00f3mo es el sonido de \u201cSirenas de la jungla\u201d, el segundo disco de la banda, que sucede a \u201cSon y\u00a0se hacen\u201d.<\/h2>\n<p><img loading=\"lazy\" decoding=\"async\" class=\"aligncenter  wp-image-11315\" src=\"http:\/\/cronicasyversiones.com\/wp-content\/uploads\/2015\/11\/0001271462.jpg\" alt=\"0001271462\" width=\"774\" height=\"440\" srcset=\"http:\/\/cronicasyversiones.com\/wp-content\/uploads\/2015\/11\/0001271462.jpg 601w, http:\/\/cronicasyversiones.com\/wp-content\/uploads\/2015\/11\/0001271462-300x170.jpg 300w\" sizes=\"auto, (max-width: 774px) 100vw, 774px\" \/><\/p>\n<p>&nbsp;<\/p>\n<p style=\"text-align: justify;\"><strong>Las Taradas<\/strong>, luego de su promisorio primer opus editado en 2012, ya tienen listo a su sucesor, <em><strong>\u201cSirenas de la jungla\u201d<\/strong><\/em>, con el que contin\u00faan su b\u00fasqueda estil\u00edstica, aunque sin perder del todo el eje de la sonoridad de los a\u00f1os \u201930, \u201940 y \u201950 que les dio su sello caracter\u00edstico.<\/p>\n<p style=\"text-align: justify;\">\u201c<strong>El disco anterior es m\u00e1s ac\u00fastico<\/strong>, en este nuevo disco agregamos m\u00e1s instrumentos, como guitarra y bajo el\u00e9ctrico, bater\u00eda, otra percusi\u00f3n y m\u00e1s vientos. <strong>Es un sonido m\u00e1s power<\/strong>, un sonido m\u00e1s grande que el del disco anterior\u201d, le comenta a <em><strong>Cr\u00f3nicas y versiones<\/strong><\/em> <strong>Rosario Baeza<\/strong>, la violinista del grupo, sobre algunos de los cambios con respecto a <em><strong>\u201cSon y\u00a0se hacen\u201d<\/strong><\/em>, el primer disco.<\/p>\n<p style=\"text-align: justify;\">Esta <em><strong>\u201cOrquestina de se\u00f1oritas\u201d<\/strong> <\/em>en este nuevo \u00e1lbum agrega, como otro elemento saliente, composiciones originales de la banda. \u201cAdem\u00e1s incorporamos cinco temas nuestros, igual seguimos con <strong>las reversiones de temas que son m\u00e1s de lados B,<\/strong> salvo \u2018Santa Marta\u2019, del disco anterior, el resto de los que ven\u00edamos haciendo no son tan conocidos\u201d, acota.<\/p>\n<p style=\"text-align: justify;\"><em><strong>\u201cLa preferida\u201d<\/strong><\/em>, con <strong><a href=\"http:\/\/cronicasyversiones.com\/?p=7225\" target=\"_blank\">Paula Maff\u00eda<\/a><\/strong> en primera voz, uno de los temas del nuevo disco y que la banda comenz\u00f3 a difundir a modo de adelanto del disco, tiene una impronta de bolero y hasta de culebr\u00f3n. \u201cTiene un sonido ac\u00fastico, es m\u00e1s fiel a lo que ven\u00edamos haciendo\u201d, agrega Rosario sobre esta composici\u00f3n.<\/p>\n<p style=\"text-align: justify;\">Otros de los temas nuevos y de autor\u00eda propia es<em><strong> \u201cNo me entiendes\u201d<\/strong><\/em>, con Baeza en primera voz, cercano a la m\u00fasica negra con un aire <strong>Motown<\/strong> y a las cantantes al estilo de Aretha Franklin, y con unos coros que coquetean con el gospel que completan el combo. Tambi\u00e9n, como otra novedad, incluyen en \u201cSirenas de la jungla\u201d, un tema netamente instrumental.<\/p>\n<p style=\"text-align: justify;\">Entre las reversiones del nuevo \u00e1lbum, pasadas por el tamiz de la banda, est\u00e1n la milonga <em><strong>\u201cOro y plata\u201d,<\/strong> <\/em>con letra de <strong>Homero Manzi<\/strong> y m\u00fasica de <strong>Charlo<\/strong>, y hasta un cuarteto de los cordobeses del Cuarteto Leo, unos de los combos fundadores del g\u00e9nero, entre otros temas.<\/p>\n<p style=\"text-align: justify;\"><strong>Del estudio al vivo<\/strong><\/p>\n<p style=\"text-align: justify;\">Este nuevo trabajo va a ser presentado en sociedad en el <strong>Teatro V\u00f3rterix<\/strong>, en el barrio porte\u00f1o de Colegiales, este jueves, y luego de una actuaci\u00f3n en Mar del Plata, la banda va a cerrar el a\u00f1o en <strong>Caras y Caretas<\/strong> el 26 y 28 de diciembre.<\/p>\n<p style=\"text-align: justify;\">La banda, que lleva un lustro en escena, naci\u00f3 casi como una experiencia l\u00fadica y emulando a las <strong>Andrews Sisters,<\/strong> luego super\u00f3 las expectativas de sus fundadoras y fue logrando masividad y reconocimiento por una propuesta original. <strong>\u201cNo somos muy conscientes de los que pasa afuera\u201d,<\/strong> admite Rosario ante este furor.<\/p>\n<p>Luego de un \u00e1lbum debut exitoso, muchas bandas quedan a la sombra de esa obra a la que no logran doblegar con discos posteriores, aunque no es el caso de Las Taradas. <strong>\u201cNuestro segundo disco tiene m\u00e1s identidad<\/strong>, es el resumen de lo que venimos tocando en vivo. El primero fue m\u00e1s azaroso, recopilamos ah\u00ed los temas que ven\u00edamos tocando en vivo, fue un disco m\u00e1s naif, ahora estamos m\u00e1s maduras y tenemos una orquestaci\u00f3n m\u00e1s fuerte y un sonido m\u00e1s dram\u00e1tico, los temas los elegimos para generar climas, nos dicen que hasta parece una banda de sonido\u201d, explica.<\/p>\n<p style=\"text-align: justify;\">Este nuevo disco fue grabado en los estudios ION bajo la producci\u00f3n art\u00edstica de <strong>Lucy Patan\u00e9<\/strong>, guitarrista del grupo, y del uruguayo <strong>Julio Berta,<\/strong> que en su largo curriculum incluye haber trabajado junto Jorge Drexler. \u201c<strong>Trabajaron en un criterio conjunto<\/strong>. Esta bueno que alg\u00fan integrante de la banda de encargue de la producci\u00f3n y Julio es muy flexible y vers\u00e1til y es muy importante su trato humano, fue como una Tarada m\u00e1s\u201d, se\u00f1ala Rosario, o <strong>\u201cExaltaci\u00f3n de la Cruz\u201d<\/strong>, su alter ego dentro del grupo.<\/p>\n<p style=\"text-align: justify;\">Adem\u00e1s de la mencionada violinista, el numeroso combo femenino se completa, cosn sus respectivos nombres de fantas\u00eda, con <strong>Nati Gavazzo<\/strong> como \u00abLa t\u00eda Nidia L\u00f3pez do Pandeiro\u00bb en percusi\u00f3n y voz, <strong>Paula Maffia<\/strong> como \u00abDo\u00f1a Luisa Malatesta\u00bb en voz, ukelele y acorde\u00f3n,<strong> Lu Mart\u00ednez<\/strong> como \u00abEncarnaci\u00f3n de los Males\u00bb en contrabajo y voz, <strong>Lucy Patan\u00e9<\/strong> como \u00abLuc\u00eda de Paco\u00bb en guitarra y voz y <strong>Marcela Galv\u00e1n Alberti<\/strong> como \u00abKelly G\u00bb en clarinete, saxo soprano y voz.<\/p>\n<p style=\"text-align: justify;\"><em><strong>Con camino propio<\/strong><\/em><\/p>\n<p style=\"text-align: justify;\"><strong>Rosario Baeza<\/strong> comenz\u00f3 su formaci\u00f3n acad\u00e9mica del viol\u00edn a los 11 a\u00f1os, aunque siempre estuvo m\u00e1s cerca de la m\u00fasica popular, como el jazz y el swing, que de una orquesta. \u201cCon el viol\u00edn empieza el camino acad\u00e9mico del beber ser, <strong>ten\u00e9s que ser muy valiente para empezar su propio camino<\/strong>, en la m\u00fasica\u00a0popular hay muchos violinista s\u00f3lo en el folklore. No me veo siendo parte de una orquesta\u201d, se\u00f1ala.<\/p>\n<p style=\"text-align: justify;\">Al margen de ser parte de Las Taradas, Rosario est\u00e1 al frente de las <strong>Holy Cows,<\/strong> un grupo femenino de m\u00fasica country con siete a\u00f1os en los escenarios y que acaba de sacar su primer disco.<\/p>\n<p style=\"text-align: justify;\"><strong>Las Taradas, \u00abLa preferida\u00bb<\/strong><\/p>\n<p><iframe loading=\"lazy\" src=\"https:\/\/www.youtube.com\/embed\/nW7e1G5sTN4\" width=\"800\" height=\"800\" frameborder=\"0\" allowfullscreen=\"allowfullscreen\"><\/iframe><\/p>\n<div style=\"padding-bottom:20px; padding-top:10px;\" class=\"hupso-share-buttons\"><!-- Hupso Share Buttons - https:\/\/www.hupso.com\/share\/ --><a class=\"hupso_counters\" href=\"https:\/\/www.hupso.com\/share\/\"><img decoding=\"async\" src=\"http:\/\/static.hupso.com\/share\/buttons\/lang\/es\/share-small.png\" style=\"border:0px; padding-top:2px; float:left;\" alt=\"Share Button\"\/><\/a><script type=\"text\/javascript\">var hupso_services_c=new Array(\"twitter\",\"facebook_like\",\"google\");var hupso_counters_lang = \"es_LA\";var hupso_image_folder_url = \"\";var hupso_twitter_via=\"crsyvrs\";var hupso_url_c=\"\";<\/script><script type=\"text\/javascript\" src=\"http:\/\/static.hupso.com\/share\/js\/counters.js\"><\/script><!-- Hupso Share Buttons --><\/div> ","protected":false},"excerpt":{"rendered":"<div style=\"padding-bottom:20px; padding-top:10px;\" class=\"hupso-share-buttons\"><!-- Hupso Share Buttons - https:\/\/www.hupso.com\/share\/ --><a class=\"hupso_counters\" href=\"https:\/\/www.hupso.com\/share\/\"><img src=\"http:\/\/static.hupso.com\/share\/buttons\/lang\/es\/share-small.png\" style=\"border:0px; padding-top:2px; float:left;\" alt=\"Share Button\"\/><\/a><script type=\"text\/javascript\">var hupso_services_c=new Array(\"twitter\",\"facebook_like\",\"google\");var hupso_counters_lang = \"es_LA\";var hupso_image_folder_url = \"\";var hupso_twitter_via=\"crsyvrs\";var hupso_url_c=\"\";<\/script><script type=\"text\/javascript\" src=\"http:\/\/static.hupso.com\/share\/js\/counters.js\"><\/script><!-- Hupso Share Buttons --><\/div><p>Por Edgardo Solano La violinista de este numeroso combo femenino explica c\u00f3mo es el sonido de \u201cSirenas de la jungla\u201d, el segundo disco de la banda, que sucede a \u201cSon y\u00a0se hacen\u201d. &nbsp; Las Taradas, luego de su promisorio&#46;&#46;&#46;<\/p>\n<div style=\"padding-bottom:20px; padding-top:10px;\" class=\"hupso-share-buttons\"><!-- Hupso Share Buttons - https:\/\/www.hupso.com\/share\/ --><a class=\"hupso_counters\" href=\"https:\/\/www.hupso.com\/share\/\"><img src=\"http:\/\/static.hupso.com\/share\/buttons\/lang\/es\/share-small.png\" style=\"border:0px; padding-top:2px; float:left;\" alt=\"Share Button\"\/><\/a><script type=\"text\/javascript\">var hupso_services_c=new Array(\"twitter\",\"facebook_like\",\"google\");var hupso_counters_lang = \"es_LA\";var hupso_image_folder_url = \"\";var hupso_twitter_via=\"crsyvrs\";var hupso_url_c=\"\";<\/script><script type=\"text\/javascript\" src=\"http:\/\/static.hupso.com\/share\/js\/counters.js\"><\/script><!-- Hupso Share Buttons --><\/div>","protected":false},"author":5,"featured_media":0,"comment_status":"closed","ping_status":"closed","sticky":false,"template":"","format":"standard","meta":{"footnotes":""},"categories":[3],"tags":[2787,5734,1637,5735,5733,5216,5218],"class_list":["post-8064","post","type-post","status-publish","format-standard","hentry","category-musica","tag-las-taradas","tag-lu-martinez","tag-lucy-patane","tag-marcela-galvan-alberti","tag-nati-gavazzo","tag-paula-maffia","tag-rosario-baeza"],"_links":{"self":[{"href":"http:\/\/cronicasyversiones.com\/index.php?rest_route=\/wp\/v2\/posts\/8064","targetHints":{"allow":["GET"]}}],"collection":[{"href":"http:\/\/cronicasyversiones.com\/index.php?rest_route=\/wp\/v2\/posts"}],"about":[{"href":"http:\/\/cronicasyversiones.com\/index.php?rest_route=\/wp\/v2\/types\/post"}],"author":[{"embeddable":true,"href":"http:\/\/cronicasyversiones.com\/index.php?rest_route=\/wp\/v2\/users\/5"}],"replies":[{"embeddable":true,"href":"http:\/\/cronicasyversiones.com\/index.php?rest_route=%2Fwp%2Fv2%2Fcomments&post=8064"}],"version-history":[{"count":0,"href":"http:\/\/cronicasyversiones.com\/index.php?rest_route=\/wp\/v2\/posts\/8064\/revisions"}],"wp:attachment":[{"href":"http:\/\/cronicasyversiones.com\/index.php?rest_route=%2Fwp%2Fv2%2Fmedia&parent=8064"}],"wp:term":[{"taxonomy":"category","embeddable":true,"href":"http:\/\/cronicasyversiones.com\/index.php?rest_route=%2Fwp%2Fv2%2Fcategories&post=8064"},{"taxonomy":"post_tag","embeddable":true,"href":"http:\/\/cronicasyversiones.com\/index.php?rest_route=%2Fwp%2Fv2%2Ftags&post=8064"}],"curies":[{"name":"wp","href":"https:\/\/api.w.org\/{rel}","templated":true}]}}