{"id":8301,"date":"2015-11-27T14:44:26","date_gmt":"2015-11-27T17:44:26","guid":{"rendered":"http:\/\/cronicasyversiones.com\/?p=8301"},"modified":"2015-11-27T15:53:18","modified_gmt":"2015-11-27T18:53:18","slug":"magela-baudoin-gano-el-premio-hispanoamericano-de-cuento-gabriel-garcia-marquez","status":"publish","type":"post","link":"http:\/\/cronicasyversiones.com\/?p=8301","title":{"rendered":"Magela Baudoin gan\u00f3 el Premio Hispanoamericano de Cuento Gabriel Garc\u00eda Marquez"},"content":{"rendered":"<div style=\"padding-bottom:20px; padding-top:10px;\" class=\"hupso-share-buttons\"><!-- Hupso Share Buttons - https:\/\/www.hupso.com\/share\/ --><a class=\"hupso_counters\" href=\"https:\/\/www.hupso.com\/share\/\"><img decoding=\"async\" src=\"http:\/\/static.hupso.com\/share\/buttons\/lang\/es\/share-small.png\" style=\"border:0px; padding-top:2px; float:left;\" alt=\"Share Button\"\/><\/a><script type=\"text\/javascript\">var hupso_services_c=new Array(\"twitter\",\"facebook_like\",\"google\");var hupso_counters_lang = \"es_LA\";var hupso_image_folder_url = \"\";var hupso_twitter_via=\"crsyvrs\";var hupso_url_c=\"\";<\/script><script type=\"text\/javascript\" src=\"http:\/\/static.hupso.com\/share\/js\/counters.js\"><\/script><!-- Hupso Share Buttons --><\/div><h2 style=\"text-align: justify;\">La escritora, periodista y docente boliviana obtuvo este galard\u00f3n con su obra \u201cLa composici\u00f3n de la sal\u201d. En la primera edici\u00f3n el ganador fue el argentino Guillermo Mart\u00ednez.<\/h2>\n<p><img loading=\"lazy\" decoding=\"async\" class=\"aligncenter\" src=\"http:\/\/www.eldeber.com.bo\/files\/article_main\/\/files\/crop\/uploads\/2014\/12\/09\/548797561f6d0.r_1418172262259.0-0-1000-518.jpg\" alt=\"\" width=\"681\" height=\"352\" \/><\/p>\n<p style=\"text-align: justify;\">La escritora boliviana <strong>Magela Baudoin<\/strong> fue distinguida en el <strong>Teatro Col\u00f3n de Bogot\u00e1<\/strong> con el <strong>II Premio Hispanoamericano de Cuento Gabriel Garc\u00eda M\u00e1rquez<\/strong> por su obra \u00abLa composici\u00f3n de la sal\u00bb, inform\u00f3 el Ministerio de Cultura de ese pa\u00eds.<\/p>\n<p>El anuncio del ganador del galard\u00f3n instaurado por la cartera colombiana y la Biblioteca Nacional de ese pa\u00eds en 2013, como homenaje a la memoria del Nobel y autor de <em><strong>\u00abCien a\u00f1os de soledad\u00bb.<\/strong><\/em><\/p>\n<p>El premio se entrega por segundo a\u00f1o en \u00abreconocimiento a las nuevas generaciones de escritores de cuento\u00bb, con el prop\u00f3sito de \u00abrescatar el g\u00e9nero, promover su publicaci\u00f3n y <strong>preservar la herencia de Gabo\u00bb<\/strong>, para quien los cuentos \u00abconstituyen uno de sus mayores legados\u00bb.<\/p>\n<p>El premio que cont\u00f3 con la aprobaci\u00f3n de Garc\u00eda M\u00e1rquez tendr\u00e1 vigencia por 20 a\u00f1os, busca adem\u00e1s \u00abmotivar la lectura y la escritura de los colombianos y proyectarlos en el \u00e1mbito hispanoamericano\u00bb, informaron los organizadores.<\/p>\n<p style=\"text-align: justify;\">Concurs\u00f3 con el libro de cuentos \u201c<em><strong>La composici\u00f3n de la sal\u201d<\/strong> <\/em>(Plural 2014) y es autora, entre otras obras, de <em><strong>\u201cMujeres de Costado\u201d<\/strong><\/em> y la novela <em><strong>\u201cEl sonido de la H\u201d,<\/strong><\/em> ganadora del Premio Nacional de Novela 2014 de Bolivia.<\/p>\n<p>Es requisito, adem\u00e1s, \u00abque al menos 70 por ciento de su contenido no haya sido publicado con anterioridad\u00bb.<br \/>\nLos finalistas de esta edici\u00f3n fueron el<strong> peruano Carlos Ar\u00e1mbulo, el chileno Mauricio Electorat, la ecuatoriana Gabriela Alem\u00e1n y el mexicano Juan Villoro,<\/strong> quienes se impusieron a 136 participantes de 19 nacionalidades.<\/p>\n<p>Entre los inscritos en 2015, 26 fueron autores de Argentina, 25 de Colombia, 18 de Espa\u00f1a y 16 de M\u00e9xico, un listado que se complet\u00f3 con obras de Chile, Venezuela, Estados Unidos, Puerto Rico, Bolivia, Ecuador, Francia, Panam\u00e1, Guatemala, Costa Rica, Cuba, Honduras, Rep\u00fablica Dominicana y Paraguay.<\/p>\n<p>En la primera edici\u00f3n, la del 2014, <a href=\"http:\/\/cronicasyversiones.com\/?p=4471\" target=\"_blank\">el ganador fue el argentino Guillermo Mart\u00ednez.<\/a><\/p>\n<div style=\"padding-bottom:20px; padding-top:10px;\" class=\"hupso-share-buttons\"><!-- Hupso Share Buttons - https:\/\/www.hupso.com\/share\/ --><a class=\"hupso_counters\" href=\"https:\/\/www.hupso.com\/share\/\"><img decoding=\"async\" src=\"http:\/\/static.hupso.com\/share\/buttons\/lang\/es\/share-small.png\" style=\"border:0px; padding-top:2px; float:left;\" alt=\"Share Button\"\/><\/a><script type=\"text\/javascript\">var hupso_services_c=new Array(\"twitter\",\"facebook_like\",\"google\");var hupso_counters_lang = \"es_LA\";var hupso_image_folder_url = \"\";var hupso_twitter_via=\"crsyvrs\";var hupso_url_c=\"\";<\/script><script type=\"text\/javascript\" src=\"http:\/\/static.hupso.com\/share\/js\/counters.js\"><\/script><!-- Hupso Share Buttons --><\/div> ","protected":false},"excerpt":{"rendered":"<div style=\"padding-bottom:20px; padding-top:10px;\" class=\"hupso-share-buttons\"><!-- Hupso Share Buttons - https:\/\/www.hupso.com\/share\/ --><a class=\"hupso_counters\" href=\"https:\/\/www.hupso.com\/share\/\"><img src=\"http:\/\/static.hupso.com\/share\/buttons\/lang\/es\/share-small.png\" style=\"border:0px; padding-top:2px; float:left;\" alt=\"Share Button\"\/><\/a><script type=\"text\/javascript\">var hupso_services_c=new Array(\"twitter\",\"facebook_like\",\"google\");var hupso_counters_lang = \"es_LA\";var hupso_image_folder_url = \"\";var hupso_twitter_via=\"crsyvrs\";var hupso_url_c=\"\";<\/script><script type=\"text\/javascript\" src=\"http:\/\/static.hupso.com\/share\/js\/counters.js\"><\/script><!-- Hupso Share Buttons --><\/div><p>La escritora, periodista y docente boliviana obtuvo este galard\u00f3n con su obra \u201cLa composici\u00f3n de la sal\u201d. En la primera edici\u00f3n el ganador fue el argentino Guillermo Mart\u00ednez. La escritora boliviana Magela Baudoin fue distinguida en el Teatro Col\u00f3n&#46;&#46;&#46;<\/p>\n<div style=\"padding-bottom:20px; padding-top:10px;\" class=\"hupso-share-buttons\"><!-- Hupso Share Buttons - https:\/\/www.hupso.com\/share\/ --><a class=\"hupso_counters\" href=\"https:\/\/www.hupso.com\/share\/\"><img src=\"http:\/\/static.hupso.com\/share\/buttons\/lang\/es\/share-small.png\" style=\"border:0px; padding-top:2px; float:left;\" alt=\"Share Button\"\/><\/a><script type=\"text\/javascript\">var hupso_services_c=new Array(\"twitter\",\"facebook_like\",\"google\");var hupso_counters_lang = \"es_LA\";var hupso_image_folder_url = \"\";var hupso_twitter_via=\"crsyvrs\";var hupso_url_c=\"\";<\/script><script type=\"text\/javascript\" src=\"http:\/\/static.hupso.com\/share\/js\/counters.js\"><\/script><!-- Hupso Share Buttons --><\/div>","protected":false},"author":5,"featured_media":0,"comment_status":"closed","ping_status":"closed","sticky":false,"template":"","format":"standard","meta":{"footnotes":""},"categories":[7],"tags":[5827,63,5826,3377,5825,5824,3378],"class_list":["post-8301","post","type-post","status-publish","format-standard","hentry","category-literatura","tag-carlos-arambulo","tag-gabriel-garcia-marquez","tag-gabriela-aleman","tag-guillermo-martinez","tag-juan-villoro","tag-magela-baudoin","tag-premio-hispanoamericano-de-cuento-gabriel-garcia-marquez"],"_links":{"self":[{"href":"http:\/\/cronicasyversiones.com\/index.php?rest_route=\/wp\/v2\/posts\/8301","targetHints":{"allow":["GET"]}}],"collection":[{"href":"http:\/\/cronicasyversiones.com\/index.php?rest_route=\/wp\/v2\/posts"}],"about":[{"href":"http:\/\/cronicasyversiones.com\/index.php?rest_route=\/wp\/v2\/types\/post"}],"author":[{"embeddable":true,"href":"http:\/\/cronicasyversiones.com\/index.php?rest_route=\/wp\/v2\/users\/5"}],"replies":[{"embeddable":true,"href":"http:\/\/cronicasyversiones.com\/index.php?rest_route=%2Fwp%2Fv2%2Fcomments&post=8301"}],"version-history":[{"count":0,"href":"http:\/\/cronicasyversiones.com\/index.php?rest_route=\/wp\/v2\/posts\/8301\/revisions"}],"wp:attachment":[{"href":"http:\/\/cronicasyversiones.com\/index.php?rest_route=%2Fwp%2Fv2%2Fmedia&parent=8301"}],"wp:term":[{"taxonomy":"category","embeddable":true,"href":"http:\/\/cronicasyversiones.com\/index.php?rest_route=%2Fwp%2Fv2%2Fcategories&post=8301"},{"taxonomy":"post_tag","embeddable":true,"href":"http:\/\/cronicasyversiones.com\/index.php?rest_route=%2Fwp%2Fv2%2Ftags&post=8301"}],"curies":[{"name":"wp","href":"https:\/\/api.w.org\/{rel}","templated":true}]}}