{"id":8324,"date":"2015-11-30T00:00:40","date_gmt":"2015-11-30T03:00:40","guid":{"rendered":"http:\/\/cronicasyversiones.com\/?p=8324"},"modified":"2017-01-31T17:10:08","modified_gmt":"2017-01-31T20:10:08","slug":"los-amigo-el-disco-postumo-que-abre-el-archivo-de-spinetta","status":"publish","type":"post","link":"http:\/\/cronicasyversiones.com\/?p=8324","title":{"rendered":"\u201cLos Amigo\u201d, el disco p\u00f3stumo que abre el archivo de Spinetta"},"content":{"rendered":"<div style=\"padding-bottom:20px; padding-top:10px;\" class=\"hupso-share-buttons\"><!-- Hupso Share Buttons - https:\/\/www.hupso.com\/share\/ --><a class=\"hupso_counters\" href=\"https:\/\/www.hupso.com\/share\/\"><img decoding=\"async\" src=\"http:\/\/static.hupso.com\/share\/buttons\/lang\/es\/share-small.png\" style=\"border:0px; padding-top:2px; float:left;\" alt=\"Share Button\"\/><\/a><script type=\"text\/javascript\">var hupso_services_c=new Array(\"twitter\",\"facebook_like\",\"google\");var hupso_counters_lang = \"es_LA\";var hupso_image_folder_url = \"\";var hupso_twitter_via=\"crsyvrs\";var hupso_url_c=\"\";<\/script><script type=\"text\/javascript\" src=\"http:\/\/static.hupso.com\/share\/js\/counters.js\"><\/script><!-- Hupso Share Buttons --><\/div><h4 style=\"text-align: justify;\">Por Edgardo Solano<\/h4>\n<h2 style=\"text-align: justify;\">El proyecto silencioso que el Flaco desarroll\u00f3 con Rodolfo Garc\u00eda y Daniel Ferr\u00f3n se edit\u00f3 formalmente y saca a la luz a un pu\u00f1ado de bellas canciones en las que el tr\u00edo se luci\u00f3 con aires jazzeros.<\/h2>\n<p style=\"text-align: justify;\"><img loading=\"lazy\" decoding=\"async\" class=\"wp-image-13915 aligncenter\" src=\"http:\/\/cronicasyversiones.com\/wp-content\/uploads\/2016\/05\/spinetta-599x360.jpg\" alt=\"\" width=\"769\" height=\"462\" srcset=\"http:\/\/cronicasyversiones.com\/wp-content\/uploads\/2016\/05\/spinetta-599x360.jpg 599w, http:\/\/cronicasyversiones.com\/wp-content\/uploads\/2016\/05\/spinetta-599x360-300x180.jpg 300w\" sizes=\"auto, (max-width: 769px) 100vw, 769px\" \/><\/p>\n<p style=\"text-align: justify;\">En 2010, poco despu\u00e9s del megaconcierto de<em><strong> \u201cLas Bandas Eternas\u201d,<\/strong><\/em> <strong>Luis Alberto Spinetta, Daniel Ferr\u00f3n y Rodolfo Garc\u00eda<\/strong> comenzaron a tocar, en la sala de ensayo que este \u00faltimo mont\u00f3 en su propia casa, en encuentros programados estrat\u00e9gicamente los mi\u00e9rcoles (el d\u00eda libre de los tres) luego de la ca\u00edda del sol a tocar sin ning\u00fan plan determinado de grabar el material y ni de presentarlo en vivo.<\/p>\n<p style=\"text-align: justify;\">Sin esas urgencias, esos encuentros, que s\u00f3lo ten\u00edan el placentero objetivo de juntarse a tocar y a cultivar la amistad, se trasladaron luego, para mayor comodidad del tr\u00edo, al estudio <strong>La Diosa Salvaje,<\/strong>\u00a0al enclave en plena Villa Urquiza que construy\u00f3 el Flaco para vivir, grabar y ensayar.<\/p>\n<p style=\"text-align: justify;\">Mientras <strong>Spinetta segu\u00eda con las presentaciones junto a su banda,<\/strong> Ferr\u00f3n segu\u00eda ocupando con solvencia el\u00a0rol de bajista en el grupo que acompa\u00f1a a Jairo y Garc\u00eda no descuidaba sus proyectos, este tr\u00edo decidi\u00f3 comenzar a formalizar su relaci\u00f3n y decidieron<strong> \u201cdemear\u201d<\/strong> el material que desde hace meses ven\u00edan trabajando en sus encuentros de entresemana, que inclu\u00edan tambi\u00e9n una deliciosa cena y una larga sobremesa para escuchar m\u00fasica, mirar videos y conversar hasta altas horas de la noche.<\/p>\n<p style=\"text-align: justify;\">El material estaba a su punto en diciembre de 2010, pero la banda opt\u00f3 por esperar hasta marzo del a\u00f1o siguiente a que <strong>Mariano L\u00f3pez,<\/strong> el ingeniero preferido de Spinetta, se haga un hueco en sus compromisos para registrar para la posteridad, aunque no ten\u00edan ese plan, los temas que nacieron en zappadas e improvisaciones y que terminaron en composiciones formales.<\/p>\n<p style=\"text-align: justify;\">En primera toma los tres integrantes de <em><strong>\u201cLos Amigo\u201d<\/strong><\/em> (si, sin S) grabaron buena parte de lo que ten\u00edan ensayado al dedillo el 4 de marzo de 2011 y en la jornada siguiente el Flaco sum\u00f3 su voz para terminar la labor. As\u00ed de simple.<\/p>\n<p style=\"text-align: justify;\"><strong>Esas canciones con aires jazzeros y porte\u00f1os,<\/strong> de las que ya se sab\u00eda su existencia pero que s\u00f3lo unos pocos hab\u00eda podido escuchar, est\u00e1n en las bateas editadas en CD, en una publicaci\u00f3n a la altura de las circunstancias.<\/p>\n<p style=\"text-align: justify;\">Esta m\u00fasica, que se constituye en le primer disco p\u00f3stumo de Spinetta, respira a la libertad y la frescura con la que se cre\u00f3 y que tambi\u00e9n fuera para el Flaco como <strong><a href=\"http:\/\/cronicasyversiones.com\/?p=5482\" target=\"_blank\">un viaje en el tiempo a los ensayos de Almendra<\/a><\/strong> en la casa familiar ubicada en la calle Arribe\u00f1os, en el Bajo Belgrano.<\/p>\n<p style=\"text-align: justify;\">Vaya paradoja, y seg\u00fan dan cuenta Ferr\u00f3n y Garc\u00eda, <strong>el propio Spinetta era el m\u00e1s entusiasmado con el proyecto<\/strong> y era el primero en llegar a la casa del baterista para las citas de los mi\u00e9rcoles. Como si fuera un principiante y con una humildad desbordante, llamaba a la puerta de la familia Garc\u00eda con una guitarra en una mano y un amplificador en la otra y sin ning\u00fan s\u00e9quito detr\u00e1s, como suelen tener las estrellas de rock. Cuando Spinetta se transform\u00f3 en anfitri\u00f3n del grupo, esperaba a sus dos compa\u00f1eros de banda con sus brazos abiertos y con un \u201c<em><strong>estoy m\u00e1s contento\u00a0que perro con dos colas\u201d,<\/strong><\/em> como frase de bienvenida.<\/p>\n<p style=\"text-align: justify;\">A pesar de tener cuarenta discos (uno mejor que el otro), haber resumido su carrera en el show de <em><strong>\u201cLas Bandas Eternas\u201d<\/strong><\/em> y de que su figura est\u00e9 ba\u00f1ada por siempre en el bronce, Luis Alberto quiso mantener casi en secreto a este nuevo grupo y casi lo logr\u00f3.<\/p>\n<p style=\"text-align: justify;\"><em><strong><img loading=\"lazy\" decoding=\"async\" class=\"alignleft\" src=\"http:\/\/www.losandes.com.ar\/files\/image\/15\/10\/image5627afa5205d05.26425956.jpg\" alt=\"\" width=\"419\" height=\"235\" \/>\u201cLos Amigo\u201d<\/strong> <\/em>demuestra, una vez m\u00e1s, que el formato de tr\u00edo le calza perfectamente a Spinetta , como ya lo hizo en el primer <strong><a href=\"http:\/\/cronicasyversiones.com\/?p=116\" target=\"_blank\">Pescado Rabioso<\/a>,<\/strong> en gran parte de <strong>Invisible<\/strong> y con <strong>Los Socios del Desierto.<\/strong> A pesar de que \u00e9l mismo nunca hizo alarde de dotes de violero, renueva sus credenciales en el este disco demostrando sus enormes condiciones t\u00e9cnicas como guitarrista r\u00edtmico (quiz\u00e1 uno de los mejores del rock argentino en esta labor) y tambi\u00e9n su solvencia en los solos.<\/p>\n<p style=\"text-align: justify;\"><strong>Rodolfo Garc\u00eda<\/strong>, como m\u00e1s de medio siglo sentado ante la bater\u00eda y habiendo tocado desde en Almendra y Aquelarre y hasta en la banda de V\u00edctor Heredia, brilla con su swing en los momentos m\u00e1s jazzeros del disco y le pega m\u00e1s fuerte al parche cuando corresponde.<\/p>\n<p style=\"text-align: justify;\">El baterista es amigo de Spinetta desde el lejano 1963 y se convirti\u00f3 en una suerte de hermano mayor para ese peque\u00f1o Luis de entonces y hasta lo sum\u00f3 a su grupo de entonces: <strong>Los Larkins.<\/strong> El Flaco dijo en m\u00e1s de una oportunidad que \u00e9l no hubiera sido quien el mismo si no se hubiera topado con Rodolfo.<\/p>\n<p style=\"text-align: justify;\">El bajista original del tr\u00edo era <strong>Emilio del Guercio<\/strong> y con \u00e9l se reun\u00eda al 75% de Almendra, pero su agenda de actividades le jug\u00f3 en contra y<strong> Ferr\u00f3n<\/strong> tom\u00f3 su lugar. El bajista de <strong>Jairo,<\/strong> un reci\u00e9n llegado al universo spinetteano, se luce tambi\u00e9n con su instrumento en todos los temas del disco.<\/p>\n<p style=\"text-align: justify;\">Tambi\u00e9n aporta lo suyo el <strong>Mono Fontana<\/strong> y <strong>Claudio Cardone,<\/strong> dos de los tecladistas estrella de Spinetta, que le agregaron sus magistrales toques a lo que el tr\u00edo hab\u00eda dejado grabado.<\/p>\n<p style=\"text-align: justify;\"><img loading=\"lazy\" decoding=\"async\" class=\"alignleft\" src=\"https:\/\/encrypted-tbn2.gstatic.com\/images?q=tbn:ANd9GcSTFYGNcbKYO_Tsy1nS2zPLW2EvFiWoDB0bWCrSH6tBUMKW7B_Z\" alt=\"\" width=\"231\" height=\"218\" \/>Al frente de esta edici\u00f3n est\u00e1 todo el Clan Spnietta y todos los hijos de Luis (<strong>Dante, Catarina, Valentino y Vera<\/strong>) se repartieron distintos roles. Tambi\u00e9n Mariano L\u00f3pez volvi\u00f3 a estar en los controles y el dise\u00f1o de tapa parti\u00f3 de un dibujo de la propio Luis Alberto.<\/p>\n<p style=\"text-align: justify;\"><em><strong>\u201cLos Amigo\u201d<\/strong><\/em> es el primer disco que emerge del <strong>archivo spinetteano<\/strong> y pudo haber sido editado en su momento, pero la salud y la voz del m\u00fasico empezaron a resquebrajarse lentamente. Es muy posible que no sea el \u00faltimo material p\u00f3stumo de Spinetta que alga a la luz porque debe haber grabaciones (m\u00e1s o menos terminadas) en los cajones de <strong>La Diosa Salvaje<\/strong> y en otros estudios en los que grab\u00f3 sus discos y tambi\u00e9n registros en vivo y algunas perlas por descubrir a\u00fan.<\/p>\n<p style=\"text-align: justify;\"><strong>Tema por tema<\/strong><\/p>\n<p style=\"text-align: justify;\"><strong>Apenas floto<\/strong>: el disco abre con este tema en clave de jazz, que sabe ligeramente a la etapa de <strong>Jade<\/strong> y al disco <a href=\"http:\/\/cronicasyversiones.com\/?p=7521\" target=\"_blank\">\u201cA \u201918 del sol\u201d<\/a>. Nacida originalmente como una composici\u00f3n meramente instrumental, el Flaco le puso letra y hasta sus compa\u00f1eros de banda no sab\u00edan esto, sorprendi\u00e9ndose con al escuchar la voz de Luis. \u201cY si despierto s\u00f3lo en alta mar, y penas floto\u201d, canta Spinetta con voz a\u00fan intacta.<\/p>\n<p style=\"text-align: justify;\"><strong>Iris:<\/strong> <strong>\u201cSomos la peor banda de la cuadra, pero tenemos un hit\u201d,<\/strong> les dec\u00eda con su humor caracter\u00edstico Spinetta a sus compa\u00f1eros de banda por esta bella canci\u00f3n <strong>dedicada a Ana, la hermana de Luis Alberto,<\/strong> que tiene todos los codimentos para ser un cl\u00e1sico. El tema est\u00e1 decorado con los arreglos de cuerdas del rosarino <strong>Claudio Cardone<\/strong> ejecutados por las <a href=\"http:\/\/cronicasyversiones.com\/?p=8034\" target=\"_blank\">Kashmir Orquesta<\/a>.<\/p>\n<p style=\"text-align: justify;\"><strong>El Cabecitero:<\/strong> <strong>compuesta por los tres integrantes del tr\u00edo y adem\u00e1s con un lucimiento compartido<\/strong>, este tema tambi\u00e9n bucea en los mares del jazz rock. La lucidez musical de Spinetta hace que un tema suyo pueda ser genial, hasta prescindiendo de su voz y de su poes\u00eda.<\/p>\n<p style=\"text-align: justify;\"><strong>Bagualerita:<\/strong>\u00a0compuesto para <strong>Leda Valladares<\/strong>, este tema fue <a href=\"http:\/\/cronicasyversiones.com\/?p=4147\" target=\"_blank\">grabado por Liliana Herrero en el \u00e1lbum triple \u201cRa\u00edz Spinetta\u201d,<\/a> un tributo folkl\u00f3rico a la obra del m\u00fasico, y esta versi\u00f3n suena rockera que la de la cantante entrerriana. A la grabaci\u00f3n original, se le suman los teclados y efectos tocados por las manos maestras del <strong>Mono Fontana,<\/strong> o el \u201cTeacher\u201d, como justicieramente lo llamaba Spinetta.<\/p>\n<p style=\"text-align: justify;\"><strong>El Gaitero:<\/strong> tambi\u00e9n de <strong>composici\u00f3n conjunta de todos Los Amigo<\/strong> y de car\u00e1cter instrumental. Con el sustento del swing de la base de Garc\u00eda y Ferr\u00f3n, la guitarra de Spinetta fluye en una hermosa melod\u00eda y en ajustad\u00edsimos solos.<\/p>\n<p style=\"text-align: justify;\"><strong>Canci\u00f3n del lugar<\/strong>: el porte de Claudio Cardone en teclados, efectos y arreglos embellece esta composici\u00f3n de Spinetta, que es <strong>la m\u00e1s rockera del disco.<\/strong> \u201cOye, p\u00eddele al viento que cante la canci\u00f3n del lugar, con la esperanza de tu amor as\u00ed\u201d, cierra el tam con estos versos.<\/p>\n<p style=\"text-align: justify;\"><strong>Iris (versi\u00f3n ac\u00fastica)<\/strong>: sin la bater\u00eda de Garc\u00eda y el bajo de Ferr\u00f3n, la guitarra y la voz de Spinetta esta acompa\u00f1ada por las cuerdas de la <strong>Kashmir Orquesta, que interpreta los arreglos de Cardone.<\/strong><\/p>\n<p style=\"text-align: justify;\"><strong>R\u00edo como loco:<\/strong> este tema, una suerte de track fantasma, es un potente instrumental con el aporte de <strong>Valentino Spinetta<\/strong>, uno de los hijos de Luis, en teclados, al que Luis no lleg\u00f3 a ponerle la voz, a pesar de que la letra ya estaba escrita.<\/p>\n<p><iframe loading=\"lazy\" src=\"https:\/\/www.youtube.com\/embed\/vGWdlmFeew4\" width=\"801\" height=\"801\" frameborder=\"0\" allowfullscreen=\"allowfullscreen\"><\/iframe><\/p>\n<div style=\"padding-bottom:20px; padding-top:10px;\" class=\"hupso-share-buttons\"><!-- Hupso Share Buttons - https:\/\/www.hupso.com\/share\/ --><a class=\"hupso_counters\" href=\"https:\/\/www.hupso.com\/share\/\"><img decoding=\"async\" src=\"http:\/\/static.hupso.com\/share\/buttons\/lang\/es\/share-small.png\" style=\"border:0px; padding-top:2px; float:left;\" alt=\"Share Button\"\/><\/a><script type=\"text\/javascript\">var hupso_services_c=new Array(\"twitter\",\"facebook_like\",\"google\");var hupso_counters_lang = \"es_LA\";var hupso_image_folder_url = \"\";var hupso_twitter_via=\"crsyvrs\";var hupso_url_c=\"\";<\/script><script type=\"text\/javascript\" src=\"http:\/\/static.hupso.com\/share\/js\/counters.js\"><\/script><!-- Hupso Share Buttons --><\/div> ","protected":false},"excerpt":{"rendered":"<div style=\"padding-bottom:20px; padding-top:10px;\" class=\"hupso-share-buttons\"><!-- Hupso Share Buttons - https:\/\/www.hupso.com\/share\/ --><a class=\"hupso_counters\" href=\"https:\/\/www.hupso.com\/share\/\"><img src=\"http:\/\/static.hupso.com\/share\/buttons\/lang\/es\/share-small.png\" style=\"border:0px; padding-top:2px; float:left;\" alt=\"Share Button\"\/><\/a><script type=\"text\/javascript\">var hupso_services_c=new Array(\"twitter\",\"facebook_like\",\"google\");var hupso_counters_lang = \"es_LA\";var hupso_image_folder_url = \"\";var hupso_twitter_via=\"crsyvrs\";var hupso_url_c=\"\";<\/script><script type=\"text\/javascript\" src=\"http:\/\/static.hupso.com\/share\/js\/counters.js\"><\/script><!-- Hupso Share Buttons --><\/div><p>Por Edgardo Solano El proyecto silencioso que el Flaco desarroll\u00f3 con Rodolfo Garc\u00eda y Daniel Ferr\u00f3n se edit\u00f3 formalmente y saca a la luz a un pu\u00f1ado de bellas canciones en las que el tr\u00edo se luci\u00f3 con aires&#46;&#46;&#46;<\/p>\n<div style=\"padding-bottom:20px; padding-top:10px;\" class=\"hupso-share-buttons\"><!-- Hupso Share Buttons - https:\/\/www.hupso.com\/share\/ --><a class=\"hupso_counters\" href=\"https:\/\/www.hupso.com\/share\/\"><img src=\"http:\/\/static.hupso.com\/share\/buttons\/lang\/es\/share-small.png\" style=\"border:0px; padding-top:2px; float:left;\" alt=\"Share Button\"\/><\/a><script type=\"text\/javascript\">var hupso_services_c=new Array(\"twitter\",\"facebook_like\",\"google\");var hupso_counters_lang = \"es_LA\";var hupso_image_folder_url = \"\";var hupso_twitter_via=\"crsyvrs\";var hupso_url_c=\"\";<\/script><script type=\"text\/javascript\" src=\"http:\/\/static.hupso.com\/share\/js\/counters.js\"><\/script><!-- Hupso Share Buttons --><\/div>","protected":false},"author":5,"featured_media":0,"comment_status":"closed","ping_status":"closed","sticky":false,"template":"","format":"standard","meta":{"footnotes":""},"categories":[3,3944],"tags":[47],"class_list":["post-8324","post","type-post","status-publish","format-standard","hentry","category-musica","category-spinettario","tag-luis-alberto-spinetta"],"_links":{"self":[{"href":"http:\/\/cronicasyversiones.com\/index.php?rest_route=\/wp\/v2\/posts\/8324","targetHints":{"allow":["GET"]}}],"collection":[{"href":"http:\/\/cronicasyversiones.com\/index.php?rest_route=\/wp\/v2\/posts"}],"about":[{"href":"http:\/\/cronicasyversiones.com\/index.php?rest_route=\/wp\/v2\/types\/post"}],"author":[{"embeddable":true,"href":"http:\/\/cronicasyversiones.com\/index.php?rest_route=\/wp\/v2\/users\/5"}],"replies":[{"embeddable":true,"href":"http:\/\/cronicasyversiones.com\/index.php?rest_route=%2Fwp%2Fv2%2Fcomments&post=8324"}],"version-history":[{"count":0,"href":"http:\/\/cronicasyversiones.com\/index.php?rest_route=\/wp\/v2\/posts\/8324\/revisions"}],"wp:attachment":[{"href":"http:\/\/cronicasyversiones.com\/index.php?rest_route=%2Fwp%2Fv2%2Fmedia&parent=8324"}],"wp:term":[{"taxonomy":"category","embeddable":true,"href":"http:\/\/cronicasyversiones.com\/index.php?rest_route=%2Fwp%2Fv2%2Fcategories&post=8324"},{"taxonomy":"post_tag","embeddable":true,"href":"http:\/\/cronicasyversiones.com\/index.php?rest_route=%2Fwp%2Fv2%2Ftags&post=8324"}],"curies":[{"name":"wp","href":"https:\/\/api.w.org\/{rel}","templated":true}]}}