{"id":8341,"date":"2015-12-01T14:02:44","date_gmt":"2015-12-01T17:02:44","guid":{"rendered":"http:\/\/cronicasyversiones.com\/?p=8341"},"modified":"2015-12-01T14:02:44","modified_gmt":"2015-12-01T17:02:44","slug":"el-mago-del-off-se-despide-de-el-galpon-de-catalinas","status":"publish","type":"post","link":"http:\/\/cronicasyversiones.com\/?p=8341","title":{"rendered":"\u201cEl Mago del off\u201d se despide de El Galp\u00f3n de Catalinas"},"content":{"rendered":"<div style=\"padding-bottom:20px; padding-top:10px;\" class=\"hupso-share-buttons\"><!-- Hupso Share Buttons - https:\/\/www.hupso.com\/share\/ --><a class=\"hupso_counters\" href=\"https:\/\/www.hupso.com\/share\/\"><img decoding=\"async\" src=\"http:\/\/static.hupso.com\/share\/buttons\/lang\/es\/share-small.png\" style=\"border:0px; padding-top:2px; float:left;\" alt=\"Share Button\"\/><\/a><script type=\"text\/javascript\">var hupso_services_c=new Array(\"twitter\",\"facebook_like\",\"google\");var hupso_counters_lang = \"es_LA\";var hupso_image_folder_url = \"\";var hupso_twitter_via=\"crsyvrs\";var hupso_url_c=\"\";<\/script><script type=\"text\/javascript\" src=\"http:\/\/static.hupso.com\/share\/js\/counters.js\"><\/script><!-- Hupso Share Buttons --><\/div><h2 style=\"text-align: justify;\">La puesta, una adaptaci\u00f3n libre de del cl\u00e1sico \u201cEl Mago de Oz\u201d, fusiona teatro, circo y canto y es interpretada por m\u00e1s de 50 ni\u00f1os, entre 6 y 12 a\u00f1os.<\/h2>\n<p><img loading=\"lazy\" decoding=\"async\" class=\"aligncenter\" src=\"http:\/\/img.alternativateatral.com\/scripts\/es\/fotos\/obras\/resumen\/000111502.jpg\" alt=\"\" width=\"657\" height=\"442\" \/><\/p>\n<p style=\"text-align: justify;\">El espect\u00e1culo <em><strong>\u201cEl Mago del off\u201d,<\/strong> <\/em>una adaptaci\u00f3n del cl\u00e1sico <em><strong>\u201cEl Mago de Oz\u201d<\/strong><\/em>, saldr\u00e1 a escena para brindar su \u00faltima funci\u00f3n este domingo, a las 16, en <strong>El Galp\u00f3n de Catalinas,<\/strong> ubicado en Benito P\u00e9rez Gald\u00f3s 93, con entrada libre y gratuita.<\/p>\n<p style=\"text-align: justify;\">Adaptada y dirigida por <strong>Nora Mouri\u00f1o \u00a0y <\/strong>con la direcci\u00f3n musical de<strong> Mauro Mascare\u00f1o<\/strong>, la propuesta fusiona teatro, circo y canto y es interpretada por m\u00e1s de 50 ni\u00f1os, entre 6 y 12 a\u00f1os, del grupo de Teatro Catalinas Sur.<\/p>\n<p style=\"text-align: justify;\">La obra, que pone foco en el trabajo grupal y en el proceso de juego, cuenta <strong>la historia de una ni\u00f1a, su perro y muchos amigos<\/strong> que recorren un camino para encontrar al Mago y en ese recorrido vivir\u00e1n distintas aventuras y descubrir\u00e1n qu\u00e9 es lo verdaderamente importante.<\/p>\n<p style=\"text-align: justify;\">El Grupo de Teatro Catalinas Sur desde hace 31 a\u00f1os viene realizando<strong> Teatro Comunitario<\/strong> y les ofrece a los vecinos la posibilidad de acceder al arte desde una visi\u00f3n comunitaria y un trabajo colectivo y con una propuesta de integraci\u00f3n a un proyecto comprometido con la transformaci\u00f3n social.<\/p>\n<div style=\"padding-bottom:20px; padding-top:10px;\" class=\"hupso-share-buttons\"><!-- Hupso Share Buttons - https:\/\/www.hupso.com\/share\/ --><a class=\"hupso_counters\" href=\"https:\/\/www.hupso.com\/share\/\"><img decoding=\"async\" src=\"http:\/\/static.hupso.com\/share\/buttons\/lang\/es\/share-small.png\" style=\"border:0px; padding-top:2px; float:left;\" alt=\"Share Button\"\/><\/a><script type=\"text\/javascript\">var hupso_services_c=new Array(\"twitter\",\"facebook_like\",\"google\");var hupso_counters_lang = \"es_LA\";var hupso_image_folder_url = \"\";var hupso_twitter_via=\"crsyvrs\";var hupso_url_c=\"\";<\/script><script type=\"text\/javascript\" src=\"http:\/\/static.hupso.com\/share\/js\/counters.js\"><\/script><!-- Hupso Share Buttons --><\/div> ","protected":false},"excerpt":{"rendered":"<div style=\"padding-bottom:20px; padding-top:10px;\" class=\"hupso-share-buttons\"><!-- Hupso Share Buttons - https:\/\/www.hupso.com\/share\/ --><a class=\"hupso_counters\" href=\"https:\/\/www.hupso.com\/share\/\"><img src=\"http:\/\/static.hupso.com\/share\/buttons\/lang\/es\/share-small.png\" style=\"border:0px; padding-top:2px; float:left;\" alt=\"Share Button\"\/><\/a><script type=\"text\/javascript\">var hupso_services_c=new Array(\"twitter\",\"facebook_like\",\"google\");var hupso_counters_lang = \"es_LA\";var hupso_image_folder_url = \"\";var hupso_twitter_via=\"crsyvrs\";var hupso_url_c=\"\";<\/script><script type=\"text\/javascript\" src=\"http:\/\/static.hupso.com\/share\/js\/counters.js\"><\/script><!-- Hupso Share Buttons --><\/div><p>La puesta, una adaptaci\u00f3n libre de del cl\u00e1sico \u201cEl Mago de Oz\u201d, fusiona teatro, circo y canto y es interpretada por m\u00e1s de 50 ni\u00f1os, entre 6 y 12 a\u00f1os. El espect\u00e1culo \u201cEl Mago del off\u201d, una adaptaci\u00f3n del&#46;&#46;&#46;<\/p>\n<div style=\"padding-bottom:20px; padding-top:10px;\" class=\"hupso-share-buttons\"><!-- Hupso Share Buttons - https:\/\/www.hupso.com\/share\/ --><a class=\"hupso_counters\" href=\"https:\/\/www.hupso.com\/share\/\"><img src=\"http:\/\/static.hupso.com\/share\/buttons\/lang\/es\/share-small.png\" style=\"border:0px; padding-top:2px; float:left;\" alt=\"Share Button\"\/><\/a><script type=\"text\/javascript\">var hupso_services_c=new Array(\"twitter\",\"facebook_like\",\"google\");var hupso_counters_lang = \"es_LA\";var hupso_image_folder_url = \"\";var hupso_twitter_via=\"crsyvrs\";var hupso_url_c=\"\";<\/script><script type=\"text\/javascript\" src=\"http:\/\/static.hupso.com\/share\/js\/counters.js\"><\/script><!-- Hupso Share Buttons --><\/div>","protected":false},"author":5,"featured_media":0,"comment_status":"closed","ping_status":"closed","sticky":false,"template":"","format":"standard","meta":{"footnotes":""},"categories":[5],"tags":[5842,645,3215,5844,5843,5845],"class_list":["post-8341","post","type-post","status-publish","format-standard","hentry","category-teatro","tag-el-galpon-de-catalinas","tag-el-mago-de-oz","tag-el-mago-del-off","tag-mauro-mascareno","tag-nora-mourino","tag-teatro-catalinas-sur"],"_links":{"self":[{"href":"http:\/\/cronicasyversiones.com\/index.php?rest_route=\/wp\/v2\/posts\/8341","targetHints":{"allow":["GET"]}}],"collection":[{"href":"http:\/\/cronicasyversiones.com\/index.php?rest_route=\/wp\/v2\/posts"}],"about":[{"href":"http:\/\/cronicasyversiones.com\/index.php?rest_route=\/wp\/v2\/types\/post"}],"author":[{"embeddable":true,"href":"http:\/\/cronicasyversiones.com\/index.php?rest_route=\/wp\/v2\/users\/5"}],"replies":[{"embeddable":true,"href":"http:\/\/cronicasyversiones.com\/index.php?rest_route=%2Fwp%2Fv2%2Fcomments&post=8341"}],"version-history":[{"count":0,"href":"http:\/\/cronicasyversiones.com\/index.php?rest_route=\/wp\/v2\/posts\/8341\/revisions"}],"wp:attachment":[{"href":"http:\/\/cronicasyversiones.com\/index.php?rest_route=%2Fwp%2Fv2%2Fmedia&parent=8341"}],"wp:term":[{"taxonomy":"category","embeddable":true,"href":"http:\/\/cronicasyversiones.com\/index.php?rest_route=%2Fwp%2Fv2%2Fcategories&post=8341"},{"taxonomy":"post_tag","embeddable":true,"href":"http:\/\/cronicasyversiones.com\/index.php?rest_route=%2Fwp%2Fv2%2Ftags&post=8341"}],"curies":[{"name":"wp","href":"https:\/\/api.w.org\/{rel}","templated":true}]}}