{"id":8503,"date":"2015-12-15T14:22:24","date_gmt":"2015-12-15T17:22:24","guid":{"rendered":"http:\/\/cronicasyversiones.com\/?p=8503"},"modified":"2015-12-15T14:22:24","modified_gmt":"2015-12-15T17:22:24","slug":"the-leftovers-tendra-una-tercera-temporada","status":"publish","type":"post","link":"http:\/\/cronicasyversiones.com\/?p=8503","title":{"rendered":"\u201cThe Leftovers\u201d tendr\u00e1 una tercera temporada"},"content":{"rendered":"<div style=\"padding-bottom:20px; padding-top:10px;\" class=\"hupso-share-buttons\"><!-- Hupso Share Buttons - https:\/\/www.hupso.com\/share\/ --><a class=\"hupso_counters\" href=\"https:\/\/www.hupso.com\/share\/\"><img decoding=\"async\" src=\"http:\/\/static.hupso.com\/share\/buttons\/lang\/es\/share-small.png\" style=\"border:0px; padding-top:2px; float:left;\" alt=\"Share Button\"\/><\/a><script type=\"text\/javascript\">var hupso_services_c=new Array(\"twitter\",\"facebook_like\",\"google\");var hupso_counters_lang = \"es_LA\";var hupso_image_folder_url = \"\";var hupso_twitter_via=\"crsyvrs\";var hupso_url_c=\"\";<\/script><script type=\"text\/javascript\" src=\"http:\/\/static.hupso.com\/share\/js\/counters.js\"><\/script><!-- Hupso Share Buttons --><\/div><h2 style=\"text-align: justify;\">Desde HBO Latin America confirmaron que esta serie dram\u00e1tica, que narra la historia de los Garvey y los Murphy, volver\u00e1 a la pantalla en 2016 con sus \u00faltimos episodios.<\/h2>\n<p style=\"text-align: justify;\"><img loading=\"lazy\" decoding=\"async\" class=\"aligncenter\" src=\"https:\/\/pmcvariety.files.wordpress.com\/2015\/08\/the-leftovers-season-2.jpg?w=670&amp;h=377&amp;crop=1\" alt=\"\" width=\"746\" height=\"420\" \/><br \/>\n<strong>HBO Latin America<\/strong> anunci\u00f3 que renov\u00f3 la serie dram\u00e1tica <em><strong>\u201cThe Leftovers\u201d,<\/strong><\/em> para que regrese a la pantalla con su tercera y \u00faltima temporada y cuyo estreno est\u00e1 previsto para mediados del 2016.<\/p>\n<p style=\"text-align: justify;\">Este env\u00edo, creado por <strong>Damon Lindelof<\/strong> (ganador al Emmy por Lost) y <strong>Tom Perrotta<\/strong> (nominado al Oscar por \u00abLittle Children\u00bb), reci\u00e9n concluy\u00f3 su segunda temporada el pasado 6 de diciembre.<\/p>\n<p style=\"text-align: justify;\">Esta segunda temporada expandi\u00f3 el concepto original del Rapto, que fue explorado en la novela de <strong>Tom Perrotta<\/strong> del mismo nombre, centr\u00e1ndose en las formas en que las personas reaccionan a los eventos inexplicables.<\/p>\n<p style=\"text-align: justify;\">En los distintos episodios narraron la historia de dos familias,<strong> los Garvey y los Murphy<\/strong>, cuyas vidas se cruzaron de manera sorprendente, siguiendo los Garvey desde Nueva York hasta Texas, donde un peque\u00f1o pueblo, nombrado <em><strong>\u201cMilagro\u201d<\/strong><\/em>, y sus residentes fueron liberados de <em><strong>\u201cLa Partida\u201d.<\/strong><\/em><\/p>\n<p style=\"text-align: justify;\"><em><strong>\u00abThe Leftovers\u00bb<\/strong> <\/em>cuenta con un elenco integrado por Justin Theroux, Amy Brenneman, Christopher Eccleston, Liv Tyler, Chris Zylka, Margaret Qualley, Carrie Coon, Regina King, Kevin Carroll, Jovan Adepo y Janel Moloney.<\/p>\n<div style=\"padding-bottom:20px; padding-top:10px;\" class=\"hupso-share-buttons\"><!-- Hupso Share Buttons - https:\/\/www.hupso.com\/share\/ --><a class=\"hupso_counters\" href=\"https:\/\/www.hupso.com\/share\/\"><img decoding=\"async\" src=\"http:\/\/static.hupso.com\/share\/buttons\/lang\/es\/share-small.png\" style=\"border:0px; padding-top:2px; float:left;\" alt=\"Share Button\"\/><\/a><script type=\"text\/javascript\">var hupso_services_c=new Array(\"twitter\",\"facebook_like\",\"google\");var hupso_counters_lang = \"es_LA\";var hupso_image_folder_url = \"\";var hupso_twitter_via=\"crsyvrs\";var hupso_url_c=\"\";<\/script><script type=\"text\/javascript\" src=\"http:\/\/static.hupso.com\/share\/js\/counters.js\"><\/script><!-- Hupso Share Buttons --><\/div> ","protected":false},"excerpt":{"rendered":"<div style=\"padding-bottom:20px; padding-top:10px;\" class=\"hupso-share-buttons\"><!-- Hupso Share Buttons - https:\/\/www.hupso.com\/share\/ --><a class=\"hupso_counters\" href=\"https:\/\/www.hupso.com\/share\/\"><img src=\"http:\/\/static.hupso.com\/share\/buttons\/lang\/es\/share-small.png\" style=\"border:0px; padding-top:2px; float:left;\" alt=\"Share Button\"\/><\/a><script type=\"text\/javascript\">var hupso_services_c=new Array(\"twitter\",\"facebook_like\",\"google\");var hupso_counters_lang = \"es_LA\";var hupso_image_folder_url = \"\";var hupso_twitter_via=\"crsyvrs\";var hupso_url_c=\"\";<\/script><script type=\"text\/javascript\" src=\"http:\/\/static.hupso.com\/share\/js\/counters.js\"><\/script><!-- Hupso Share Buttons --><\/div><p>Desde HBO Latin America confirmaron que esta serie dram\u00e1tica, que narra la historia de los Garvey y los Murphy, volver\u00e1 a la pantalla en 2016 con sus \u00faltimos episodios. HBO Latin America anunci\u00f3 que renov\u00f3 la serie dram\u00e1tica \u201cThe&#46;&#46;&#46;<\/p>\n<div style=\"padding-bottom:20px; padding-top:10px;\" class=\"hupso-share-buttons\"><!-- Hupso Share Buttons - https:\/\/www.hupso.com\/share\/ --><a class=\"hupso_counters\" href=\"https:\/\/www.hupso.com\/share\/\"><img src=\"http:\/\/static.hupso.com\/share\/buttons\/lang\/es\/share-small.png\" style=\"border:0px; padding-top:2px; float:left;\" alt=\"Share Button\"\/><\/a><script type=\"text\/javascript\">var hupso_services_c=new Array(\"twitter\",\"facebook_like\",\"google\");var hupso_counters_lang = \"es_LA\";var hupso_image_folder_url = \"\";var hupso_twitter_via=\"crsyvrs\";var hupso_url_c=\"\";<\/script><script type=\"text\/javascript\" src=\"http:\/\/static.hupso.com\/share\/js\/counters.js\"><\/script><!-- Hupso Share Buttons --><\/div>","protected":false},"author":5,"featured_media":0,"comment_status":"closed","ping_status":"closed","sticky":false,"template":"","format":"standard","meta":{"footnotes":""},"categories":[6],"tags":[1003,5899,5900],"class_list":["post-8503","post","type-post","status-publish","format-standard","hentry","category-radio-y-tv","tag-hbo","tag-hbo-latin-america","tag-the-leftovers"],"_links":{"self":[{"href":"http:\/\/cronicasyversiones.com\/index.php?rest_route=\/wp\/v2\/posts\/8503","targetHints":{"allow":["GET"]}}],"collection":[{"href":"http:\/\/cronicasyversiones.com\/index.php?rest_route=\/wp\/v2\/posts"}],"about":[{"href":"http:\/\/cronicasyversiones.com\/index.php?rest_route=\/wp\/v2\/types\/post"}],"author":[{"embeddable":true,"href":"http:\/\/cronicasyversiones.com\/index.php?rest_route=\/wp\/v2\/users\/5"}],"replies":[{"embeddable":true,"href":"http:\/\/cronicasyversiones.com\/index.php?rest_route=%2Fwp%2Fv2%2Fcomments&post=8503"}],"version-history":[{"count":0,"href":"http:\/\/cronicasyversiones.com\/index.php?rest_route=\/wp\/v2\/posts\/8503\/revisions"}],"wp:attachment":[{"href":"http:\/\/cronicasyversiones.com\/index.php?rest_route=%2Fwp%2Fv2%2Fmedia&parent=8503"}],"wp:term":[{"taxonomy":"category","embeddable":true,"href":"http:\/\/cronicasyversiones.com\/index.php?rest_route=%2Fwp%2Fv2%2Fcategories&post=8503"},{"taxonomy":"post_tag","embeddable":true,"href":"http:\/\/cronicasyversiones.com\/index.php?rest_route=%2Fwp%2Fv2%2Ftags&post=8503"}],"curies":[{"name":"wp","href":"https:\/\/api.w.org\/{rel}","templated":true}]}}