{"id":8693,"date":"2016-01-04T11:48:53","date_gmt":"2016-01-04T14:48:53","guid":{"rendered":"http:\/\/cronicasyversiones.com\/?p=8693"},"modified":"2016-05-05T15:19:58","modified_gmt":"2016-05-05T18:19:58","slug":"a-un-ano-del-atentado-charlie-hebdo-lanza-un-numero-especial","status":"publish","type":"post","link":"http:\/\/cronicasyversiones.com\/?p=8693","title":{"rendered":"A un a\u00f1o del atentado, Charlie Hebdo lanza un n\u00famero especial"},"content":{"rendered":"<div style=\"padding-bottom:20px; padding-top:10px;\" class=\"hupso-share-buttons\"><!-- Hupso Share Buttons - https:\/\/www.hupso.com\/share\/ --><a class=\"hupso_counters\" href=\"https:\/\/www.hupso.com\/share\/\"><img decoding=\"async\" src=\"http:\/\/static.hupso.com\/share\/buttons\/lang\/es\/share-small.png\" style=\"border:0px; padding-top:2px; float:left;\" alt=\"Share Button\"\/><\/a><script type=\"text\/javascript\">var hupso_services_c=new Array(\"twitter\",\"facebook_like\",\"google\");var hupso_counters_lang = \"es_LA\";var hupso_image_folder_url = \"\";var hupso_twitter_via=\"crsyvrs\";var hupso_url_c=\"\";<\/script><script type=\"text\/javascript\" src=\"http:\/\/static.hupso.com\/share\/js\/counters.js\"><\/script><!-- Hupso Share Buttons --><\/div><h2 style=\"text-align: justify;\">Esta edici\u00f3n tendr\u00e1 m\u00e1s p\u00e1ginas y ejemplares de lo habitual y contar\u00e1 con ilustraciones de los dibujantes asesinados y tambi\u00e9n que actualmente siguen en el semanario franc\u00e9s.<\/h2>\n<p><img loading=\"lazy\" decoding=\"async\" class=\"aligncenter size-full wp-image-10012\" src=\"http:\/\/cronicasyversiones.com\/wp-content\/uploads\/2016\/01\/2ql69ma.jpg\" alt=\"2ql69ma\" width=\"630\" height=\"800\" srcset=\"http:\/\/cronicasyversiones.com\/wp-content\/uploads\/2016\/01\/2ql69ma.jpg 630w, http:\/\/cronicasyversiones.com\/wp-content\/uploads\/2016\/01\/2ql69ma-236x300.jpg 236w\" sizes=\"auto, (max-width: 630px) 100vw, 630px\" \/><\/p>\n<p style=\"text-align: justify;\">El semanario sat\u00edrico franc\u00e9s <strong>Charlie Hebdo<\/strong> remarca su postura frente al fanatismo religioso en un n\u00famero especial por el primer aniversario del atentado yihadista perpetrado contra su redacci\u00f3n, cometido el 7 de enero de 2015.<\/p>\n<p style=\"text-align: justify;\">El t\u00edtulo de la primera plana de la revista es <em><strong>\u00abUn a\u00f1o despu\u00e9s, el asesino sigue corriendo\u00bb,<\/strong><\/em> sobre la caricatura de un dios que va a la carrera con las manos manchadas de sangre y con un kalachnikov a la espalda.<\/p>\n<p style=\"text-align: justify;\">En su editorial, el director Laurent Sourisseau, conocido como <em><strong>\u00abRiss\u00bb<\/strong><\/em> y uno de los supervivientes del ataque terrorista, se\u00f1ala que en la historia de <strong>Charlie Hebdo<\/strong> desde su reaparici\u00f3n en 1992 \u00abla muerte siempre ha formado parte del peri\u00f3dico\u00bb, en primer lugar porque estaba amenazado de desaparici\u00f3n por razones econ\u00f3micas.<\/p>\n<p style=\"text-align: justify;\">Por su parte, denuncia que desde que publicaron las famosas caricaturas del profeta Mahoma en 2006, <strong>\u00abmuchos esperaban que nos mataran\u00bb<\/strong>, y en ese grupo incluye a \u00abfan\u00e1ticos embrutecidos por el Cor\u00e1n\u00bb, pero tambi\u00e9n de otras religiones que \u00abnos deseaban el infierno en el que creen por habernos atrevido a re\u00edrnos de la religi\u00f3n\u00bb.<\/p>\n<p style=\"text-align: justify;\">Riss justifica la continuidad de la publicaci\u00f3n despu\u00e9s del atentado precisamente porque \u00abtodo lo que hemos vivido desde hace 23 a\u00f1os nos da la rabia\u00bb para continuar.<\/p>\n<p style=\"text-align: justify;\">Este n\u00famero especial de esta semana tendr\u00e1\u00a0a la venta<strong> cerca de un mill\u00f3n de ejemplares con 32 p\u00e1ginas<\/strong>, en lugar de las 16 habituales, con ilustraciones de los dibujantes asesinados el 7 de enero pasado pero tambi\u00e9n de los actuales, as\u00ed como mensajes de apoyo de personalidades.<\/p>\n<p style=\"text-align: justify;\">Entre esas personalidades se encuentran las actrices Isabelle Adjani, Juliette Binoche o Charlotte Gainsbourg, intelectuales como Talisma Nasreen, o m\u00fasicos como <strong>Ibrahim Maalouf<\/strong>, adem\u00e1s de la ministra francesa de Cultura, Fleur Pellerin.<\/p>\n<p style=\"text-align: justify;\">El semanario sat\u00edrico ya recibi\u00f3 pedidos por anticipados desde el exterior, como por ejemplo Alemania, donde los distribuidores esperan recibir unos 50 mil ejemplares.<\/p>\n<p style=\"text-align: justify;\">Una semana despu\u00e9s del ataque protagonizado por dos yihadistas, que provoc\u00f3 12 muertos en la redacci\u00f3n de <strong>Charlie Hebdo,<\/strong> el semanario public\u00f3 un \u00abn\u00famero de los sobrevivientes\u00bb, con una caricatura de Mahoma bajo el t\u00edtulo <em><strong>\u00abTout est pardonn\u00e9\u00bb<\/strong><\/em> (todo est\u00e1 perdonado), que rompi\u00f3 todos los r\u00e9cords de venta en Francia al agotar 7,5 millones.<\/p>\n<div style=\"padding-bottom:20px; padding-top:10px;\" class=\"hupso-share-buttons\"><!-- Hupso Share Buttons - https:\/\/www.hupso.com\/share\/ --><a class=\"hupso_counters\" href=\"https:\/\/www.hupso.com\/share\/\"><img decoding=\"async\" src=\"http:\/\/static.hupso.com\/share\/buttons\/lang\/es\/share-small.png\" style=\"border:0px; padding-top:2px; float:left;\" alt=\"Share Button\"\/><\/a><script type=\"text\/javascript\">var hupso_services_c=new Array(\"twitter\",\"facebook_like\",\"google\");var hupso_counters_lang = \"es_LA\";var hupso_image_folder_url = \"\";var hupso_twitter_via=\"crsyvrs\";var hupso_url_c=\"\";<\/script><script type=\"text\/javascript\" src=\"http:\/\/static.hupso.com\/share\/js\/counters.js\"><\/script><!-- Hupso Share Buttons --><\/div> ","protected":false},"excerpt":{"rendered":"<div style=\"padding-bottom:20px; padding-top:10px;\" class=\"hupso-share-buttons\"><!-- Hupso Share Buttons - https:\/\/www.hupso.com\/share\/ --><a class=\"hupso_counters\" href=\"https:\/\/www.hupso.com\/share\/\"><img src=\"http:\/\/static.hupso.com\/share\/buttons\/lang\/es\/share-small.png\" style=\"border:0px; padding-top:2px; float:left;\" alt=\"Share Button\"\/><\/a><script type=\"text\/javascript\">var hupso_services_c=new Array(\"twitter\",\"facebook_like\",\"google\");var hupso_counters_lang = \"es_LA\";var hupso_image_folder_url = \"\";var hupso_twitter_via=\"crsyvrs\";var hupso_url_c=\"\";<\/script><script type=\"text\/javascript\" src=\"http:\/\/static.hupso.com\/share\/js\/counters.js\"><\/script><!-- Hupso Share Buttons --><\/div><p>Esta edici\u00f3n tendr\u00e1 m\u00e1s p\u00e1ginas y ejemplares de lo habitual y contar\u00e1 con ilustraciones de los dibujantes asesinados y tambi\u00e9n que actualmente siguen en el semanario franc\u00e9s. El semanario sat\u00edrico franc\u00e9s Charlie Hebdo remarca su postura frente al fanatismo&#46;&#46;&#46;<\/p>\n<div style=\"padding-bottom:20px; padding-top:10px;\" class=\"hupso-share-buttons\"><!-- Hupso Share Buttons - https:\/\/www.hupso.com\/share\/ --><a class=\"hupso_counters\" href=\"https:\/\/www.hupso.com\/share\/\"><img src=\"http:\/\/static.hupso.com\/share\/buttons\/lang\/es\/share-small.png\" style=\"border:0px; padding-top:2px; float:left;\" alt=\"Share Button\"\/><\/a><script type=\"text\/javascript\">var hupso_services_c=new Array(\"twitter\",\"facebook_like\",\"google\");var hupso_counters_lang = \"es_LA\";var hupso_image_folder_url = \"\";var hupso_twitter_via=\"crsyvrs\";var hupso_url_c=\"\";<\/script><script type=\"text\/javascript\" src=\"http:\/\/static.hupso.com\/share\/js\/counters.js\"><\/script><!-- Hupso Share Buttons --><\/div>","protected":false},"author":5,"featured_media":10012,"comment_status":"closed","ping_status":"closed","sticky":false,"template":"","format":"standard","meta":{"footnotes":""},"categories":[8],"tags":[3634],"class_list":["post-8693","post","type-post","status-publish","format-standard","has-post-thumbnail","hentry","category-artes-plasticas","tag-charlie-hebdo"],"_links":{"self":[{"href":"http:\/\/cronicasyversiones.com\/index.php?rest_route=\/wp\/v2\/posts\/8693","targetHints":{"allow":["GET"]}}],"collection":[{"href":"http:\/\/cronicasyversiones.com\/index.php?rest_route=\/wp\/v2\/posts"}],"about":[{"href":"http:\/\/cronicasyversiones.com\/index.php?rest_route=\/wp\/v2\/types\/post"}],"author":[{"embeddable":true,"href":"http:\/\/cronicasyversiones.com\/index.php?rest_route=\/wp\/v2\/users\/5"}],"replies":[{"embeddable":true,"href":"http:\/\/cronicasyversiones.com\/index.php?rest_route=%2Fwp%2Fv2%2Fcomments&post=8693"}],"version-history":[{"count":0,"href":"http:\/\/cronicasyversiones.com\/index.php?rest_route=\/wp\/v2\/posts\/8693\/revisions"}],"wp:featuredmedia":[{"embeddable":true,"href":"http:\/\/cronicasyversiones.com\/index.php?rest_route=\/wp\/v2\/media\/10012"}],"wp:attachment":[{"href":"http:\/\/cronicasyversiones.com\/index.php?rest_route=%2Fwp%2Fv2%2Fmedia&parent=8693"}],"wp:term":[{"taxonomy":"category","embeddable":true,"href":"http:\/\/cronicasyversiones.com\/index.php?rest_route=%2Fwp%2Fv2%2Fcategories&post=8693"},{"taxonomy":"post_tag","embeddable":true,"href":"http:\/\/cronicasyversiones.com\/index.php?rest_route=%2Fwp%2Fv2%2Ftags&post=8693"}],"curies":[{"name":"wp","href":"https:\/\/api.w.org\/{rel}","templated":true}]}}