{"id":8696,"date":"2016-01-09T08:03:25","date_gmt":"2016-01-09T11:03:25","guid":{"rendered":"http:\/\/cronicasyversiones.com\/?p=8696"},"modified":"2016-06-02T14:10:03","modified_gmt":"2016-06-02T17:10:03","slug":"antes-del-cosquin-rock-las-manos-de-filippi-salen-de-gira","status":"publish","type":"post","link":"http:\/\/cronicasyversiones.com\/?p=8696","title":{"rendered":"Antes del Cosqu\u00edn Rock, Las Manos de Filippi salen de gira"},"content":{"rendered":"<div style=\"padding-bottom:20px; padding-top:10px;\" class=\"hupso-share-buttons\"><!-- Hupso Share Buttons - https:\/\/www.hupso.com\/share\/ --><a class=\"hupso_counters\" href=\"https:\/\/www.hupso.com\/share\/\"><img decoding=\"async\" src=\"http:\/\/static.hupso.com\/share\/buttons\/lang\/es\/share-small.png\" style=\"border:0px; padding-top:2px; float:left;\" alt=\"Share Button\"\/><\/a><script type=\"text\/javascript\">var hupso_services_c=new Array(\"twitter\",\"facebook_like\",\"google\");var hupso_counters_lang = \"es_LA\";var hupso_image_folder_url = \"\";var hupso_twitter_via=\"crsyvrs\";var hupso_url_c=\"\";<\/script><script type=\"text\/javascript\" src=\"http:\/\/static.hupso.com\/share\/js\/counters.js\"><\/script><!-- Hupso Share Buttons --><\/div><h2 style=\"text-align: justify;\">La banda, previamente a tocar en el festival cordob\u00e9s y de salir a escena en el \u00abVive Latino\u00bb en M\u00e9xico, se presentar\u00e1 en en Entre R\u00edos, Mar del Plata y Necochea.<\/h2>\n<p><img loading=\"lazy\" decoding=\"async\" class=\"aligncenter\" src=\"https:\/\/i.ytimg.com\/vi\/NwEMAdu0nQM\/maxresdefault.jpg\" width=\"1920\" height=\"1080\" \/><\/p>\n<p>&nbsp;<\/p>\n<p style=\"text-align: justify;\"><strong>Las Manos de Filippi<\/strong> saldr\u00e1n de gira por distintas ciudades del pa\u00eds, con escalas en <strong>Entre R\u00edos, Mar del Plata y Necochea<\/strong>, antes de participar en febrero del <strong>Cosqu\u00edn Rock<\/strong> y de viajar en abril a M\u00e9xico para actuar en el festival <em><strong>\u201cVive Latino\u201d.<\/strong><\/em><\/p>\n<p style=\"text-align: justify;\"><a href=\"http:\/\/cronicasyversiones.com\/?p=5806\" target=\"_blank\">La banda liderada por <strong>Hern\u00e1n \u201cCabra\u201d De Vega<\/strong><\/a> y <strong>Germ\u00e1n \u201cPecho\u201d Anzo\u00e1tegui<\/strong> saldr\u00e1 a escena el s\u00e1bado 16 de enero en el Club Central Larroque, de Entre R\u00edos; el viernes 22 en OM Bar, de Necochea; y el s\u00e1bado 23 en Casa Rock.<\/p>\n<p style=\"text-align: justify;\">El cierre del mes ser\u00e1 el s\u00e1bado 30 en la tradicional <em><strong>\u201c#FiestaFilippi\u201d,<\/strong><\/em> el encuentro que mensualmente se lleva a cabo en la sala de la banda para los habit\u00faes concurrentes a sus recitales.<\/p>\n<p style=\"text-align: justify;\">Por otra parte, Las Manos de Filippi estar\u00e1 el 6 de febrero en el escenario principal del <strong>Cosqu\u00edn Rock<\/strong> y trabajar\u00e1 en el videoclip del tema <em><strong>\u201cMultivitam\u00ednico\u201d,<\/strong> <\/em>incluido en su disco <em><strong>\u201cMarginal y popular\u201d.<\/strong><\/em><\/p>\n<p style=\"text-align: justify;\">Las Manos llevan m\u00e1s de dos d\u00e9cadas sobre escenarios con una interesante fusi\u00f3n de estilos, que va pasa por el rock, el ska y la cumbia, entre otros g\u00e9neros.<\/p>\n<p style=\"text-align: justify;\">Al margen de lo musical, la banda se destaca por sus l\u00edricas, en las que arremeten contra el poder de turno y la industria de la m\u00fasica y tienen una \u00e1cida mirada sobre la sociedad. En esta linea, se convirtieron en cl\u00e1sicos de la banda <em><strong>\u201cSr. Cobranza\u201d, \u201cLos m\u00e9todos piqueteros\u201d <\/strong>y<strong> \u201cOrganizaci\u00f3n\u201d,<\/strong><\/em> entre otros.<\/p>\n<p style=\"text-align: justify;\">Como parte del <strong>Frente de Artistas,<\/strong> el cantante y l\u00edder de Las Manos de Filippi es uno de los integrantes del Frente de Artistas que fue candidato en las pr\u00f3ximas elecciones porte\u00f1as por el <strong>Frente de Izquierda y los Trabajadores<\/strong>, al igual que su compa\u00f1ero de banda Germ\u00e1n \u201cPecho\u201d Anzo\u00e1tegui, que integr\u00f3 la lista de legisladores.<\/p>\n<p style=\"text-align: justify;\"><strong>El rey de la autocr\u00edtica\u00a0<\/strong><\/p>\n<p><iframe loading=\"lazy\" src=\"https:\/\/www.youtube.com\/embed\/srikPK-6guI\" width=\"799\" height=\"799\" frameborder=\"0\" allowfullscreen=\"allowfullscreen\"><\/iframe><\/p>\n<div style=\"padding-bottom:20px; padding-top:10px;\" class=\"hupso-share-buttons\"><!-- Hupso Share Buttons - https:\/\/www.hupso.com\/share\/ --><a class=\"hupso_counters\" href=\"https:\/\/www.hupso.com\/share\/\"><img decoding=\"async\" src=\"http:\/\/static.hupso.com\/share\/buttons\/lang\/es\/share-small.png\" style=\"border:0px; padding-top:2px; float:left;\" alt=\"Share Button\"\/><\/a><script type=\"text\/javascript\">var hupso_services_c=new Array(\"twitter\",\"facebook_like\",\"google\");var hupso_counters_lang = \"es_LA\";var hupso_image_folder_url = \"\";var hupso_twitter_via=\"crsyvrs\";var hupso_url_c=\"\";<\/script><script type=\"text\/javascript\" src=\"http:\/\/static.hupso.com\/share\/js\/counters.js\"><\/script><!-- Hupso Share Buttons --><\/div> ","protected":false},"excerpt":{"rendered":"<div style=\"padding-bottom:20px; padding-top:10px;\" class=\"hupso-share-buttons\"><!-- Hupso Share Buttons - https:\/\/www.hupso.com\/share\/ --><a class=\"hupso_counters\" href=\"https:\/\/www.hupso.com\/share\/\"><img src=\"http:\/\/static.hupso.com\/share\/buttons\/lang\/es\/share-small.png\" style=\"border:0px; padding-top:2px; float:left;\" alt=\"Share Button\"\/><\/a><script type=\"text\/javascript\">var hupso_services_c=new Array(\"twitter\",\"facebook_like\",\"google\");var hupso_counters_lang = \"es_LA\";var hupso_image_folder_url = \"\";var hupso_twitter_via=\"crsyvrs\";var hupso_url_c=\"\";<\/script><script type=\"text\/javascript\" src=\"http:\/\/static.hupso.com\/share\/js\/counters.js\"><\/script><!-- Hupso Share Buttons --><\/div><p>La banda, previamente a tocar en el festival cordob\u00e9s y de salir a escena en el \u00abVive Latino\u00bb en M\u00e9xico, se presentar\u00e1 en en Entre R\u00edos, Mar del Plata y Necochea. &nbsp; Las Manos de Filippi saldr\u00e1n de gira&#46;&#46;&#46;<\/p>\n<div style=\"padding-bottom:20px; padding-top:10px;\" class=\"hupso-share-buttons\"><!-- Hupso Share Buttons - https:\/\/www.hupso.com\/share\/ --><a class=\"hupso_counters\" href=\"https:\/\/www.hupso.com\/share\/\"><img src=\"http:\/\/static.hupso.com\/share\/buttons\/lang\/es\/share-small.png\" style=\"border:0px; padding-top:2px; float:left;\" alt=\"Share Button\"\/><\/a><script type=\"text\/javascript\">var hupso_services_c=new Array(\"twitter\",\"facebook_like\",\"google\");var hupso_counters_lang = \"es_LA\";var hupso_image_folder_url = \"\";var hupso_twitter_via=\"crsyvrs\";var hupso_url_c=\"\";<\/script><script type=\"text\/javascript\" src=\"http:\/\/static.hupso.com\/share\/js\/counters.js\"><\/script><!-- Hupso Share Buttons --><\/div>","protected":false},"author":5,"featured_media":0,"comment_status":"closed","ping_status":"closed","sticky":false,"template":"","format":"standard","meta":{"footnotes":""},"categories":[3],"tags":[4162,4168,6016],"class_list":["post-8696","post","type-post","status-publish","format-standard","hentry","category-musica","tag-el-cabra","tag-frente-de-artistas","tag-las-manos-de-filippi"],"_links":{"self":[{"href":"http:\/\/cronicasyversiones.com\/index.php?rest_route=\/wp\/v2\/posts\/8696","targetHints":{"allow":["GET"]}}],"collection":[{"href":"http:\/\/cronicasyversiones.com\/index.php?rest_route=\/wp\/v2\/posts"}],"about":[{"href":"http:\/\/cronicasyversiones.com\/index.php?rest_route=\/wp\/v2\/types\/post"}],"author":[{"embeddable":true,"href":"http:\/\/cronicasyversiones.com\/index.php?rest_route=\/wp\/v2\/users\/5"}],"replies":[{"embeddable":true,"href":"http:\/\/cronicasyversiones.com\/index.php?rest_route=%2Fwp%2Fv2%2Fcomments&post=8696"}],"version-history":[{"count":0,"href":"http:\/\/cronicasyversiones.com\/index.php?rest_route=\/wp\/v2\/posts\/8696\/revisions"}],"wp:attachment":[{"href":"http:\/\/cronicasyversiones.com\/index.php?rest_route=%2Fwp%2Fv2%2Fmedia&parent=8696"}],"wp:term":[{"taxonomy":"category","embeddable":true,"href":"http:\/\/cronicasyversiones.com\/index.php?rest_route=%2Fwp%2Fv2%2Fcategories&post=8696"},{"taxonomy":"post_tag","embeddable":true,"href":"http:\/\/cronicasyversiones.com\/index.php?rest_route=%2Fwp%2Fv2%2Ftags&post=8696"}],"curies":[{"name":"wp","href":"https:\/\/api.w.org\/{rel}","templated":true}]}}