{"id":875,"date":"2014-02-17T17:33:30","date_gmt":"2014-02-17T17:33:30","guid":{"rendered":"http:\/\/cronicasyversiones.com\/?p=875"},"modified":"2014-02-19T17:42:57","modified_gmt":"2014-02-19T17:42:57","slug":"de-trapito-a-bachiller-un-documental-movilizador","status":"publish","type":"post","link":"http:\/\/cronicasyversiones.com\/?p=875","title":{"rendered":"\u201cDe trapito a bachiller\u201d, un documental movilizador"},"content":{"rendered":"<div style=\"padding-bottom:20px; padding-top:10px;\" class=\"hupso-share-buttons\"><!-- Hupso Share Buttons - https:\/\/www.hupso.com\/share\/ --><a class=\"hupso_counters\" href=\"https:\/\/www.hupso.com\/share\/\"><img decoding=\"async\" src=\"http:\/\/static.hupso.com\/share\/buttons\/lang\/es\/share-small.png\" style=\"border:0px; padding-top:2px; float:left;\" alt=\"Share Button\"\/><\/a><script type=\"text\/javascript\">var hupso_services_c=new Array(\"twitter\",\"facebook_like\",\"google\");var hupso_counters_lang = \"es_LA\";var hupso_image_folder_url = \"\";var hupso_twitter_via=\"crsyvrs\";var hupso_url_c=\"\";<\/script><script type=\"text\/javascript\" src=\"http:\/\/static.hupso.com\/share\/js\/counters.js\"><\/script><!-- Hupso Share Buttons --><\/div><h2 style=\"text-align: justify;\">El film de Javier di Pasquo narra la historia de un joven en situaci\u00f3n de calle que trabaja como cuidacoches en C\u00f3rdoba y que lucha por integrarse a un \u201ccontexto comunitario\u201d.<\/h2>\n<p style=\"text-align: center;\"><a href=\"http:\/\/cronicasyversiones.com\/wp-content\/uploads\/2014\/02\/trapito.jpg\"><img loading=\"lazy\" decoding=\"async\" class=\" wp-image-876 aligncenter\" alt=\"trapito\" src=\"http:\/\/cronicasyversiones.com\/wp-content\/uploads\/2014\/02\/trapito-1024x576.jpg\" width=\"717\" height=\"403\" srcset=\"http:\/\/cronicasyversiones.com\/wp-content\/uploads\/2014\/02\/trapito-1024x576.jpg 1024w, http:\/\/cronicasyversiones.com\/wp-content\/uploads\/2014\/02\/trapito-300x168.jpg 300w, http:\/\/cronicasyversiones.com\/wp-content\/uploads\/2014\/02\/trapito-624x351.jpg 624w, http:\/\/cronicasyversiones.com\/wp-content\/uploads\/2014\/02\/trapito.jpg 1280w\" sizes=\"auto, (max-width: 717px) 100vw, 717px\" \/><\/a><\/p>\n<p style=\"text-align: justify;\"><em><strong>\u201cDe trapito a bachiller\u201d<\/strong><\/em>, el documental de <strong>Javier di Pasquo<\/strong>, que el jueves llega a los cines argentinos para contar la historia de <strong>Gonzalo<\/strong>, un joven que vive en la calle y trabaja como <strong>cuidacoches<\/strong>, \u201ces la historia sobre una persona en su intento por, desde la nada, tratar de tener algo de ciudadan\u00eda\u201d, sostuvo el director.<\/p>\n<p>\u201cGonzalo duerme mal porque duerme en la calle y, sin embargo, pelea por integrarse y por alcanzar un determinado valor en un contexto comunitario\u201d, destac\u00f3 Di Pasquo durante una entrevista con la agencia de noticias T\u00e9lam para presentar su segunda pel\u00edcula.<\/p>\n<p>El film, con gui\u00f3n de <strong>Fernando Krichmar y Omar Neri<\/strong>, tiene por sede al <strong>Bachillerato Popular Maderera C\u00f3rdoba<\/strong>, donde se cursa el colegio secundario para j\u00f3venes y adultos y donde el protagonista de las escenas es parte de un colectivo heterog\u00e9neo de alumnos.<\/p>\n<p>El director revel\u00f3 que el documental surgi\u00f3 \u201cde<strong> la inquietud de que lo asambleario fuera hacia un sentido solidario<\/strong> y me empec\u00e9 a cuestionar d\u00f3nde se aprende la solidaridad y de d\u00f3nde viene porque\u00a0 me interesaba apreciar el aprendizaje del trabajo cooperativo\u201d.<\/p>\n<p>Con esa meta, Di Pasquo cont\u00f3 que tuvo contacto con la Cooperadora de Educadores e Investigadores Populares y, aunque en principio iba a trabajar en el espacio educativo que funciona en la f\u00e1brica recuperada IMPA, finalmente recal\u00f3 en otra empresa recuperada por sus trabajadores como Maderera C\u00f3rdoba.<\/p>\n<p><strong>\u201cEs que quer\u00eda hacer un trabajo de observaci\u00f3n<\/strong> y all\u00ed pod\u00eda desarrollarlo ya que, adem\u00e1s me quedaba cerca del trabajo\u201d, apunt\u00f3 quien se desempe\u00f1a como camar\u00f3grafo en <strong>Cr\u00f3nica TV<\/strong> donde fue delegado de los trabajadores durante 10 a\u00f1os.<\/p>\n<p>El autor de <em><strong>\u201cEl yugo\u201d<\/strong><\/em>, sobre tres casos de acoso laboral, que rod\u00f3 en 2008, no tuvo estreno en cines pero este verano pudo verse a trav\u00e9s de INCAA TV, revel\u00f3 que una vez instalado en las aulas de la escuela \u201cpor la forma de expresar y de brindarse de Gonzalo, me di cuenta que hab\u00eda una historia capaz de traccionar todo lo que quer\u00edamos contar\u201d.<\/p>\n<p>El extenso camino en torno a <em><strong>\u201cDe trapito a bachiller\u201d<\/strong><\/em> (que comenz\u00f3 en 2009 y tuvo rodaje hasta diciembre de 2011), \u201cme permiti\u00f3 conocer a un pibe como Gonzalo que est\u00e1 unido a su comunidad en lugar de buscar zafar de manera individual\u201d.<\/p>\n<p>\u201cSigo en contacto con \u00e9l y se emocion\u00f3 much\u00edsimo con la pel\u00edcula, pese a que est\u00e1 pagando un error de no haberse presentado a las citaciones judiciales y por eso est\u00e1 detenido en el Penal de Marcos Paz. As\u00ed que ahora estoy tratando de rescatarlo como persona antes que como personaje\u201d, record\u00f3 el realizador.<\/p>\n<p>&nbsp;<\/p>\n<p>&nbsp;<\/p>\n<div align=\"center\"><object width=\"560\" height=\"315\" classid=\"clsid:d27cdb6e-ae6d-11cf-96b8-444553540000\" codebase=\"http:\/\/download.macromedia.com\/pub\/shockwave\/cabs\/flash\/swflash.cab#version=6,0,40,0\"><param name=\"allowFullScreen\" value=\"true\" \/><param name=\"allowscriptaccess\" value=\"always\" \/><param name=\"src\" value=\"\/\/www.youtube.com\/v\/oSQwFgIe2Kw?version=3&amp;hl=es_MX\" \/><param name=\"allowfullscreen\" value=\"true\" \/><embed width=\"560\" height=\"315\" type=\"application\/x-shockwave-flash\" src=\"\/\/www.youtube.com\/v\/oSQwFgIe2Kw?version=3&amp;hl=es_MX\" allowFullScreen=\"true\" allowscriptaccess=\"always\" allowfullscreen=\"true\" \/><\/object><\/div>\n<div style=\"padding-bottom:20px; padding-top:10px;\" class=\"hupso-share-buttons\"><!-- Hupso Share Buttons - https:\/\/www.hupso.com\/share\/ --><a class=\"hupso_counters\" href=\"https:\/\/www.hupso.com\/share\/\"><img decoding=\"async\" src=\"http:\/\/static.hupso.com\/share\/buttons\/lang\/es\/share-small.png\" style=\"border:0px; padding-top:2px; float:left;\" alt=\"Share Button\"\/><\/a><script type=\"text\/javascript\">var hupso_services_c=new Array(\"twitter\",\"facebook_like\",\"google\");var hupso_counters_lang = \"es_LA\";var hupso_image_folder_url = \"\";var hupso_twitter_via=\"crsyvrs\";var hupso_url_c=\"\";<\/script><script type=\"text\/javascript\" src=\"http:\/\/static.hupso.com\/share\/js\/counters.js\"><\/script><!-- Hupso Share Buttons --><\/div> ","protected":false},"excerpt":{"rendered":"<div style=\"padding-bottom:20px; padding-top:10px;\" class=\"hupso-share-buttons\"><!-- Hupso Share Buttons - https:\/\/www.hupso.com\/share\/ --><a class=\"hupso_counters\" href=\"https:\/\/www.hupso.com\/share\/\"><img src=\"http:\/\/static.hupso.com\/share\/buttons\/lang\/es\/share-small.png\" style=\"border:0px; padding-top:2px; float:left;\" alt=\"Share Button\"\/><\/a><script type=\"text\/javascript\">var hupso_services_c=new Array(\"twitter\",\"facebook_like\",\"google\");var hupso_counters_lang = \"es_LA\";var hupso_image_folder_url = \"\";var hupso_twitter_via=\"crsyvrs\";var hupso_url_c=\"\";<\/script><script type=\"text\/javascript\" src=\"http:\/\/static.hupso.com\/share\/js\/counters.js\"><\/script><!-- Hupso Share Buttons --><\/div><p>El film de Javier di Pasquo narra la historia de un joven en situaci\u00f3n de calle que trabaja como cuidacoches en C\u00f3rdoba y que lucha por integrarse a un \u201ccontexto comunitario\u201d. \u201cDe trapito a bachiller\u201d, el documental de Javier&#46;&#46;&#46;<\/p>\n<div style=\"padding-bottom:20px; padding-top:10px;\" class=\"hupso-share-buttons\"><!-- Hupso Share Buttons - https:\/\/www.hupso.com\/share\/ --><a class=\"hupso_counters\" href=\"https:\/\/www.hupso.com\/share\/\"><img src=\"http:\/\/static.hupso.com\/share\/buttons\/lang\/es\/share-small.png\" style=\"border:0px; padding-top:2px; float:left;\" alt=\"Share Button\"\/><\/a><script type=\"text\/javascript\">var hupso_services_c=new Array(\"twitter\",\"facebook_like\",\"google\");var hupso_counters_lang = \"es_LA\";var hupso_image_folder_url = \"\";var hupso_twitter_via=\"crsyvrs\";var hupso_url_c=\"\";<\/script><script type=\"text\/javascript\" src=\"http:\/\/static.hupso.com\/share\/js\/counters.js\"><\/script><!-- Hupso Share Buttons --><\/div>","protected":false},"author":5,"featured_media":876,"comment_status":"open","ping_status":"open","sticky":false,"template":"","format":"standard","meta":{"footnotes":""},"categories":[4],"tags":[749,750,16,745,751,747,746,748],"class_list":["post-875","post","type-post","status-publish","format-standard","has-post-thumbnail","hentry","category-cine","tag-bachillerato-popular-maderera-cordoba","tag-cronica-tv","tag-cronicas-y-versiones","tag-de-trapito-a-bachiller","tag-el-yugo","tag-fernando-krichmar","tag-javier-di-pasquo","tag-omar-neri"],"_links":{"self":[{"href":"http:\/\/cronicasyversiones.com\/index.php?rest_route=\/wp\/v2\/posts\/875","targetHints":{"allow":["GET"]}}],"collection":[{"href":"http:\/\/cronicasyversiones.com\/index.php?rest_route=\/wp\/v2\/posts"}],"about":[{"href":"http:\/\/cronicasyversiones.com\/index.php?rest_route=\/wp\/v2\/types\/post"}],"author":[{"embeddable":true,"href":"http:\/\/cronicasyversiones.com\/index.php?rest_route=\/wp\/v2\/users\/5"}],"replies":[{"embeddable":true,"href":"http:\/\/cronicasyversiones.com\/index.php?rest_route=%2Fwp%2Fv2%2Fcomments&post=875"}],"version-history":[{"count":0,"href":"http:\/\/cronicasyversiones.com\/index.php?rest_route=\/wp\/v2\/posts\/875\/revisions"}],"wp:featuredmedia":[{"embeddable":true,"href":"http:\/\/cronicasyversiones.com\/index.php?rest_route=\/wp\/v2\/media\/876"}],"wp:attachment":[{"href":"http:\/\/cronicasyversiones.com\/index.php?rest_route=%2Fwp%2Fv2%2Fmedia&parent=875"}],"wp:term":[{"taxonomy":"category","embeddable":true,"href":"http:\/\/cronicasyversiones.com\/index.php?rest_route=%2Fwp%2Fv2%2Fcategories&post=875"},{"taxonomy":"post_tag","embeddable":true,"href":"http:\/\/cronicasyversiones.com\/index.php?rest_route=%2Fwp%2Fv2%2Ftags&post=875"}],"curies":[{"name":"wp","href":"https:\/\/api.w.org\/{rel}","templated":true}]}}