{"id":8760,"date":"2016-01-10T09:19:51","date_gmt":"2016-01-10T12:19:51","guid":{"rendered":"http:\/\/cronicasyversiones.com\/?p=8760"},"modified":"2016-01-10T09:19:51","modified_gmt":"2016-01-10T12:19:51","slug":"la-ciudad-mexicana-de-merida-capital-americana-de-la-cultura-2017","status":"publish","type":"post","link":"http:\/\/cronicasyversiones.com\/?p=8760","title":{"rendered":"La ciudad mexicana de M\u00e9rida, Capital Americana de la Cultura 2017"},"content":{"rendered":"<div style=\"padding-bottom:20px; padding-top:10px;\" class=\"hupso-share-buttons\"><!-- Hupso Share Buttons - https:\/\/www.hupso.com\/share\/ --><a class=\"hupso_counters\" href=\"https:\/\/www.hupso.com\/share\/\"><img decoding=\"async\" src=\"http:\/\/static.hupso.com\/share\/buttons\/lang\/es\/share-small.png\" style=\"border:0px; padding-top:2px; float:left;\" alt=\"Share Button\"\/><\/a><script type=\"text\/javascript\">var hupso_services_c=new Array(\"twitter\",\"facebook_like\",\"google\");var hupso_counters_lang = \"es_LA\";var hupso_image_folder_url = \"\";var hupso_twitter_via=\"crsyvrs\";var hupso_url_c=\"\";<\/script><script type=\"text\/javascript\" src=\"http:\/\/static.hupso.com\/share\/js\/counters.js\"><\/script><!-- Hupso Share Buttons --><\/div><h2 style=\"text-align: justify;\">Ubicada en el sure\u00f1o estado de Yucat\u00e1n, es la segunda oportunidad que la denominada \u00abCiudad Blanca\u00bb es escogida como referente cultural en el continente.<\/h2>\n<p style=\"text-align: justify;\"><img loading=\"lazy\" decoding=\"async\" class=\"aligncenter\" src=\"http:\/\/casaitaliayucatan.com\/wp-content\/uploads\/2014\/05\/merida-old-town.jpg\" alt=\"\" width=\"730\" height=\"485\" \/><br \/>\nLa ciudad de <strong>M\u00e9rida,<\/strong> ubicada en el sure\u00f1o estado de <strong>Yucat\u00e1n<\/strong>, fue elegida como <strong>Capital Americana de la Cultura<\/strong> 2017, seg\u00fan confirmaron en el Bureau Internacional de Capitales Culturales.<\/p>\n<p style=\"text-align: justify;\">Es la segunda oportunidad que la denominada <em><strong>\u00abCiudad Blanca\u00bb<\/strong><\/em> es escogida como referente cultural en el continente, ya que el otro nombramiento fue en el 2000.<\/p>\n<p style=\"text-align: justify;\">Fundada en 1542 sobre los vestigios de la <strong>poblaci\u00f3n maya de T&#8217;ho<\/strong>, la capital yucateca, la d\u00e9cima ciudad m\u00e1s antigua de M\u00e9xico, es la primera localidad del pa\u00eds que cuenta con una Carta de Derechos Culturales, desde octubre del pasado a\u00f1o.<\/p>\n<p style=\"text-align: justify;\">El documento est\u00e1 encaminado a reconocer, entre otros aspectos, la diversidad cultural, las identidades con criterio de libertad, equidad y respeto, seg\u00fan inform\u00f3 la agencia de noticias Efe.<\/p>\n<p style=\"text-align: justify;\">M\u00e9rida <strong>\u00abes la ciudad cosmopolita del Mayab, el mundo maya<\/strong>, y el punto estrat\u00e9gico de entrada en el continente, en la Am\u00e9rica profunda y en la Am\u00e9rica Latina\u00bb, se\u00f1al\u00f3 el alcalde de M\u00e9rida, Mauricio Vila Dosal.<\/p>\n<p style=\"text-align: justify;\">En a\u00f1os anteriores, han sido nombradas Capitales Americanas de la Cultura ciudades como <strong>Macei\u00f3<\/strong> (Brasil), <strong>C\u00f3rdoba<\/strong> (Argentina), <strong>Asunci\u00f3n<\/strong> (Paraguay), <strong>Quito<\/strong> (Ecuador) y <strong>Barranquilla<\/strong> (Colombia). En tanto que la localidad chilena de <strong>Valdivia<\/strong> es la que ostenta el t\u00edtulo este a\u00f1o.<\/p>\n<div style=\"padding-bottom:20px; padding-top:10px;\" class=\"hupso-share-buttons\"><!-- Hupso Share Buttons - https:\/\/www.hupso.com\/share\/ --><a class=\"hupso_counters\" href=\"https:\/\/www.hupso.com\/share\/\"><img decoding=\"async\" src=\"http:\/\/static.hupso.com\/share\/buttons\/lang\/es\/share-small.png\" style=\"border:0px; padding-top:2px; float:left;\" alt=\"Share Button\"\/><\/a><script type=\"text\/javascript\">var hupso_services_c=new Array(\"twitter\",\"facebook_like\",\"google\");var hupso_counters_lang = \"es_LA\";var hupso_image_folder_url = \"\";var hupso_twitter_via=\"crsyvrs\";var hupso_url_c=\"\";<\/script><script type=\"text\/javascript\" src=\"http:\/\/static.hupso.com\/share\/js\/counters.js\"><\/script><!-- Hupso Share Buttons --><\/div> ","protected":false},"excerpt":{"rendered":"<div style=\"padding-bottom:20px; padding-top:10px;\" class=\"hupso-share-buttons\"><!-- Hupso Share Buttons - https:\/\/www.hupso.com\/share\/ --><a class=\"hupso_counters\" href=\"https:\/\/www.hupso.com\/share\/\"><img src=\"http:\/\/static.hupso.com\/share\/buttons\/lang\/es\/share-small.png\" style=\"border:0px; padding-top:2px; float:left;\" alt=\"Share Button\"\/><\/a><script type=\"text\/javascript\">var hupso_services_c=new Array(\"twitter\",\"facebook_like\",\"google\");var hupso_counters_lang = \"es_LA\";var hupso_image_folder_url = \"\";var hupso_twitter_via=\"crsyvrs\";var hupso_url_c=\"\";<\/script><script type=\"text\/javascript\" src=\"http:\/\/static.hupso.com\/share\/js\/counters.js\"><\/script><!-- Hupso Share Buttons --><\/div><p>Ubicada en el sure\u00f1o estado de Yucat\u00e1n, es la segunda oportunidad que la denominada \u00abCiudad Blanca\u00bb es escogida como referente cultural en el continente. La ciudad de M\u00e9rida, ubicada en el sure\u00f1o estado de Yucat\u00e1n, fue elegida como Capital&#46;&#46;&#46;<\/p>\n<div style=\"padding-bottom:20px; padding-top:10px;\" class=\"hupso-share-buttons\"><!-- Hupso Share Buttons - https:\/\/www.hupso.com\/share\/ --><a class=\"hupso_counters\" href=\"https:\/\/www.hupso.com\/share\/\"><img src=\"http:\/\/static.hupso.com\/share\/buttons\/lang\/es\/share-small.png\" style=\"border:0px; padding-top:2px; float:left;\" alt=\"Share Button\"\/><\/a><script type=\"text\/javascript\">var hupso_services_c=new Array(\"twitter\",\"facebook_like\",\"google\");var hupso_counters_lang = \"es_LA\";var hupso_image_folder_url = \"\";var hupso_twitter_via=\"crsyvrs\";var hupso_url_c=\"\";<\/script><script type=\"text\/javascript\" src=\"http:\/\/static.hupso.com\/share\/js\/counters.js\"><\/script><!-- Hupso Share Buttons --><\/div>","protected":false},"author":5,"featured_media":0,"comment_status":"closed","ping_status":"closed","sticky":false,"template":"","format":"standard","meta":{"footnotes":""},"categories":[9],"tags":[6039,6040,773],"class_list":["post-8760","post","type-post","status-publish","format-standard","hentry","category-sociedad","tag-capital-americana-de-la-cultura","tag-merida","tag-mexico"],"_links":{"self":[{"href":"http:\/\/cronicasyversiones.com\/index.php?rest_route=\/wp\/v2\/posts\/8760","targetHints":{"allow":["GET"]}}],"collection":[{"href":"http:\/\/cronicasyversiones.com\/index.php?rest_route=\/wp\/v2\/posts"}],"about":[{"href":"http:\/\/cronicasyversiones.com\/index.php?rest_route=\/wp\/v2\/types\/post"}],"author":[{"embeddable":true,"href":"http:\/\/cronicasyversiones.com\/index.php?rest_route=\/wp\/v2\/users\/5"}],"replies":[{"embeddable":true,"href":"http:\/\/cronicasyversiones.com\/index.php?rest_route=%2Fwp%2Fv2%2Fcomments&post=8760"}],"version-history":[{"count":0,"href":"http:\/\/cronicasyversiones.com\/index.php?rest_route=\/wp\/v2\/posts\/8760\/revisions"}],"wp:attachment":[{"href":"http:\/\/cronicasyversiones.com\/index.php?rest_route=%2Fwp%2Fv2%2Fmedia&parent=8760"}],"wp:term":[{"taxonomy":"category","embeddable":true,"href":"http:\/\/cronicasyversiones.com\/index.php?rest_route=%2Fwp%2Fv2%2Fcategories&post=8760"},{"taxonomy":"post_tag","embeddable":true,"href":"http:\/\/cronicasyversiones.com\/index.php?rest_route=%2Fwp%2Fv2%2Ftags&post=8760"}],"curies":[{"name":"wp","href":"https:\/\/api.w.org\/{rel}","templated":true}]}}