{"id":8861,"date":"2016-01-25T11:08:40","date_gmt":"2016-01-25T14:08:40","guid":{"rendered":"http:\/\/cronicasyversiones.com\/?p=8861"},"modified":"2016-01-25T11:08:40","modified_gmt":"2016-01-25T14:08:40","slug":"dino-saluzzi-arranca-un-ciclo-en-cafe-vinilo","status":"publish","type":"post","link":"http:\/\/cronicasyversiones.com\/?p=8861","title":{"rendered":"Dino Saluzzi arranca un ciclo en Caf\u00e9 Vinilo"},"content":{"rendered":"<div style=\"padding-bottom:20px; padding-top:10px;\" class=\"hupso-share-buttons\"><!-- Hupso Share Buttons - https:\/\/www.hupso.com\/share\/ --><a class=\"hupso_counters\" href=\"https:\/\/www.hupso.com\/share\/\"><img decoding=\"async\" src=\"http:\/\/static.hupso.com\/share\/buttons\/lang\/es\/share-small.png\" style=\"border:0px; padding-top:2px; float:left;\" alt=\"Share Button\"\/><\/a><script type=\"text\/javascript\">var hupso_services_c=new Array(\"twitter\",\"facebook_like\",\"google\");var hupso_counters_lang = \"es_LA\";var hupso_image_folder_url = \"\";var hupso_twitter_via=\"crsyvrs\";var hupso_url_c=\"\";<\/script><script type=\"text\/javascript\" src=\"http:\/\/static.hupso.com\/share\/js\/counters.js\"><\/script><!-- Hupso Share Buttons --><\/div><h2 style=\"text-align: justify;\">El bandoneonista y compositor salte\u00f1o, al frente de su quinteto, har\u00e1 una recorrida por su trayectoria, incluyendo composiciones de \u201cEl valle de la infancia\u201d, su \u00faltimo disco.<\/h2>\n<p><img loading=\"lazy\" decoding=\"async\" class=\"aligncenter\" src=\"http:\/\/www.blablax.com.ar\/adjuntos\/178\/imagenes\/000\/753\/0000753419.jpg\" alt=\"\" width=\"756\" height=\"425\" \/><\/p>\n<p style=\"text-align: justify;\">El bandoneonista y compositor salte\u00f1o<strong> Dino Saluzzi<\/strong> al frente de su Quinteto saldr\u00e1 a escena el viernes 29, s\u00e1bado 30 y domingo 31 de enero en el <strong>Caf\u00e9 Vinilo,<\/strong> ubicado en Gorriti 3780, en el barrio de Palermo.<\/p>\n<p style=\"text-align: justify;\">Se tratar\u00e1 de un ciclo de tres fechas consecutivas donde esta formaci\u00f3n har\u00e1 una recorrida por su trayectoria, incluyendo composiciones de <em><strong>\u201cEl valle de la infancia\u201d<\/strong><\/em>, su \u00faltimo disco editado en Alemania.<\/p>\n<p style=\"text-align: justify;\">Componen el quinteto Dino Saluzzi en bandone\u00f3n, <strong>F\u00e9lix Saluzzi<\/strong> en clarinete y saxo, <strong>Jos\u00e9 Mar\u00eda Saluzzi<\/strong> en guitarra, <strong>Mat\u00edas Saluzzi<\/strong> en bajo y <strong>Jorge Savel\u00f3n<\/strong> en percusi\u00f3n.<\/p>\n<p style=\"text-align: justify;\">Durante 2015 este talentoso m\u00fasico realiz\u00f3 una gira europea por diversas ciudades de Alemania, Suiza, Austria, Italia y Espa\u00f1a, adem\u00e1s de recibir el <strong>Premio Konex de Brillante.<\/strong><\/p>\n<p style=\"text-align: justify;\">Este m\u00fasico debut\u00f3 discogr\u00e1ficamente al frente de su propio proyecto en 1970 y actualmente grab\u00f3 m\u00e1s de 40 \u00e1lbumes al frente de su propio grupo y tambi\u00e9n colaborando con artistas de distintos g\u00e9neros y estilos.<\/p>\n<div style=\"padding-bottom:20px; padding-top:10px;\" class=\"hupso-share-buttons\"><!-- Hupso Share Buttons - https:\/\/www.hupso.com\/share\/ --><a class=\"hupso_counters\" href=\"https:\/\/www.hupso.com\/share\/\"><img decoding=\"async\" src=\"http:\/\/static.hupso.com\/share\/buttons\/lang\/es\/share-small.png\" style=\"border:0px; padding-top:2px; float:left;\" alt=\"Share Button\"\/><\/a><script type=\"text\/javascript\">var hupso_services_c=new Array(\"twitter\",\"facebook_like\",\"google\");var hupso_counters_lang = \"es_LA\";var hupso_image_folder_url = \"\";var hupso_twitter_via=\"crsyvrs\";var hupso_url_c=\"\";<\/script><script type=\"text\/javascript\" src=\"http:\/\/static.hupso.com\/share\/js\/counters.js\"><\/script><!-- Hupso Share Buttons --><\/div> ","protected":false},"excerpt":{"rendered":"<div style=\"padding-bottom:20px; padding-top:10px;\" class=\"hupso-share-buttons\"><!-- Hupso Share Buttons - https:\/\/www.hupso.com\/share\/ --><a class=\"hupso_counters\" href=\"https:\/\/www.hupso.com\/share\/\"><img src=\"http:\/\/static.hupso.com\/share\/buttons\/lang\/es\/share-small.png\" style=\"border:0px; padding-top:2px; float:left;\" alt=\"Share Button\"\/><\/a><script type=\"text\/javascript\">var hupso_services_c=new Array(\"twitter\",\"facebook_like\",\"google\");var hupso_counters_lang = \"es_LA\";var hupso_image_folder_url = \"\";var hupso_twitter_via=\"crsyvrs\";var hupso_url_c=\"\";<\/script><script type=\"text\/javascript\" src=\"http:\/\/static.hupso.com\/share\/js\/counters.js\"><\/script><!-- Hupso Share Buttons --><\/div><p>El bandoneonista y compositor salte\u00f1o, al frente de su quinteto, har\u00e1 una recorrida por su trayectoria, incluyendo composiciones de \u201cEl valle de la infancia\u201d, su \u00faltimo disco. El bandoneonista y compositor salte\u00f1o Dino Saluzzi al frente de su Quinteto&#46;&#46;&#46;<\/p>\n<div style=\"padding-bottom:20px; padding-top:10px;\" class=\"hupso-share-buttons\"><!-- Hupso Share Buttons - https:\/\/www.hupso.com\/share\/ --><a class=\"hupso_counters\" href=\"https:\/\/www.hupso.com\/share\/\"><img src=\"http:\/\/static.hupso.com\/share\/buttons\/lang\/es\/share-small.png\" style=\"border:0px; padding-top:2px; float:left;\" alt=\"Share Button\"\/><\/a><script type=\"text\/javascript\">var hupso_services_c=new Array(\"twitter\",\"facebook_like\",\"google\");var hupso_counters_lang = \"es_LA\";var hupso_image_folder_url = \"\";var hupso_twitter_via=\"crsyvrs\";var hupso_url_c=\"\";<\/script><script type=\"text\/javascript\" src=\"http:\/\/static.hupso.com\/share\/js\/counters.js\"><\/script><!-- Hupso Share Buttons --><\/div>","protected":false},"author":5,"featured_media":0,"comment_status":"closed","ping_status":"closed","sticky":false,"template":"","format":"standard","meta":{"footnotes":""},"categories":[3],"tags":[4550,6089],"class_list":["post-8861","post","type-post","status-publish","format-standard","hentry","category-musica","tag-cafe-vinilo","tag-dino-saluzzi"],"_links":{"self":[{"href":"http:\/\/cronicasyversiones.com\/index.php?rest_route=\/wp\/v2\/posts\/8861","targetHints":{"allow":["GET"]}}],"collection":[{"href":"http:\/\/cronicasyversiones.com\/index.php?rest_route=\/wp\/v2\/posts"}],"about":[{"href":"http:\/\/cronicasyversiones.com\/index.php?rest_route=\/wp\/v2\/types\/post"}],"author":[{"embeddable":true,"href":"http:\/\/cronicasyversiones.com\/index.php?rest_route=\/wp\/v2\/users\/5"}],"replies":[{"embeddable":true,"href":"http:\/\/cronicasyversiones.com\/index.php?rest_route=%2Fwp%2Fv2%2Fcomments&post=8861"}],"version-history":[{"count":0,"href":"http:\/\/cronicasyversiones.com\/index.php?rest_route=\/wp\/v2\/posts\/8861\/revisions"}],"wp:attachment":[{"href":"http:\/\/cronicasyversiones.com\/index.php?rest_route=%2Fwp%2Fv2%2Fmedia&parent=8861"}],"wp:term":[{"taxonomy":"category","embeddable":true,"href":"http:\/\/cronicasyversiones.com\/index.php?rest_route=%2Fwp%2Fv2%2Fcategories&post=8861"},{"taxonomy":"post_tag","embeddable":true,"href":"http:\/\/cronicasyversiones.com\/index.php?rest_route=%2Fwp%2Fv2%2Ftags&post=8861"}],"curies":[{"name":"wp","href":"https:\/\/api.w.org\/{rel}","templated":true}]}}