{"id":901,"date":"2014-02-19T17:13:50","date_gmt":"2014-02-19T17:13:50","guid":{"rendered":"http:\/\/cronicasyversiones.com\/?p=901"},"modified":"2014-02-19T17:30:47","modified_gmt":"2014-02-19T17:30:47","slug":"el-cine-de-argentina-mexico-chile-bolivia-brasil-y-cuba-llega-a-paris","status":"publish","type":"post","link":"http:\/\/cronicasyversiones.com\/?p=901","title":{"rendered":"El cine de Argentina, M\u00e9xico, Chile, Bolivia, Brasil y Cuba llega a Par\u00eds"},"content":{"rendered":"<div style=\"padding-bottom:20px; padding-top:10px;\" class=\"hupso-share-buttons\"><!-- Hupso Share Buttons - https:\/\/www.hupso.com\/share\/ --><a class=\"hupso_counters\" href=\"https:\/\/www.hupso.com\/share\/\"><img decoding=\"async\" src=\"http:\/\/static.hupso.com\/share\/buttons\/lang\/es\/share-small.png\" style=\"border:0px; padding-top:2px; float:left;\" alt=\"Share Button\"\/><\/a><script type=\"text\/javascript\">var hupso_services_c=new Array(\"twitter\",\"facebook_like\",\"google\");var hupso_counters_lang = \"es_LA\";var hupso_image_folder_url = \"\";var hupso_twitter_via=\"crsyvrs\";var hupso_url_c=\"\";<\/script><script type=\"text\/javascript\" src=\"http:\/\/static.hupso.com\/share\/js\/counters.js\"><\/script><!-- Hupso Share Buttons --><\/div><h2 style=\"text-align: justify;\">Las pel\u00edculas de los realizadores latinoamericanos competir\u00e1n del 20 al 30 de marzo en la secci\u00f3n internacional del Festival Cin\u00e9ma du r\u00e9el de la capital francesa.<\/h2>\n<p style=\"text-align: center;\"><a href=\"http:\/\/cronicasyversiones.com\/wp-content\/uploads\/2014\/02\/1937826_817829881565243_882735603_n.jpg\"><img loading=\"lazy\" decoding=\"async\" class=\" wp-image-909 aligncenter\" alt=\"1937826_817829881565243_882735603_n\" src=\"http:\/\/cronicasyversiones.com\/wp-content\/uploads\/2014\/02\/1937826_817829881565243_882735603_n-1024x687.jpg\" width=\"551\" height=\"371\" srcset=\"http:\/\/cronicasyversiones.com\/wp-content\/uploads\/2014\/02\/1937826_817829881565243_882735603_n-1024x687.jpg 1024w, http:\/\/cronicasyversiones.com\/wp-content\/uploads\/2014\/02\/1937826_817829881565243_882735603_n-300x201.jpg 300w, http:\/\/cronicasyversiones.com\/wp-content\/uploads\/2014\/02\/1937826_817829881565243_882735603_n-624x419.jpg 624w, http:\/\/cronicasyversiones.com\/wp-content\/uploads\/2014\/02\/1937826_817829881565243_882735603_n.jpg 1200w\" sizes=\"auto, (max-width: 551px) 100vw, 551px\" \/><\/a><\/p>\n<p>La pel\u00edcula mexicana<em><strong> \u201cEco de la Monta\u00f1a\u201d<\/strong><\/em>, de Nicol\u00e1s Echevarr\u00eda, y la franco-argentina<em><strong> \u201cCarta a un padre\u201d<\/strong><\/em>, de Edgardo Cozarinsky, competir\u00e1n del 20 al 30 de marzo en la secci\u00f3n internacional del <strong>Festival Cin\u00e9ma du r\u00e9el de Par\u00eds<\/strong>, seg\u00fan informaron los organizadores.<\/p>\n<p>La Biblioteca p\u00fablica de informaci\u00f3n (Bpi) del <strong>Centro Pompidou<\/strong> organiza este certamen del s\u00e9ptimo arte, referencia del cine documental en Francia, que intentar\u00e1 estar bajo la lupa del universo documental planetario y laboratorio para el cine del futuro.<\/p>\n<p>La pel\u00edcula de Echevarr\u00eda fue filmada en una comunidad de huicholes y \u201cpresenta una mirada a la vida y obra de Santos de la Torre\u201d, por el artista <strong>Wix\u00e1rika (huichol)<\/strong>, autor de un mural monumental que desde hace a\u00f1os se expone en el metro de la capital francesa, resalt\u00f3 la embajada de M\u00e9xico en Francia en un comunicado.<\/p>\n<p>La pel\u00edcula boliviana <em><strong>\u201cEl corral y el viento\u201d<\/strong><\/em>, de Miguel Hilari, se cuenta entre los nueve documentales que el festival incluy\u00f3 en su competici\u00f3n de primeros y segundos filmes, indicaron.<\/p>\n<p>Mientras que dentro de la competici\u00f3n centrada en la creaci\u00f3n francesa, uno de los diez films seleccionados -y su \u00fanica coproducci\u00f3n, con Argentina- fue para la pel\u00edcula \u201cSangre de mi sangre\u201d, del director J\u00e9r\u00e9mie Reichenbach, anunciaron.<\/p>\n<p>En cuanto a la secci\u00f3n de cortos, cuatro de los diez trabajos que se exhibir\u00e1n proceden de Latinoam\u00e9rica.<\/p>\n<p>Son el cubano <em><strong>\u201c\u00a1Bello, Bello, Bello!\u201d<\/strong><\/em>, de Pilar \u00c1lvarez Garc\u00eda, el brasile\u00f1o \u201cA que deve a honra da ilustre visita este simples marqu\u00eas?\u201d de Rafael Urban; y las coproducciones \u201cO Arquip\u00e9lago\u201d, de Gustavo Beck (Brasil-Chile); y \u201cBelva Nera\u201d, de Alessio Rigo de Righi y Matteo Zoppis (Italia-Argentina).<\/p>\n<p>Solo dentro de estas cuatro secciones competitivas, el certamen proyectar\u00e1 40 pel\u00edculas procedentes de 26 pa\u00edses, seleccionadas entre cerca de 2.300 pel\u00edculas, se\u00f1alaron los organizadores.<\/p>\n<p>En la secci\u00f3n internacional competir\u00e1n otros documentales como \u201cIr anien\u201d de Mehran Tamadon; \u201cExamen d\u2019\u201ctat\u201d de Dieudo Hamadi o \u201cThe stone river\u201d de Giovanni Donfrancesco.<\/p>\n<p>El conjunto de la programaci\u00f3n 2014 del festival ser\u00e1 divulgado en los primeros d\u00edas de marzo, adelantaron sus organizadores.<\/p>\n<p>La presencia latinoamericana es una constante en este certamen que el a\u00f1o pasado dedic\u00f3 un lugar especial a conmemorar el 40 aniversario del golpe de Estado en Chile (1973-2013).<\/p>\n<p>En ediciones precedentes, el director mexicano Eugenio Polgovsky gan\u00f3 en este mismo festival dos premios con sus documentales \u201cLos herederos\u201d y \u201cTr\u00f3pico de C\u00e1ncer\u201d y, en 2008, su compatriota Juan Manuel Sep\u00falveda otros dos, con el largometraje \u201c<em><strong>La frontera infinita\u201d<\/strong><\/em> y el cortometraje <em><strong>\u201cExtra\u00f1o rumor de la tierra cuando se atraviesa un surco\u201d,<\/strong><\/em> record\u00f3 la embajada mexicana.<\/p>\n<p><iframe loading=\"lazy\" src=\"\/\/player.vimeo.com\/video\/55112607\" height=\"281\" width=\"500\" allowfullscreen=\"\" frameborder=\"0\"><\/iframe><\/p>\n<p><a href=\"http:\/\/vimeo.com\/55112607\">Demo &#8211; Eco de la Monta\u00f1a<\/a> from <a href=\"http:\/\/vimeo.com\/ecodelamontana\">Eco de la Monta\u00f1a<\/a> on <a href=\"https:\/\/vimeo.com\">Vimeo<\/a>.<\/p>\n<div style=\"padding-bottom:20px; padding-top:10px;\" class=\"hupso-share-buttons\"><!-- Hupso Share Buttons - https:\/\/www.hupso.com\/share\/ --><a class=\"hupso_counters\" href=\"https:\/\/www.hupso.com\/share\/\"><img decoding=\"async\" src=\"http:\/\/static.hupso.com\/share\/buttons\/lang\/es\/share-small.png\" style=\"border:0px; padding-top:2px; float:left;\" alt=\"Share Button\"\/><\/a><script type=\"text\/javascript\">var hupso_services_c=new Array(\"twitter\",\"facebook_like\",\"google\");var hupso_counters_lang = \"es_LA\";var hupso_image_folder_url = \"\";var hupso_twitter_via=\"crsyvrs\";var hupso_url_c=\"\";<\/script><script type=\"text\/javascript\" src=\"http:\/\/static.hupso.com\/share\/js\/counters.js\"><\/script><!-- Hupso Share Buttons --><\/div> ","protected":false},"excerpt":{"rendered":"<div style=\"padding-bottom:20px; padding-top:10px;\" class=\"hupso-share-buttons\"><!-- Hupso Share Buttons - https:\/\/www.hupso.com\/share\/ --><a class=\"hupso_counters\" href=\"https:\/\/www.hupso.com\/share\/\"><img src=\"http:\/\/static.hupso.com\/share\/buttons\/lang\/es\/share-small.png\" style=\"border:0px; padding-top:2px; float:left;\" alt=\"Share Button\"\/><\/a><script type=\"text\/javascript\">var hupso_services_c=new Array(\"twitter\",\"facebook_like\",\"google\");var hupso_counters_lang = \"es_LA\";var hupso_image_folder_url = \"\";var hupso_twitter_via=\"crsyvrs\";var hupso_url_c=\"\";<\/script><script type=\"text\/javascript\" src=\"http:\/\/static.hupso.com\/share\/js\/counters.js\"><\/script><!-- Hupso Share Buttons --><\/div><p>Las pel\u00edculas de los realizadores latinoamericanos competir\u00e1n del 20 al 30 de marzo en la secci\u00f3n internacional del Festival Cin\u00e9ma du r\u00e9el de la capital francesa. La pel\u00edcula mexicana \u201cEco de la Monta\u00f1a\u201d, de Nicol\u00e1s Echevarr\u00eda, y la franco-argentina&#46;&#46;&#46;<\/p>\n<div style=\"padding-bottom:20px; padding-top:10px;\" class=\"hupso-share-buttons\"><!-- Hupso Share Buttons - https:\/\/www.hupso.com\/share\/ --><a class=\"hupso_counters\" href=\"https:\/\/www.hupso.com\/share\/\"><img src=\"http:\/\/static.hupso.com\/share\/buttons\/lang\/es\/share-small.png\" style=\"border:0px; padding-top:2px; float:left;\" alt=\"Share Button\"\/><\/a><script type=\"text\/javascript\">var hupso_services_c=new Array(\"twitter\",\"facebook_like\",\"google\");var hupso_counters_lang = \"es_LA\";var hupso_image_folder_url = \"\";var hupso_twitter_via=\"crsyvrs\";var hupso_url_c=\"\";<\/script><script type=\"text\/javascript\" src=\"http:\/\/static.hupso.com\/share\/js\/counters.js\"><\/script><!-- Hupso Share Buttons --><\/div>","protected":false},"author":5,"featured_media":902,"comment_status":"open","ping_status":"open","sticky":false,"template":"","format":"standard","meta":{"footnotes":""},"categories":[4],"tags":[777,779,775,778,774,776],"class_list":["post-901","post","type-post","status-publish","format-standard","has-post-thumbnail","hentry","category-cine","tag-carta-a-un-padre","tag-cibe-latinoamericano","tag-eco-de-la-montana","tag-edgardo-cozarinsky","tag-festival-cinema-du-reel-de-paris","tag-nicolas-echevarria"],"_links":{"self":[{"href":"http:\/\/cronicasyversiones.com\/index.php?rest_route=\/wp\/v2\/posts\/901","targetHints":{"allow":["GET"]}}],"collection":[{"href":"http:\/\/cronicasyversiones.com\/index.php?rest_route=\/wp\/v2\/posts"}],"about":[{"href":"http:\/\/cronicasyversiones.com\/index.php?rest_route=\/wp\/v2\/types\/post"}],"author":[{"embeddable":true,"href":"http:\/\/cronicasyversiones.com\/index.php?rest_route=\/wp\/v2\/users\/5"}],"replies":[{"embeddable":true,"href":"http:\/\/cronicasyversiones.com\/index.php?rest_route=%2Fwp%2Fv2%2Fcomments&post=901"}],"version-history":[{"count":0,"href":"http:\/\/cronicasyversiones.com\/index.php?rest_route=\/wp\/v2\/posts\/901\/revisions"}],"wp:featuredmedia":[{"embeddable":true,"href":"http:\/\/cronicasyversiones.com\/index.php?rest_route=\/wp\/v2\/media\/902"}],"wp:attachment":[{"href":"http:\/\/cronicasyversiones.com\/index.php?rest_route=%2Fwp%2Fv2%2Fmedia&parent=901"}],"wp:term":[{"taxonomy":"category","embeddable":true,"href":"http:\/\/cronicasyversiones.com\/index.php?rest_route=%2Fwp%2Fv2%2Fcategories&post=901"},{"taxonomy":"post_tag","embeddable":true,"href":"http:\/\/cronicasyversiones.com\/index.php?rest_route=%2Fwp%2Fv2%2Ftags&post=901"}],"curies":[{"name":"wp","href":"https:\/\/api.w.org\/{rel}","templated":true}]}}