{"id":9248,"date":"2016-03-05T00:14:11","date_gmt":"2016-03-05T03:14:11","guid":{"rendered":"http:\/\/cronicasyversiones.com\/?p=9248"},"modified":"2016-03-05T00:14:11","modified_gmt":"2016-03-05T03:14:11","slug":"koblic-con-ricardo-darin-competira-en-el-festival-de-malaga","status":"publish","type":"post","link":"http:\/\/cronicasyversiones.com\/?p=9248","title":{"rendered":"\u201cK\u00f3blic\u201d, con Ricardo Dar\u00edn, competir\u00e1 en el Festival de M\u00e1laga"},"content":{"rendered":"<div style=\"padding-bottom:20px; padding-top:10px;\" class=\"hupso-share-buttons\"><!-- Hupso Share Buttons - https:\/\/www.hupso.com\/share\/ --><a class=\"hupso_counters\" href=\"https:\/\/www.hupso.com\/share\/\"><img decoding=\"async\" src=\"http:\/\/static.hupso.com\/share\/buttons\/lang\/es\/share-small.png\" style=\"border:0px; padding-top:2px; float:left;\" alt=\"Share Button\"\/><\/a><script type=\"text\/javascript\">var hupso_services_c=new Array(\"twitter\",\"facebook_like\",\"google\");var hupso_counters_lang = \"es_LA\";var hupso_image_folder_url = \"\";var hupso_twitter_via=\"crsyvrs\";var hupso_url_c=\"\";<\/script><script type=\"text\/javascript\" src=\"http:\/\/static.hupso.com\/share\/js\/counters.js\"><\/script><!-- Hupso Share Buttons --><\/div><h2 style=\"text-align: justify;\">El film, dirigido por Sebasti\u00e1n Borensztein, narra la historia comandante de la Armada Argentina, que pilotea un \u201cVuelo de la muerte\u00bb y luego se refugia en un peque\u00f1o pueblo.<\/h2>\n<p><img loading=\"lazy\" decoding=\"async\" class=\"aligncenter\" src=\"http:\/\/imagenes.lainformacion.com\/2016\/03\/04\/arte-cultura-y-espectaculos\/cine\/Sebastian-Borensztein-Seccion-Oficial-Festival_895421220_92938277_667x375.jpg\" alt=\"\" width=\"681\" height=\"383\" \/><\/p>\n<p style=\"text-align: justify;\"><em><strong>\u201cK\u00f3blic\u201d,<\/strong><\/em> dirigida por <strong>Sebasti\u00e1n Borensztein<\/strong> y protagonizada por <strong>Ricardo Dar\u00edn, Inma Cuesta y \u00d3scar Mart\u00ednez,<\/strong> competir\u00e1 en la secci\u00f3n oficial del <strong>Festival de Cine Espa\u00f1ol de M\u00e1laga,<\/strong> que tendr\u00e1 lugar entre el 22 de abril y 1 de mayo.<\/p>\n<p style=\"text-align: justify;\">La pel\u00edcula narra la historia del capit\u00e1n <strong>Tom\u00e1s K\u00f3blic<\/strong>, comandante de la Armada Argentina, que en 1977 se enfrenta a la misi\u00f3n de pilotear un <strong>\u201cVuelo de la muerte\u201d<\/strong> y toma una decisi\u00f3n imprevisible que marcar\u00e1 el resto de su vida y le obligar\u00e1 a huir a un peque\u00f1o pueblo.<\/p>\n<p style=\"text-align: justify;\">Esta es la segunda oportunidad en la que Dar\u00edn se pone bajo la lente de Borensztein luego de \u201cUn cuento chino\u201d, pel\u00edcula vista por casi un mill\u00f3n de espectadores en Argentina y que obtuvo los premios SUR de la Academia Argentina de Cine a mejor pel\u00edcula del a\u00f1o, mejor actor y mejor actriz secundaria, que qued\u00f3 en manos de Muriel Santa Ana.<\/p>\n<p style=\"text-align: justify;\">Sebasti\u00e1n Borensztein en el 2005 estren\u00f3 su \u00f3pera prima, <em><strong>\u201cLa suerte est\u00e1 echada\u201d,<\/strong> <\/em>on la que gan\u00f3 cuantiosos premios en festivales internacionales y en 2011 lleg\u00f3 su segundo largometraje, <strong>\u201cSin memoria\u201d.<\/strong><\/p>\n<p style=\"text-align: justify;\"><em><strong>\u201cK\u00f3blic\u201d<\/strong><\/em> es una producci\u00f3n de Pampa Films, Gloriamundi Producciones, en coproducci\u00f3n con Telefe, Direct tv, Endemol Shine Argentina y en asociaci\u00f3n con Atresmedia Cine.<\/p>\n<div style=\"padding-bottom:20px; padding-top:10px;\" class=\"hupso-share-buttons\"><!-- Hupso Share Buttons - https:\/\/www.hupso.com\/share\/ --><a class=\"hupso_counters\" href=\"https:\/\/www.hupso.com\/share\/\"><img decoding=\"async\" src=\"http:\/\/static.hupso.com\/share\/buttons\/lang\/es\/share-small.png\" style=\"border:0px; padding-top:2px; float:left;\" alt=\"Share Button\"\/><\/a><script type=\"text\/javascript\">var hupso_services_c=new Array(\"twitter\",\"facebook_like\",\"google\");var hupso_counters_lang = \"es_LA\";var hupso_image_folder_url = \"\";var hupso_twitter_via=\"crsyvrs\";var hupso_url_c=\"\";<\/script><script type=\"text\/javascript\" src=\"http:\/\/static.hupso.com\/share\/js\/counters.js\"><\/script><!-- Hupso Share Buttons --><\/div> ","protected":false},"excerpt":{"rendered":"<div style=\"padding-bottom:20px; padding-top:10px;\" class=\"hupso-share-buttons\"><!-- Hupso Share Buttons - https:\/\/www.hupso.com\/share\/ --><a class=\"hupso_counters\" href=\"https:\/\/www.hupso.com\/share\/\"><img src=\"http:\/\/static.hupso.com\/share\/buttons\/lang\/es\/share-small.png\" style=\"border:0px; padding-top:2px; float:left;\" alt=\"Share Button\"\/><\/a><script type=\"text\/javascript\">var hupso_services_c=new Array(\"twitter\",\"facebook_like\",\"google\");var hupso_counters_lang = \"es_LA\";var hupso_image_folder_url = \"\";var hupso_twitter_via=\"crsyvrs\";var hupso_url_c=\"\";<\/script><script type=\"text\/javascript\" src=\"http:\/\/static.hupso.com\/share\/js\/counters.js\"><\/script><!-- Hupso Share Buttons --><\/div><p>El film, dirigido por Sebasti\u00e1n Borensztein, narra la historia comandante de la Armada Argentina, que pilotea un \u201cVuelo de la muerte\u00bb y luego se refugia en un peque\u00f1o pueblo. \u201cK\u00f3blic\u201d, dirigida por Sebasti\u00e1n Borensztein y protagonizada por Ricardo Dar\u00edn,&#46;&#46;&#46;<\/p>\n<div style=\"padding-bottom:20px; padding-top:10px;\" class=\"hupso-share-buttons\"><!-- Hupso Share Buttons - https:\/\/www.hupso.com\/share\/ --><a class=\"hupso_counters\" href=\"https:\/\/www.hupso.com\/share\/\"><img src=\"http:\/\/static.hupso.com\/share\/buttons\/lang\/es\/share-small.png\" style=\"border:0px; padding-top:2px; float:left;\" alt=\"Share Button\"\/><\/a><script type=\"text\/javascript\">var hupso_services_c=new Array(\"twitter\",\"facebook_like\",\"google\");var hupso_counters_lang = \"es_LA\";var hupso_image_folder_url = \"\";var hupso_twitter_via=\"crsyvrs\";var hupso_url_c=\"\";<\/script><script type=\"text\/javascript\" src=\"http:\/\/static.hupso.com\/share\/js\/counters.js\"><\/script><!-- Hupso Share Buttons --><\/div>","protected":false},"author":5,"featured_media":0,"comment_status":"open","ping_status":"closed","sticky":false,"template":"","format":"standard","meta":{"footnotes":""},"categories":[4],"tags":[6250,4824,6248,3459,1165,6249],"class_list":["post-9248","post","type-post","status-publish","format-standard","hentry","category-cine","tag-festival-de-cine-espanol-de-malaga","tag-inma-cuesta","tag-koblic","tag-oscar-martinez","tag-ricardo-darin","tag-sebastian-borensztein"],"_links":{"self":[{"href":"http:\/\/cronicasyversiones.com\/index.php?rest_route=\/wp\/v2\/posts\/9248","targetHints":{"allow":["GET"]}}],"collection":[{"href":"http:\/\/cronicasyversiones.com\/index.php?rest_route=\/wp\/v2\/posts"}],"about":[{"href":"http:\/\/cronicasyversiones.com\/index.php?rest_route=\/wp\/v2\/types\/post"}],"author":[{"embeddable":true,"href":"http:\/\/cronicasyversiones.com\/index.php?rest_route=\/wp\/v2\/users\/5"}],"replies":[{"embeddable":true,"href":"http:\/\/cronicasyversiones.com\/index.php?rest_route=%2Fwp%2Fv2%2Fcomments&post=9248"}],"version-history":[{"count":0,"href":"http:\/\/cronicasyversiones.com\/index.php?rest_route=\/wp\/v2\/posts\/9248\/revisions"}],"wp:attachment":[{"href":"http:\/\/cronicasyversiones.com\/index.php?rest_route=%2Fwp%2Fv2%2Fmedia&parent=9248"}],"wp:term":[{"taxonomy":"category","embeddable":true,"href":"http:\/\/cronicasyversiones.com\/index.php?rest_route=%2Fwp%2Fv2%2Fcategories&post=9248"},{"taxonomy":"post_tag","embeddable":true,"href":"http:\/\/cronicasyversiones.com\/index.php?rest_route=%2Fwp%2Fv2%2Ftags&post=9248"}],"curies":[{"name":"wp","href":"https:\/\/api.w.org\/{rel}","templated":true}]}}