{"id":9425,"date":"2016-03-24T08:24:43","date_gmt":"2016-03-24T11:24:43","guid":{"rendered":"http:\/\/cronicasyversiones.com\/?p=9425"},"modified":"2016-10-30T10:34:12","modified_gmt":"2016-10-30T13:34:12","slug":"the-night-of-el-nuevo-policial-de-hbo","status":"publish","type":"post","link":"http:\/\/cronicasyversiones.com\/?p=9425","title":{"rendered":"\u00abThe Night of\u00bb, la nueva serie de HBO"},"content":{"rendered":"<div style=\"padding-bottom:20px; padding-top:10px;\" class=\"hupso-share-buttons\"><!-- Hupso Share Buttons - https:\/\/www.hupso.com\/share\/ --><a class=\"hupso_counters\" href=\"https:\/\/www.hupso.com\/share\/\"><img decoding=\"async\" src=\"http:\/\/static.hupso.com\/share\/buttons\/lang\/es\/share-small.png\" style=\"border:0px; padding-top:2px; float:left;\" alt=\"Share Button\"\/><\/a><script type=\"text\/javascript\">var hupso_services_c=new Array(\"twitter\",\"facebook_like\",\"google\");var hupso_counters_lang = \"es_LA\";var hupso_image_folder_url = \"\";var hupso_twitter_via=\"crsyvrs\";var hupso_url_c=\"\";<\/script><script type=\"text\/javascript\" src=\"http:\/\/static.hupso.com\/share\/js\/counters.js\"><\/script><!-- Hupso Share Buttons --><\/div><h2 style=\"text-align: justify;\">Protagonizado por John Turturro y Riz Ahmed, la miniserie investiga un complicado caso de asesinato en Nueva York con connotaciones culturales y pol\u00edticas.<\/h2>\n<p><img loading=\"lazy\" decoding=\"async\" class=\"alignleft size-full wp-image-12563\" src=\"http:\/\/cronicasyversiones.com\/wp-content\/uploads\/2016\/03\/images.jpg\" alt=\"images\" width=\"285\" height=\"177\" \/><\/p>\n<p><strong>HBO<\/strong> anunci\u00f3 el estreno para mitad de a\u00f1o de la nueva serie original <em><strong>\u00abThe Night of\u00bb<\/strong> <\/em>para toda Am\u00e9rica latina con los protag\u00f3nicos de <strong>John Turturro<\/strong> y <strong>Riz Ahmed<\/strong> y creada por Steve Zaillian y Richard Price.<\/p>\n<p>A trav\u00e9s de ocho episodios la miniserie investiga <strong>un complicado caso de asesinato en Nueva York<\/strong> con connotaciones culturales y pol\u00edticas.<\/p>\n<p>La historia analiza la investigaci\u00f3n policial, los procedimientos legales, el sistema penal y el complejo de c\u00e1rceles llamado Rikers Island, donde los acusados esperan ser enjuiciados por graves cr\u00edmenes.<\/p>\n<p>Adem\u00e1s de Turturro y Ahmed, el reparto incluye las actuaciones de Michael Kenneth Williams, Bill Camp, Jennie Berlin, Poorna Jagannathan, Payman Maadi, Glenne Headly, Amara Karan, Sofia Black-D\u2019Elia, Paul Sparks y Ben Shenkman, entre otros.<\/p>\n<p>El env\u00edo esta basado en la serie de la BBC, <em><strong>\u00abCriminal Justice\u00bb<\/strong><\/em> de Peter Moffat y fue filmado en la ciudad de Nueva York y sus alrededores.<\/p>\n<div style=\"padding-bottom:20px; padding-top:10px;\" class=\"hupso-share-buttons\"><!-- Hupso Share Buttons - https:\/\/www.hupso.com\/share\/ --><a class=\"hupso_counters\" href=\"https:\/\/www.hupso.com\/share\/\"><img decoding=\"async\" src=\"http:\/\/static.hupso.com\/share\/buttons\/lang\/es\/share-small.png\" style=\"border:0px; padding-top:2px; float:left;\" alt=\"Share Button\"\/><\/a><script type=\"text\/javascript\">var hupso_services_c=new Array(\"twitter\",\"facebook_like\",\"google\");var hupso_counters_lang = \"es_LA\";var hupso_image_folder_url = \"\";var hupso_twitter_via=\"crsyvrs\";var hupso_url_c=\"\";<\/script><script type=\"text\/javascript\" src=\"http:\/\/static.hupso.com\/share\/js\/counters.js\"><\/script><!-- Hupso Share Buttons --><\/div> ","protected":false},"excerpt":{"rendered":"<div style=\"padding-bottom:20px; padding-top:10px;\" class=\"hupso-share-buttons\"><!-- Hupso Share Buttons - https:\/\/www.hupso.com\/share\/ --><a class=\"hupso_counters\" href=\"https:\/\/www.hupso.com\/share\/\"><img src=\"http:\/\/static.hupso.com\/share\/buttons\/lang\/es\/share-small.png\" style=\"border:0px; padding-top:2px; float:left;\" alt=\"Share Button\"\/><\/a><script type=\"text\/javascript\">var hupso_services_c=new Array(\"twitter\",\"facebook_like\",\"google\");var hupso_counters_lang = \"es_LA\";var hupso_image_folder_url = \"\";var hupso_twitter_via=\"crsyvrs\";var hupso_url_c=\"\";<\/script><script type=\"text\/javascript\" src=\"http:\/\/static.hupso.com\/share\/js\/counters.js\"><\/script><!-- Hupso Share Buttons --><\/div><p>Protagonizado por John Turturro y Riz Ahmed, la miniserie investiga un complicado caso de asesinato en Nueva York con connotaciones culturales y pol\u00edticas. HBO anunci\u00f3 el estreno para mitad de a\u00f1o de la nueva serie original \u00abThe Night of\u00bb&#46;&#46;&#46;<\/p>\n<div style=\"padding-bottom:20px; padding-top:10px;\" class=\"hupso-share-buttons\"><!-- Hupso Share Buttons - https:\/\/www.hupso.com\/share\/ --><a class=\"hupso_counters\" href=\"https:\/\/www.hupso.com\/share\/\"><img src=\"http:\/\/static.hupso.com\/share\/buttons\/lang\/es\/share-small.png\" style=\"border:0px; padding-top:2px; float:left;\" alt=\"Share Button\"\/><\/a><script type=\"text\/javascript\">var hupso_services_c=new Array(\"twitter\",\"facebook_like\",\"google\");var hupso_counters_lang = \"es_LA\";var hupso_image_folder_url = \"\";var hupso_twitter_via=\"crsyvrs\";var hupso_url_c=\"\";<\/script><script type=\"text\/javascript\" src=\"http:\/\/static.hupso.com\/share\/js\/counters.js\"><\/script><!-- Hupso Share Buttons --><\/div>","protected":false},"author":5,"featured_media":12563,"comment_status":"open","ping_status":"closed","sticky":false,"template":"","format":"standard","meta":{"footnotes":""},"categories":[6],"tags":[6362,1003,6360,6361,6359],"class_list":["post-9425","post","type-post","status-publish","format-standard","has-post-thumbnail","hentry","category-radio-y-tv","tag-criminal-justice","tag-hbo","tag-john-turturro","tag-riz-ahmed","tag-the-night-of"],"_links":{"self":[{"href":"http:\/\/cronicasyversiones.com\/index.php?rest_route=\/wp\/v2\/posts\/9425","targetHints":{"allow":["GET"]}}],"collection":[{"href":"http:\/\/cronicasyversiones.com\/index.php?rest_route=\/wp\/v2\/posts"}],"about":[{"href":"http:\/\/cronicasyversiones.com\/index.php?rest_route=\/wp\/v2\/types\/post"}],"author":[{"embeddable":true,"href":"http:\/\/cronicasyversiones.com\/index.php?rest_route=\/wp\/v2\/users\/5"}],"replies":[{"embeddable":true,"href":"http:\/\/cronicasyversiones.com\/index.php?rest_route=%2Fwp%2Fv2%2Fcomments&post=9425"}],"version-history":[{"count":0,"href":"http:\/\/cronicasyversiones.com\/index.php?rest_route=\/wp\/v2\/posts\/9425\/revisions"}],"wp:featuredmedia":[{"embeddable":true,"href":"http:\/\/cronicasyversiones.com\/index.php?rest_route=\/wp\/v2\/media\/12563"}],"wp:attachment":[{"href":"http:\/\/cronicasyversiones.com\/index.php?rest_route=%2Fwp%2Fv2%2Fmedia&parent=9425"}],"wp:term":[{"taxonomy":"category","embeddable":true,"href":"http:\/\/cronicasyversiones.com\/index.php?rest_route=%2Fwp%2Fv2%2Fcategories&post=9425"},{"taxonomy":"post_tag","embeddable":true,"href":"http:\/\/cronicasyversiones.com\/index.php?rest_route=%2Fwp%2Fv2%2Ftags&post=9425"}],"curies":[{"name":"wp","href":"https:\/\/api.w.org\/{rel}","templated":true}]}}