{"id":9458,"date":"2016-03-27T11:26:21","date_gmt":"2016-03-27T14:26:21","guid":{"rendered":"http:\/\/cronicasyversiones.com\/?p=9458"},"modified":"2016-03-27T11:26:21","modified_gmt":"2016-03-27T14:26:21","slug":"eruca-sativa-y-onda-vaga-cierran-el-ciclo-parador-konex","status":"publish","type":"post","link":"http:\/\/cronicasyversiones.com\/?p=9458","title":{"rendered":"Eruca Sativa y Onda Vaga cierran el ciclo Parador Konex"},"content":{"rendered":"<div style=\"padding-bottom:20px; padding-top:10px;\" class=\"hupso-share-buttons\"><!-- Hupso Share Buttons - https:\/\/www.hupso.com\/share\/ --><a class=\"hupso_counters\" href=\"https:\/\/www.hupso.com\/share\/\"><img decoding=\"async\" src=\"http:\/\/static.hupso.com\/share\/buttons\/lang\/es\/share-small.png\" style=\"border:0px; padding-top:2px; float:left;\" alt=\"Share Button\"\/><\/a><script type=\"text\/javascript\">var hupso_services_c=new Array(\"twitter\",\"facebook_like\",\"google\");var hupso_counters_lang = \"es_LA\";var hupso_image_folder_url = \"\";var hupso_twitter_via=\"crsyvrs\";var hupso_url_c=\"\";<\/script><script type=\"text\/javascript\" src=\"http:\/\/static.hupso.com\/share\/js\/counters.js\"><\/script><!-- Hupso Share Buttons --><\/div><h2 style=\"text-align: justify;\">El tr\u00edo cordob\u00e9s presentar\u00e1 por primera vez el show electro-ac\u00fastico \u201cHuellas Digitales\u201d, mientras que la banda de Germ\u00e1n Cohen &amp; C\u00eda. despedir\u00e1 el disco \u201cMagma Elemental\u201d.<\/h2>\n<p style=\"text-align: justify;\"><img loading=\"lazy\" decoding=\"async\" class=\"aligncenter\" src=\"http:\/\/2.bp.blogspot.com\/-RrFv4BIqPL8\/VY1201vSiwI\/AAAAAAAAAUU\/eEfTcG9QL5k\/s640\/z7APSS1UPHzY-sVFvrBFveaOg601sIwcj9ccfht4lyk.jpg\" alt=\"\" width=\"682\" height=\"454\" \/><br \/>\nCon las presentaciones de <strong>Eruca Sativa<\/strong> (s\u00e1bado 2 de abril) y<strong> Onda Vaga<\/strong> (domingo 3) culmina el ciclo <strong>Parador Konex en el Ciudad Culutral Konex,<\/strong> ubicado en Sarmiento 3131, que se mantuvo durante tres meses.<\/p>\n<p style=\"text-align: justify;\">Eruca Sativa presentar\u00e1 por primera vez el show electro-ac\u00fastico <strong>\u201cHuellas Digitales\u201d,<\/strong> que posee 20 canciones del repertorio de sus discos \u00abLa carne\u00bb (2008), \u00abEs\u00bb (2010) y \u00abBlanco\u00bb (2012), junto a un track in\u00e9dito \u00abCiudad\u00bb.<\/p>\n<p style=\"text-align: justify;\">La idea en la que basaron este homenaje su trilog\u00eda, fue reversionar las canciones y destacar en cada una su potencia, sin usar necesariamente el sonido de \u201cpower tr\u00edo\u201d que caracteriza al tr\u00edo cordob\u00e9s.<\/p>\n<p style=\"text-align: justify;\">Mientras que luego de girar por M\u00e9xico, Colombia y Per\u00fa, Onda Vaga se presenta en el patio del Konex despidiendo el disco <em><strong>\u201cMagma Elemental\u201d<\/strong><\/em> y adelantando temas de su nuevo material a editarse este a\u00f1o.<\/p>\n<p style=\"text-align: justify;\">En 2015, la banda conformada por Germ\u00e1n Cohen, Nacho Rodr\u00edguez, Tom\u00e1s Justo Gaggero, Marcelo Blanco y Marcos Orellana realiz\u00f3 su 6ta gira mundial autogestionada que los llev\u00f3 a escenarios de Francia, Espa\u00f1a, Suiza y Alemania y luego Canad\u00e1, Estados Unidos, Colombia y Chile.<\/p>\n<div style=\"padding-bottom:20px; padding-top:10px;\" class=\"hupso-share-buttons\"><!-- Hupso Share Buttons - https:\/\/www.hupso.com\/share\/ --><a class=\"hupso_counters\" href=\"https:\/\/www.hupso.com\/share\/\"><img decoding=\"async\" src=\"http:\/\/static.hupso.com\/share\/buttons\/lang\/es\/share-small.png\" style=\"border:0px; padding-top:2px; float:left;\" alt=\"Share Button\"\/><\/a><script type=\"text\/javascript\">var hupso_services_c=new Array(\"twitter\",\"facebook_like\",\"google\");var hupso_counters_lang = \"es_LA\";var hupso_image_folder_url = \"\";var hupso_twitter_via=\"crsyvrs\";var hupso_url_c=\"\";<\/script><script type=\"text\/javascript\" src=\"http:\/\/static.hupso.com\/share\/js\/counters.js\"><\/script><!-- Hupso Share Buttons --><\/div> ","protected":false},"excerpt":{"rendered":"<div style=\"padding-bottom:20px; padding-top:10px;\" class=\"hupso-share-buttons\"><!-- Hupso Share Buttons - https:\/\/www.hupso.com\/share\/ --><a class=\"hupso_counters\" href=\"https:\/\/www.hupso.com\/share\/\"><img src=\"http:\/\/static.hupso.com\/share\/buttons\/lang\/es\/share-small.png\" style=\"border:0px; padding-top:2px; float:left;\" alt=\"Share Button\"\/><\/a><script type=\"text\/javascript\">var hupso_services_c=new Array(\"twitter\",\"facebook_like\",\"google\");var hupso_counters_lang = \"es_LA\";var hupso_image_folder_url = \"\";var hupso_twitter_via=\"crsyvrs\";var hupso_url_c=\"\";<\/script><script type=\"text\/javascript\" src=\"http:\/\/static.hupso.com\/share\/js\/counters.js\"><\/script><!-- Hupso Share Buttons --><\/div><p>El tr\u00edo cordob\u00e9s presentar\u00e1 por primera vez el show electro-ac\u00fastico \u201cHuellas Digitales\u201d, mientras que la banda de Germ\u00e1n Cohen &amp; C\u00eda. despedir\u00e1 el disco \u201cMagma Elemental\u201d. Con las presentaciones de Eruca Sativa (s\u00e1bado 2 de abril) y Onda Vaga&#46;&#46;&#46;<\/p>\n<div style=\"padding-bottom:20px; padding-top:10px;\" class=\"hupso-share-buttons\"><!-- Hupso Share Buttons - https:\/\/www.hupso.com\/share\/ --><a class=\"hupso_counters\" href=\"https:\/\/www.hupso.com\/share\/\"><img src=\"http:\/\/static.hupso.com\/share\/buttons\/lang\/es\/share-small.png\" style=\"border:0px; padding-top:2px; float:left;\" alt=\"Share Button\"\/><\/a><script type=\"text\/javascript\">var hupso_services_c=new Array(\"twitter\",\"facebook_like\",\"google\");var hupso_counters_lang = \"es_LA\";var hupso_image_folder_url = \"\";var hupso_twitter_via=\"crsyvrs\";var hupso_url_c=\"\";<\/script><script type=\"text\/javascript\" src=\"http:\/\/static.hupso.com\/share\/js\/counters.js\"><\/script><!-- Hupso Share Buttons --><\/div>","protected":false},"author":5,"featured_media":0,"comment_status":"open","ping_status":"closed","sticky":false,"template":"","format":"standard","meta":{"footnotes":""},"categories":[3],"tags":[2761,3455,5709],"class_list":["post-9458","post","type-post","status-publish","format-standard","hentry","category-musica","tag-ciudad-cultural-konex","tag-eruca-sativa","tag-onda-vaga"],"_links":{"self":[{"href":"http:\/\/cronicasyversiones.com\/index.php?rest_route=\/wp\/v2\/posts\/9458","targetHints":{"allow":["GET"]}}],"collection":[{"href":"http:\/\/cronicasyversiones.com\/index.php?rest_route=\/wp\/v2\/posts"}],"about":[{"href":"http:\/\/cronicasyversiones.com\/index.php?rest_route=\/wp\/v2\/types\/post"}],"author":[{"embeddable":true,"href":"http:\/\/cronicasyversiones.com\/index.php?rest_route=\/wp\/v2\/users\/5"}],"replies":[{"embeddable":true,"href":"http:\/\/cronicasyversiones.com\/index.php?rest_route=%2Fwp%2Fv2%2Fcomments&post=9458"}],"version-history":[{"count":0,"href":"http:\/\/cronicasyversiones.com\/index.php?rest_route=\/wp\/v2\/posts\/9458\/revisions"}],"wp:attachment":[{"href":"http:\/\/cronicasyversiones.com\/index.php?rest_route=%2Fwp%2Fv2%2Fmedia&parent=9458"}],"wp:term":[{"taxonomy":"category","embeddable":true,"href":"http:\/\/cronicasyversiones.com\/index.php?rest_route=%2Fwp%2Fv2%2Fcategories&post=9458"},{"taxonomy":"post_tag","embeddable":true,"href":"http:\/\/cronicasyversiones.com\/index.php?rest_route=%2Fwp%2Fv2%2Ftags&post=9458"}],"curies":[{"name":"wp","href":"https:\/\/api.w.org\/{rel}","templated":true}]}}