{"id":9497,"date":"2016-03-29T15:03:49","date_gmt":"2016-03-29T18:03:49","guid":{"rendered":"http:\/\/cronicasyversiones.com\/?p=9497"},"modified":"2016-03-29T15:03:49","modified_gmt":"2016-03-29T18:03:49","slug":"cafe-society-el-nuevo-film-de-woody-allen-abrira-el-festival-de-cannes","status":"publish","type":"post","link":"http:\/\/cronicasyversiones.com\/?p=9497","title":{"rendered":"\u00abCaf\u00e9 Society\u00bb, el nuevo film de Woody Allen, abrir\u00e1 el Festival de Cannes"},"content":{"rendered":"<div style=\"padding-bottom:20px; padding-top:10px;\" class=\"hupso-share-buttons\"><!-- Hupso Share Buttons - https:\/\/www.hupso.com\/share\/ --><a class=\"hupso_counters\" href=\"https:\/\/www.hupso.com\/share\/\"><img decoding=\"async\" src=\"http:\/\/static.hupso.com\/share\/buttons\/lang\/es\/share-small.png\" style=\"border:0px; padding-top:2px; float:left;\" alt=\"Share Button\"\/><\/a><script type=\"text\/javascript\">var hupso_services_c=new Array(\"twitter\",\"facebook_like\",\"google\");var hupso_counters_lang = \"es_LA\";var hupso_image_folder_url = \"\";var hupso_twitter_via=\"crsyvrs\";var hupso_url_c=\"\";<\/script><script type=\"text\/javascript\" src=\"http:\/\/static.hupso.com\/share\/js\/counters.js\"><\/script><!-- Hupso Share Buttons --><\/div><h2 style=\"text-align: justify;\">La pel\u00edcula, protagonizada por Kristen Stewart, Steve Carell y Blake Lively se presentar\u00e1 fuera de concurso en la tradicional cita cinematogr\u00e1fica francesa.<\/h2>\n<p style=\"text-align: justify;\"><img loading=\"lazy\" decoding=\"async\" class=\"aligncenter\" src=\"http:\/\/www.radiozero.cl\/static\/2016\/03\/cafe-society-618x376.jpg\" alt=\"\" width=\"736\" height=\"448\" \/><\/p>\n<p style=\"text-align: justify;\">La \u00faltima pel\u00edcula de <strong>Woody Allen<\/strong>, <em><strong>\u00abCaf\u00e9 Society\u00bb,<\/strong> <\/em>tendr\u00e1 el privilegio de inaugurar el pr\u00f3ximo 11 de mayo la 69 edici\u00f3n del <strong>Festival de Cine de Cannes<\/strong>, seg\u00fan inform\u00f3 la organizaci\u00f3n del certamen galo.<\/p>\n<p style=\"text-align: justify;\">Esta comedia rom\u00e1ntica, protagonizada por <strong>Jesse Eisenberg y Kristen Stewart<\/strong>, se presentar\u00e1 por fuera de concurso en la tradicional cita cinematogr\u00e1fica francesa.<\/p>\n<p style=\"text-align: justify;\">El cineasta neoyorquino, de 80 a\u00f1os, ya inaugur\u00f3 el festival en dos ocasiones. La primera fue en 2002 con <em><strong>\u00abHollywood Ending\u00bb<\/strong><\/em> y luego en 2011 con <em><strong>\u00abMidnight in Paris\u00bb.<\/strong><\/em><\/p>\n<p style=\"text-align: justify;\">El Festival de Cannes, cuyo jurado presidir\u00e1 este a\u00f1o <strong>George Miller,<\/strong> se celebrar\u00e1 entre los pr\u00f3ximos 11 y 22 de mayo y la selecci\u00f3n oficial al completo no se conocer\u00e1 hasta el pr\u00f3ximo 14 de abril.<\/p>\n<p style=\"text-align: justify;\"><em><strong>\u00abCaf\u00e9 Society\u00bb<\/strong><\/em> relata la historia de un joven que llega a Hollywood en los a\u00f1os \u201830 con la esperanza de trabajar en la industria del cine, all\u00ed se enamora y se ve sumergido en la efervescencia de esa \u00e9poca. A\u00fan no se conoce alg\u00fan trailer de \u00e9ste nuevo film del cineasta.<\/p>\n<p style=\"text-align: justify;\">Adem\u00e1s de Jesse Eisenberg y Kristen Stewart, quienes ya compartieron protagonismo en <em><strong>\u00abAmerican Ultra\u00bb<\/strong><\/em>, el elenco se completa con Blake Lively, Steve Carell, Parker Posey, Corey Stoll, Anna Camp, Gregg Binkley, Paul Schneider, Jeannie Berlin, Sari Lennick y Stephen Kunken.<\/p>\n<div style=\"padding-bottom:20px; padding-top:10px;\" class=\"hupso-share-buttons\"><!-- Hupso Share Buttons - https:\/\/www.hupso.com\/share\/ --><a class=\"hupso_counters\" href=\"https:\/\/www.hupso.com\/share\/\"><img decoding=\"async\" src=\"http:\/\/static.hupso.com\/share\/buttons\/lang\/es\/share-small.png\" style=\"border:0px; padding-top:2px; float:left;\" alt=\"Share Button\"\/><\/a><script type=\"text\/javascript\">var hupso_services_c=new Array(\"twitter\",\"facebook_like\",\"google\");var hupso_counters_lang = \"es_LA\";var hupso_image_folder_url = \"\";var hupso_twitter_via=\"crsyvrs\";var hupso_url_c=\"\";<\/script><script type=\"text\/javascript\" src=\"http:\/\/static.hupso.com\/share\/js\/counters.js\"><\/script><!-- Hupso Share Buttons --><\/div> ","protected":false},"excerpt":{"rendered":"<div style=\"padding-bottom:20px; padding-top:10px;\" class=\"hupso-share-buttons\"><!-- Hupso Share Buttons - https:\/\/www.hupso.com\/share\/ --><a class=\"hupso_counters\" href=\"https:\/\/www.hupso.com\/share\/\"><img src=\"http:\/\/static.hupso.com\/share\/buttons\/lang\/es\/share-small.png\" style=\"border:0px; padding-top:2px; float:left;\" alt=\"Share Button\"\/><\/a><script type=\"text\/javascript\">var hupso_services_c=new Array(\"twitter\",\"facebook_like\",\"google\");var hupso_counters_lang = \"es_LA\";var hupso_image_folder_url = \"\";var hupso_twitter_via=\"crsyvrs\";var hupso_url_c=\"\";<\/script><script type=\"text\/javascript\" src=\"http:\/\/static.hupso.com\/share\/js\/counters.js\"><\/script><!-- Hupso Share Buttons --><\/div><p>La pel\u00edcula, protagonizada por Kristen Stewart, Steve Carell y Blake Lively se presentar\u00e1 fuera de concurso en la tradicional cita cinematogr\u00e1fica francesa. La \u00faltima pel\u00edcula de Woody Allen, \u00abCaf\u00e9 Society\u00bb, tendr\u00e1 el privilegio de inaugurar el pr\u00f3ximo 11 de&#46;&#46;&#46;<\/p>\n<div style=\"padding-bottom:20px; padding-top:10px;\" class=\"hupso-share-buttons\"><!-- Hupso Share Buttons - https:\/\/www.hupso.com\/share\/ --><a class=\"hupso_counters\" href=\"https:\/\/www.hupso.com\/share\/\"><img src=\"http:\/\/static.hupso.com\/share\/buttons\/lang\/es\/share-small.png\" style=\"border:0px; padding-top:2px; float:left;\" alt=\"Share Button\"\/><\/a><script type=\"text\/javascript\">var hupso_services_c=new Array(\"twitter\",\"facebook_like\",\"google\");var hupso_counters_lang = \"es_LA\";var hupso_image_folder_url = \"\";var hupso_twitter_via=\"crsyvrs\";var hupso_url_c=\"\";<\/script><script type=\"text\/javascript\" src=\"http:\/\/static.hupso.com\/share\/js\/counters.js\"><\/script><!-- Hupso Share Buttons --><\/div>","protected":false},"author":5,"featured_media":0,"comment_status":"open","ping_status":"closed","sticky":false,"template":"","format":"standard","meta":{"footnotes":""},"categories":[4],"tags":[6408,971,693,3972,57],"class_list":["post-9497","post","type-post","status-publish","format-standard","hentry","category-cine","tag-cafe-society","tag-festival-de-cannes","tag-jesse-eisenberg","tag-kristen-stewart","tag-woody-allen"],"_links":{"self":[{"href":"http:\/\/cronicasyversiones.com\/index.php?rest_route=\/wp\/v2\/posts\/9497","targetHints":{"allow":["GET"]}}],"collection":[{"href":"http:\/\/cronicasyversiones.com\/index.php?rest_route=\/wp\/v2\/posts"}],"about":[{"href":"http:\/\/cronicasyversiones.com\/index.php?rest_route=\/wp\/v2\/types\/post"}],"author":[{"embeddable":true,"href":"http:\/\/cronicasyversiones.com\/index.php?rest_route=\/wp\/v2\/users\/5"}],"replies":[{"embeddable":true,"href":"http:\/\/cronicasyversiones.com\/index.php?rest_route=%2Fwp%2Fv2%2Fcomments&post=9497"}],"version-history":[{"count":0,"href":"http:\/\/cronicasyversiones.com\/index.php?rest_route=\/wp\/v2\/posts\/9497\/revisions"}],"wp:attachment":[{"href":"http:\/\/cronicasyversiones.com\/index.php?rest_route=%2Fwp%2Fv2%2Fmedia&parent=9497"}],"wp:term":[{"taxonomy":"category","embeddable":true,"href":"http:\/\/cronicasyversiones.com\/index.php?rest_route=%2Fwp%2Fv2%2Fcategories&post=9497"},{"taxonomy":"post_tag","embeddable":true,"href":"http:\/\/cronicasyversiones.com\/index.php?rest_route=%2Fwp%2Fv2%2Ftags&post=9497"}],"curies":[{"name":"wp","href":"https:\/\/api.w.org\/{rel}","templated":true}]}}