{"id":9573,"date":"2016-04-05T00:00:44","date_gmt":"2016-04-05T03:00:44","guid":{"rendered":"http:\/\/cronicasyversiones.com\/?p=9573"},"modified":"2016-04-05T00:05:30","modified_gmt":"2016-04-05T03:05:30","slug":"william-friedkin-el-director-de-el-exorcista-incitado-de-honor-en-cannes","status":"publish","type":"post","link":"http:\/\/cronicasyversiones.com\/?p=9573","title":{"rendered":"William Friedkin, el director de \u201cEl Exorcista\u201d, invitado de honor en Cannes"},"content":{"rendered":"<div style=\"padding-bottom:20px; padding-top:10px;\" class=\"hupso-share-buttons\"><!-- Hupso Share Buttons - https:\/\/www.hupso.com\/share\/ --><a class=\"hupso_counters\" href=\"https:\/\/www.hupso.com\/share\/\"><img decoding=\"async\" src=\"http:\/\/static.hupso.com\/share\/buttons\/lang\/es\/share-small.png\" style=\"border:0px; padding-top:2px; float:left;\" alt=\"Share Button\"\/><\/a><script type=\"text\/javascript\">var hupso_services_c=new Array(\"twitter\",\"facebook_like\",\"google\");var hupso_counters_lang = \"es_LA\";var hupso_image_folder_url = \"\";var hupso_twitter_via=\"crsyvrs\";var hupso_url_c=\"\";<\/script><script type=\"text\/javascript\" src=\"http:\/\/static.hupso.com\/share\/js\/counters.js\"><\/script><!-- Hupso Share Buttons --><\/div><h2 style=\"text-align: justify;\">El veterano director estadounidense ofrecer\u00e1 una clase magistral de cine en la 69 edici\u00f3n de la cita cinematogr\u00e1fica francesa el 18 de mayo.<\/h2>\n<p><img loading=\"lazy\" decoding=\"async\" class=\"aligncenter\" src=\"https:\/\/otdinf.files.wordpress.com\/2015\/08\/william-friedkin-2.jpg\" alt=\"\" width=\"763\" height=\"429\" \/><\/p>\n<p style=\"text-align: justify;\">El realizador estadounidense <strong>William Friedkin,<\/strong> el director de <em><strong>\u201cEl Exorcista\u201d<\/strong><\/em>, ser\u00e1 el invitado de honor para ofrecer una clase magistral de cine en la 69 edici\u00f3n del<strong> Festival de Cannes.<\/strong><\/p>\n<p style=\"text-align: justify;\">En otras oportunidades, este lugar de privilegio en la cita cinematogr\u00e1fica gala lo tuvieron \u00a0<strong>Martin Scorsese, Nanni Moretti y Quentin Tarantino.<\/strong><\/p>\n<p style=\"text-align: justify;\">Friedkin el pr\u00f3ximo 18 de mayo enfrentar\u00e1 a un grupo selecto en la sala Bu\u00f1uel del Palacio de Festivales de esa localidad del Mediterr\u00e1neo franc\u00e9s para \u201cdialogar con el p\u00fablico\u201d.<\/p>\n<p style=\"text-align: justify;\">En la filmograf\u00eda de William Friedkin se destacan \u201cLos chicos de la banda\u201d, \u201cEl Exorcista\u201d, \u201cCarga maldita\u201d, \u201cCruising\u201d, \u201cVivir y morir en Los \u00c1ngeles\u201d. \u201c Jade\u201d, \u201cRules of Engagement\u201d, \u00a0y \u201cThe Hunted\u201d.<\/p>\n<p style=\"text-align: justify;\">Es veterano director de cine y televisi\u00f3n, productor y guionista estadounidense ganador del premio \u00d3scar por <em><strong>\u201cThe French Connection\u201d.<\/strong> <\/em><\/p>\n<p style=\"text-align: justify;\">Por su parte, <em><strong>\u201cCaf\u00e9 Society\u201d<\/strong><\/em>, la \u00faltima pel\u00edcula de <strong>Woody Allen,<\/strong> \u00a0ser\u00e1 la encargada de inaugurar el pr\u00f3ximo 11 de mayo la 69 edici\u00f3n del Festival de Cine de Cannes. Esta comedia rom\u00e1ntica, protagonizada por <strong>Jesse Eisenberg y Kristen Stewart,<\/strong> se presentar\u00e1 por fuera de concurso en la tradicional cita cinematogr\u00e1fica francesa.<\/p>\n<p style=\"text-align: justify;\">\n<div style=\"padding-bottom:20px; padding-top:10px;\" class=\"hupso-share-buttons\"><!-- Hupso Share Buttons - https:\/\/www.hupso.com\/share\/ --><a class=\"hupso_counters\" href=\"https:\/\/www.hupso.com\/share\/\"><img decoding=\"async\" src=\"http:\/\/static.hupso.com\/share\/buttons\/lang\/es\/share-small.png\" style=\"border:0px; padding-top:2px; float:left;\" alt=\"Share Button\"\/><\/a><script type=\"text\/javascript\">var hupso_services_c=new Array(\"twitter\",\"facebook_like\",\"google\");var hupso_counters_lang = \"es_LA\";var hupso_image_folder_url = \"\";var hupso_twitter_via=\"crsyvrs\";var hupso_url_c=\"\";<\/script><script type=\"text\/javascript\" src=\"http:\/\/static.hupso.com\/share\/js\/counters.js\"><\/script><!-- Hupso Share Buttons --><\/div> ","protected":false},"excerpt":{"rendered":"<div style=\"padding-bottom:20px; padding-top:10px;\" class=\"hupso-share-buttons\"><!-- Hupso Share Buttons - https:\/\/www.hupso.com\/share\/ --><a class=\"hupso_counters\" href=\"https:\/\/www.hupso.com\/share\/\"><img src=\"http:\/\/static.hupso.com\/share\/buttons\/lang\/es\/share-small.png\" style=\"border:0px; padding-top:2px; float:left;\" alt=\"Share Button\"\/><\/a><script type=\"text\/javascript\">var hupso_services_c=new Array(\"twitter\",\"facebook_like\",\"google\");var hupso_counters_lang = \"es_LA\";var hupso_image_folder_url = \"\";var hupso_twitter_via=\"crsyvrs\";var hupso_url_c=\"\";<\/script><script type=\"text\/javascript\" src=\"http:\/\/static.hupso.com\/share\/js\/counters.js\"><\/script><!-- Hupso Share Buttons --><\/div><p>El veterano director estadounidense ofrecer\u00e1 una clase magistral de cine en la 69 edici\u00f3n de la cita cinematogr\u00e1fica francesa el 18 de mayo. El realizador estadounidense William Friedkin, el director de \u201cEl Exorcista\u201d, ser\u00e1 el invitado de honor para&#46;&#46;&#46;<\/p>\n<div style=\"padding-bottom:20px; padding-top:10px;\" class=\"hupso-share-buttons\"><!-- Hupso Share Buttons - https:\/\/www.hupso.com\/share\/ --><a class=\"hupso_counters\" href=\"https:\/\/www.hupso.com\/share\/\"><img src=\"http:\/\/static.hupso.com\/share\/buttons\/lang\/es\/share-small.png\" style=\"border:0px; padding-top:2px; float:left;\" alt=\"Share Button\"\/><\/a><script type=\"text\/javascript\">var hupso_services_c=new Array(\"twitter\",\"facebook_like\",\"google\");var hupso_counters_lang = \"es_LA\";var hupso_image_folder_url = \"\";var hupso_twitter_via=\"crsyvrs\";var hupso_url_c=\"\";<\/script><script type=\"text\/javascript\" src=\"http:\/\/static.hupso.com\/share\/js\/counters.js\"><\/script><!-- Hupso Share Buttons --><\/div>","protected":false},"author":5,"featured_media":0,"comment_status":"open","ping_status":"closed","sticky":false,"template":"","format":"standard","meta":{"footnotes":""},"categories":[4],"tags":[971,6111],"class_list":["post-9573","post","type-post","status-publish","format-standard","hentry","category-cine","tag-festival-de-cannes","tag-william-friedkin"],"_links":{"self":[{"href":"http:\/\/cronicasyversiones.com\/index.php?rest_route=\/wp\/v2\/posts\/9573","targetHints":{"allow":["GET"]}}],"collection":[{"href":"http:\/\/cronicasyversiones.com\/index.php?rest_route=\/wp\/v2\/posts"}],"about":[{"href":"http:\/\/cronicasyversiones.com\/index.php?rest_route=\/wp\/v2\/types\/post"}],"author":[{"embeddable":true,"href":"http:\/\/cronicasyversiones.com\/index.php?rest_route=\/wp\/v2\/users\/5"}],"replies":[{"embeddable":true,"href":"http:\/\/cronicasyversiones.com\/index.php?rest_route=%2Fwp%2Fv2%2Fcomments&post=9573"}],"version-history":[{"count":0,"href":"http:\/\/cronicasyversiones.com\/index.php?rest_route=\/wp\/v2\/posts\/9573\/revisions"}],"wp:attachment":[{"href":"http:\/\/cronicasyversiones.com\/index.php?rest_route=%2Fwp%2Fv2%2Fmedia&parent=9573"}],"wp:term":[{"taxonomy":"category","embeddable":true,"href":"http:\/\/cronicasyversiones.com\/index.php?rest_route=%2Fwp%2Fv2%2Fcategories&post=9573"},{"taxonomy":"post_tag","embeddable":true,"href":"http:\/\/cronicasyversiones.com\/index.php?rest_route=%2Fwp%2Fv2%2Ftags&post=9573"}],"curies":[{"name":"wp","href":"https:\/\/api.w.org\/{rel}","templated":true}]}}